{"id":6955,"date":"2022-09-30T20:09:42","date_gmt":"2022-09-30T19:09:42","guid":{"rendered":"https:\/\/tiberiades.org\/?p=6955"},"modified":"2022-09-30T20:09:42","modified_gmt":"2022-09-30T19:09:42","slug":"jorge-palma-algunos-poemas-de-papeles-invisibles-a-la-luz-de-la-luna-ganador-del-accesit-del-ix-premio-internacional-de-poesia-pilar-fernandez-labrador","status":"publish","type":"post","link":"https:\/\/tiberiades.org\/?p=6955","title":{"rendered":"Jorge Palma: Algunos poemas de \u2018Papeles invisibles a la luz de la luna\u2019, ganador del Acc\u00e9sit del IX Premio Internacional de Poes\u00eda Pilar Fern\u00e1ndez Labrador"},"content":{"rendered":"<p><em>Tiber\u00edades agradece a las entidades salmantinas que convocan este prestigioso premio, por permitirnos difundir algunos de los poemas in\u00e9ditos del libro del poeta uruguayo Jorge Palma, los cuales est\u00e1n en proceso de impresi\u00f3n. La pintura de cubierta es del notable pintor Miguel El\u00edas. Se presentar\u00e1 el 11 de octubre, en el marco del XXV Encuentro de Poetas Iberoamericanos. <\/em><\/p>\n<h3 style=\"padding-left: 40px;\">\nLOS SUBURBIOS DEL CIELO<\/h3>\n<p style=\"padding-left: 40px;\">En aquel tiempo, las estrellas<br \/>\ngiraban en mi cuarto<br \/>\nentre las 3 y 4 de la madrugada.<br \/>\nEra el cielo<br \/>\nun reloj infantil.<br \/>\nTodas las constelaciones<br \/>\nsal\u00edan de una grieta<br \/>\ny el aire se mov\u00eda.<br \/>\nSent\u00ed como nunca<br \/>\nel olor dulce de universo.<br \/>\nY por un instante,<br \/>\nla eternidad.<\/p>\n<h3 style=\"padding-left: 40px;\">\nTRAE MADRE ESAS TARDES DE BIZCOCHUELO<\/h3>\n<p style=\"padding-left: 40px;\">Trae madre esas tardes de bizcochuelo.<br \/>\nLas m\u00edas son de oto\u00f1o<br \/>\nentre el cumplea\u00f1os de la abuela<br \/>\ny mi noveno llanto.<\/p>\n<p style=\"padding-left: 40px;\">Era entonces el mundo<br \/>\nm\u00e1s silencioso que la casa<br \/>\ny la casa<br \/>\ntan grande como el mundo.<br \/>\nY el mundo lento<br \/>\ncomo los atardeceres en verano.<\/p>\n<p style=\"padding-left: 40px;\">\u00bfEl mundo era amable, madre?<br \/>\n\u00bfO tard\u00e1bamos demasiado en descubrirlo?<br \/>\nComo fuera, era un bello letargo,<br \/>\ny la gente se demoraba en las esquinas<br \/>\nse enamoraba dos veces en la misma noche<br \/>\ny amaba con la convicci\u00f3n<br \/>\nde haber encontrado un trozo de cielo<br \/>\nen el jard\u00edn de cada casa.<\/p>\n<p style=\"padding-left: 40px;\">\u00bfCandidez?<br \/>\nPuede ser.<br \/>\nAcaso menos exigente<br \/>\na la hora de vivir<br \/>\no m\u00e1s simple<br \/>\ny sin embargo,<br \/>\nla gente viv\u00eda dichosa<br \/>\ny no se preguntaba por qu\u00e9.<\/p>\n<p>&nbsp;<\/p>\n<p>&nbsp;<\/p>\n<figure id=\"attachment_6952\" aria-describedby=\"caption-attachment-6952\" style=\"width: 1794px\" class=\"wp-caption aligncenter\"><img loading=\"lazy\" decoding=\"async\" class=\"size-full wp-image-6952\" src=\"https:\/\/tiberiades.org\/wp-content\/uploads\/2022\/09\/2-Retrato-de-Jorge-Palma-realizado-por-Miguel-Elias-scaled.jpg\" alt=\"\" width=\"1794\" height=\"2560\" srcset=\"https:\/\/tiberiades.org\/wp-content\/uploads\/2022\/09\/2-Retrato-de-Jorge-Palma-realizado-por-Miguel-Elias-scaled.jpg 1794w, https:\/\/tiberiades.org\/wp-content\/uploads\/2022\/09\/2-Retrato-de-Jorge-Palma-realizado-por-Miguel-Elias-210x300.jpg 210w, https:\/\/tiberiades.org\/wp-content\/uploads\/2022\/09\/2-Retrato-de-Jorge-Palma-realizado-por-Miguel-Elias-718x1024.jpg 718w, https:\/\/tiberiades.org\/wp-content\/uploads\/2022\/09\/2-Retrato-de-Jorge-Palma-realizado-por-Miguel-Elias-768x1096.jpg 768w, https:\/\/tiberiades.org\/wp-content\/uploads\/2022\/09\/2-Retrato-de-Jorge-Palma-realizado-por-Miguel-Elias-1077x1536.jpg 1077w, https:\/\/tiberiades.org\/wp-content\/uploads\/2022\/09\/2-Retrato-de-Jorge-Palma-realizado-por-Miguel-Elias-1436x2048.jpg 1436w\" sizes=\"auto, (max-width: 1794px) 100vw, 1794px\" \/><figcaption id=\"caption-attachment-6952\" class=\"wp-caption-text\">Retrato de Jorge Palma, realizado por Miguel El\u00edas<\/figcaption><\/figure>\n<h3 style=\"padding-left: 40px;\">\nAMADOR<\/h3>\n<p style=\"padding-left: 40px;\">\u201cAmador:<br \/>\nconquista para ti aquella muchacha\u201d<br \/>\nle dec\u00edamos,<br \/>\nmientras ca\u00eda la tarde<br \/>\ny el r\u00edo<br \/>\nera la ceremonia<br \/>\nm\u00e1s grande del cielo.<\/p>\n<p style=\"padding-left: 40px;\">Eso era para nosotros la plenitud.<\/p>\n<h3 style=\"padding-left: 40px;\">\nDEMASIADO LEJOS DE LA NOCHE<\/h3>\n<p style=\"padding-left: 40px;\">Tus antepasados huyeron<br \/>\ndel complicado reino en 1492<br \/>\na punta de antorcha<br \/>\nantes que quemaran<br \/>\ntodos los p\u00e1jaros del cielo.<\/p>\n<p style=\"padding-left: 40px;\">El abanico es enorme<br \/>\ncomo la cola de un pavo real.<br \/>\n\u00bfEn cu\u00e1l brazo de la galaxia quedaron<br \/>\nlas semillas que tus abuelos lanzaron<br \/>\npor la ventana esa noche t\u00f3rrida y limpia,<br \/>\ncuando la vida parec\u00eda un vergel?<\/p>\n<p style=\"padding-left: 40px;\">Demasiado lejos de la noche estamos.<br \/>\n\u00bfDe qu\u00e9 sombra y \u00e1rbol o r\u00edo, proviene<br \/>\neste latido?<br \/>\nQuisiera saberlo, al menos, para guardar<br \/>\nen un relicario imaginario mi identidad.<br \/>\n\u00bfPero cu\u00e1l es nuestra identidad?<br \/>\n\u00bfLa que naci\u00f3 del barro en el Ed\u00e9n?<br \/>\n\u00bfLa del coraz\u00f3n del Africa profunda?<br \/>\n\u00bfLa del antes o despu\u00e9s del Arca?<br \/>\n\u00bfDe qu\u00e9 rama, gota de agua o de roc\u00edo, venimos?<\/p>\n<p style=\"padding-left: 40px;\">Tus antepasados, te dijeron,<br \/>\nhuyeron como pudieron en 1492,<br \/>\nde un reino que reinaba con una antorcha<br \/>\nen medio de las tinieblas.<\/p>\n<h3 style=\"padding-left: 40px;\">\nBARCOS<\/h3>\n<p style=\"padding-left: 40px;\">\u00a1Mira, amigo, c\u00f3mo suena la sirena de este barco!<br \/>\nAunque deber\u00eda decir: \u201cEscucha, amigo\u201d.<br \/>\nPero en todo caso<br \/>\ncon el pecho apretado<br \/>\nla l\u00e1grima al borde<br \/>\ntendr\u00eda que decir:<br \/>\n\u201c\u00a1Mira, amigo, mira c\u00f3mo se va el coraz\u00f3n<br \/>\nde nuestra amada infancia<br \/>\npor ese cielo infinito!\u201d.<\/p>\n<p style=\"padding-left: 40px;\">\n<h3 style=\"padding-left: 40px;\">EL AIRE TIENE PRISA<\/h3>\n<p style=\"padding-left: 40px;\">El aire tiene prisa<br \/>\npero nosotros queremos quedarnos<br \/>\nun poco m\u00e1s.<br \/>\nLa tarde es tibia a\u00fan<br \/>\ny amable, redonda todav\u00eda<br \/>\nhasta con los que llegan<br \/>\ndemorados por el amor<br \/>\na la playa llena de sue\u00f1os.<br \/>\nEl aire tiene prisa<br \/>\npero nosotros queremos quedarnos<br \/>\nun poco m\u00e1s,<br \/>\ny volver apenas entrada la noche<br \/>\nabrazados a los amigos<br \/>\ncomo si nunca nos fu\u00e9ramos a separar.<\/p>\n<p>&nbsp;<\/p>\n<figure id=\"attachment_6953\" aria-describedby=\"caption-attachment-6953\" style=\"width: 478px\" class=\"wp-caption aligncenter\"><img loading=\"lazy\" decoding=\"async\" class=\"size-full wp-image-6953\" src=\"https:\/\/tiberiades.org\/wp-content\/uploads\/2022\/09\/3-Pintura-de-Miguel-Elias.jpg\" alt=\"\" width=\"478\" height=\"618\" srcset=\"https:\/\/tiberiades.org\/wp-content\/uploads\/2022\/09\/3-Pintura-de-Miguel-Elias.jpg 478w, https:\/\/tiberiades.org\/wp-content\/uploads\/2022\/09\/3-Pintura-de-Miguel-Elias-232x300.jpg 232w\" sizes=\"auto, (max-width: 478px) 100vw, 478px\" \/><figcaption id=\"caption-attachment-6953\" class=\"wp-caption-text\">Pintura de Miguel El\u00edas<\/figcaption><\/figure>\n<h3 style=\"padding-left: 40px;\">PATRIA<\/h3>\n<p style=\"padding-left: 40px;\">Yo miraba ese cielo inmenso<br \/>\nd\u00e1ndole la espalda al ruido que nos distra\u00eda<br \/>\ny mis amigos, acalorados, zurc\u00edan el mundo,<br \/>\ndaban vuelta de un lado al otro Hiroshima,<br \/>\nla guerra de Corea,<br \/>\ny era verdad<br \/>\ny yo sent\u00eda ese luto mayor.<br \/>\nPero por sobre mi peque\u00f1a estatura<br \/>\nel inmenso cielo me hablaba.<br \/>\nEllos dec\u00edan Patria<br \/>\ny yo dec\u00eda Cielo.<br \/>\nY ellos hablaban del lenguaje<br \/>\ny las fronteras<br \/>\ny yo ve\u00eda moverse la cruz del Sur, apenas,<br \/>\ny sent\u00eda el cielo en todo mi cuerpo<br \/>\ny yo sent\u00eda que el cielo<br \/>\nera mi Patria<br \/>\ny que en mis huesos<br \/>\nard\u00eda Hiroshima, Vietnam,<br \/>\ny segu\u00eda desembarcando sobre mis genitales<br \/>\ntoda la playa de Normand\u00eda.<br \/>\nPero no pod\u00eda dejar de mirar mi cielo,<br \/>\nesto que digo la Patria,<br \/>\ndonde la cruz del Sur me se\u00f1ala<br \/>\nd\u00f3nde tengo el coraz\u00f3n,<br \/>\nde qu\u00e9 lado del cielo.<\/p>\n<p>&nbsp;<\/p>\n<h3 style=\"padding-left: 40px;\">VOLVERSE NI\u00d1OS<\/h3>\n<p style=\"padding-left: 40px;\">Entonces volv\u00edamos a ser ni\u00f1os en cada verano<br \/>\nno s\u00f3lo en las tardes t\u00f3rridas<br \/>\ncuando el calor era tan grande<br \/>\nque parec\u00eda que todo se deten\u00eda.<br \/>\nEse era, para m\u00ed, el momento cumbre,<br \/>\nporque entonces sab\u00eda<br \/>\nfuera de cualquier calendario<br \/>\nque el verano, ancho y luminoso,<br \/>\nse acababa de instalar en la ciudad.<br \/>\nAunque no se moviera una hoja de \u00e1rbol,<br \/>\ny nuestros corazones parec\u00edan detenerse.<br \/>\nNos mir\u00e1bamos, claro, con toda la inocencia<br \/>\ny el tiempo del mundo en nuestra piel,<br \/>\ndescalzos en la arena que ard\u00eda<br \/>\ncomo ard\u00eda el cielo<br \/>\nel aire y todo lo que nos esperaba<br \/>\nlo que ven\u00eda despu\u00e9s<br \/>\nporque el d\u00eda era interminable<br \/>\ny todav\u00eda faltaban<br \/>\nlas noches<br \/>\nlas muchachas<br \/>\ny las estrellas que nos esperaban<br \/>\nsiempre.<\/p>\n<figure id=\"attachment_6954\" aria-describedby=\"caption-attachment-6954\" style=\"width: 1256px\" class=\"wp-caption aligncenter\"><img loading=\"lazy\" decoding=\"async\" class=\"size-full wp-image-6954\" src=\"https:\/\/tiberiades.org\/wp-content\/uploads\/2022\/09\/4-Poeta-de-Miguel-Elias.jpg\" alt=\"\" width=\"1256\" height=\"1784\" srcset=\"https:\/\/tiberiades.org\/wp-content\/uploads\/2022\/09\/4-Poeta-de-Miguel-Elias.jpg 1256w, https:\/\/tiberiades.org\/wp-content\/uploads\/2022\/09\/4-Poeta-de-Miguel-Elias-211x300.jpg 211w, https:\/\/tiberiades.org\/wp-content\/uploads\/2022\/09\/4-Poeta-de-Miguel-Elias-721x1024.jpg 721w, https:\/\/tiberiades.org\/wp-content\/uploads\/2022\/09\/4-Poeta-de-Miguel-Elias-768x1091.jpg 768w, https:\/\/tiberiades.org\/wp-content\/uploads\/2022\/09\/4-Poeta-de-Miguel-Elias-1081x1536.jpg 1081w\" sizes=\"auto, (max-width: 1256px) 100vw, 1256px\" \/><figcaption id=\"caption-attachment-6954\" class=\"wp-caption-text\">Poeta, de Miguel El\u00edas<\/figcaption><\/figure>\n<p>&nbsp;<\/p>\n<p>&nbsp;<\/p>\n","protected":false},"excerpt":{"rendered":"<p>Tiber\u00edades agradece a las entidades salmantinas que convocan este prestigioso premio, por permitirnos difundir algunos de los poemas in\u00e9ditos del libro del poeta uruguayo Jorge Palma, los cuales est\u00e1n en proceso de impresi\u00f3n. La pintura de cubierta es del notable pintor Miguel El\u00edas. Se presentar\u00e1 el 11 de octubre, en el marco del XXV Encuentro de Poetas Iberoamericanos. LOS SUBURBIOS [&hellip;]<\/p>\n","protected":false},"author":2,"featured_media":6951,"comment_status":"open","ping_status":"closed","sticky":false,"template":"","format":"standard","meta":{"footnotes":""},"categories":[72],"tags":[422,587,160],"class_list":["post-6955","post","type-post","status-publish","format-standard","has-post-thumbnail","hentry","category-jorge-palma","tag-encuentro-de-poetas-iberoamericanos","tag-jorge-palma","tag-premio-pilar-fernandez-labrador"],"_links":{"self":[{"href":"https:\/\/tiberiades.org\/index.php?rest_route=\/wp\/v2\/posts\/6955","targetHints":{"allow":["GET"]}}],"collection":[{"href":"https:\/\/tiberiades.org\/index.php?rest_route=\/wp\/v2\/posts"}],"about":[{"href":"https:\/\/tiberiades.org\/index.php?rest_route=\/wp\/v2\/types\/post"}],"author":[{"embeddable":true,"href":"https:\/\/tiberiades.org\/index.php?rest_route=\/wp\/v2\/users\/2"}],"replies":[{"embeddable":true,"href":"https:\/\/tiberiades.org\/index.php?rest_route=%2Fwp%2Fv2%2Fcomments&post=6955"}],"version-history":[{"count":1,"href":"https:\/\/tiberiades.org\/index.php?rest_route=\/wp\/v2\/posts\/6955\/revisions"}],"predecessor-version":[{"id":6956,"href":"https:\/\/tiberiades.org\/index.php?rest_route=\/wp\/v2\/posts\/6955\/revisions\/6956"}],"wp:featuredmedia":[{"embeddable":true,"href":"https:\/\/tiberiades.org\/index.php?rest_route=\/wp\/v2\/media\/6951"}],"wp:attachment":[{"href":"https:\/\/tiberiades.org\/index.php?rest_route=%2Fwp%2Fv2%2Fmedia&parent=6955"}],"wp:term":[{"taxonomy":"category","embeddable":true,"href":"https:\/\/tiberiades.org\/index.php?rest_route=%2Fwp%2Fv2%2Fcategories&post=6955"},{"taxonomy":"post_tag","embeddable":true,"href":"https:\/\/tiberiades.org\/index.php?rest_route=%2Fwp%2Fv2%2Ftags&post=6955"}],"curies":[{"name":"wp","href":"https:\/\/api.w.org\/{rel}","templated":true}]}}