{"id":6963,"date":"2022-10-01T17:58:36","date_gmt":"2022-10-01T16:58:36","guid":{"rendered":"https:\/\/tiberiades.org\/?p=6963"},"modified":"2022-10-01T17:59:49","modified_gmt":"2022-10-01T16:59:49","slug":"elena-diaz-santana-testimonio-de-ti-y-otros-poemas-del-libro-ao-calor-da-tuas-maos-traducido-por-leocadia-regalo","status":"publish","type":"post","link":"https:\/\/tiberiades.org\/?p=6963","title":{"rendered":"Elena D\u00edaz Santana: \u2018Testimonio de ti\u2019 y otros poemas del libro \u2018Ao calor da tuas m\u00e3os\u2019, traducido por Leoc\u00e1dia Regalo"},"content":{"rendered":"<p><em>Tiber\u00edades agradece a Joao Artur Pinto, editor de Labirinto por permitirnos ofrecer en primicia algunos de los poemas del libro \u2018Al calor de tus manos\u2019, de la poeta canaria-salmantina Elena D\u00edaz Santana, el cual acaba de ser publicado en Portugal, en edici\u00f3n biling\u00fce, con traducci\u00f3n de la poeta Leoc\u00e1dia Regalo. Este libro ser\u00e1 presentado durante el XXV Encuentro de Poetas Iberoamericanos de Salamanca. Ser\u00e1 en la Sala de la Palabra, el d\u00eda 13 de octubre.<\/em><\/p>\n<h3 style=\"padding-left: 40px;\"><strong>Testimonio de ti<\/strong><\/h3>\n<p style=\"text-align: right;\"><em>Quien se empe\u00f1e en salvar la vida la perder\u00e1,<br \/>\nquien pierda la vida por m\u00ed la alcanzar\u00e1.<br \/>\n<\/em>Mt 16, 25<\/p>\n<p style=\"padding-left: 40px;\">Los cristianos<br \/>\nhacemos nuestro el signo de la Cruz,<br \/>\ndesde el primer instante de vida,<br \/>\nhasta el \u00faltimo soplo del ser.<br \/>\nEs el s\u00edmbolo cotidiano<br \/>\nque nos acompa\u00f1a<br \/>\ny da fuerzas para seguirte,<br \/>\nt\u00fa nos creces ante quienes nos persiguen<br \/>\n\u2014como a los primeros disc\u00edpulos\u2014,<br \/>\no ante los que profanan tu templo.<br \/>\nNo saben que de ti proviene<br \/>\nnuestra fuerza toda,<br \/>\nque acall\u00e1ndonos,<br \/>\nno derriban el muro indestructible<br \/>\nde nuestro sentir,<br \/>\nsustentado en la certeza<br \/>\nde que, si con vida vives en nosotros,<br \/>\nsi muertos, vivimos en ti.<br \/>\nCuanto m\u00e1s peque\u00f1os nos hacen,<br \/>\nm\u00e1s grandes nos volvemos a tus ojos.<br \/>\nLa ignominia hoy,<br \/>\nsigue expandiendo el odio, la sed de sangre,<br \/>\nde los nuestros.<br \/>\nComo lobos atacan a quienes no comprenden,<br \/>\ny te temen, Se\u00f1or,<br \/>\nnos temen,<br \/>\nporque adoramos al hombre sin cetro<br \/>\nque no viste ropajes de rey,<br \/>\npacificador sin m\u00e1s armas que<br \/>\nel mensaje de amor y perd\u00f3n,<br \/>\nque nos torna confiados en la adversidad:<br \/>\n\u201cquien pierda la vida por m\u00ed la alcanzar\u00e1\u201d,<br \/>\ncomo certeza y eco que nos gu\u00eda.<br \/>\nValientes en el testimonio,<br \/>\npor ser tus seguidores,<br \/>\nnos reunimos a leer tu palabra,<br \/>\ndispuestos a perder la vida por ti, Se\u00f1or,<br \/>\npara alcanzar la vida,<br \/>\ny pende con orgullo de nuestro pecho,<br \/>\nel signo ante el que nunca<br \/>\nnos hallamos derrotados ni vencidos.<\/p>\n<h3 style=\"padding-left: 40px;\"><strong><br \/>\nTestemunho de ti<\/strong><\/h3>\n<p style=\"text-align: right;\"><em>Quem quiser salvar a sua vida, vai perd\u00ea-la; mas, quem<br \/>\nperde a sua vida por causa de mim, encontr\u00e1-la-\u00e1.<br \/>\n<\/em>Mateus, 16,25<\/p>\n<p style=\"padding-left: 40px;\">Como crist\u00e3os<br \/>\nfazemos o sinal da Cruz,<br \/>\ndesde o primeiro instante de vida<br \/>\nat\u00e9 ao \u00faltimo suspiro.<br \/>\n\u00c9 o s\u00edmbolo quotidiano<br \/>\nque nos acompanha<br \/>\ne d\u00e1 for\u00e7a para seguir-te,<br \/>\nd\u00e1s-nos for\u00e7as perante os que nos perseguem<br \/>\n\u2014como aos primeiros disc\u00edpulos\u2014,<br \/>\nou perante os que profanam o teu templo.<br \/>\nEles n\u00e3o sabem que de ti prov\u00e9m<br \/>\ntoda a nossa for\u00e7a,<br \/>\nque acalmando-nos<br \/>\nn\u00e3o derrubam o muro indestrut\u00edvel<br \/>\ndo nosso sentir,<br \/>\nsustentado na certeza<br \/>\nde que, se com vida vives em n\u00f3s,<br \/>\nmortos, vivemos em ti.<br \/>\nQuanto mais pequenos nos fazem,<br \/>\nmaiores nos tornamos aos teus olhos.<br \/>\nHoje a ignom\u00ednia<br \/>\ncontinua a expandir o \u00f3dio, a sede de sangue<br \/>\ndos nossos.<br \/>\nComo lobos atacam os que n\u00e3o compreendem,<br \/>\ne temem-te, Senhor,<br \/>\ntemem-nos,<br \/>\nporque adoramos o homem sem ceptro<br \/>\nque n\u00e3o usa vestes de rei,<br \/>\npac\u00edfista sem outras armas<br \/>\na n\u00e3o ser a mensagem de amor e perd\u00e3o,<br \/>\nque nos d\u00e1 confian\u00e7a na adversidade:<br \/>\n\u00abquem perde a sua vida por causa de Mim, encontr\u00e1-la-\u00e1\u00bb,<br \/>\ncomo certeza e eco que nos guia.<br \/>\nCorajosos no testemunho,<br \/>\npor sermos teus seguidores,<br \/>\nreunimo-nos para ler a tua palavra,<br \/>\ndispostos a perder a vida por ti, Senhor,<br \/>\npara encontrar a vida,<br \/>\ne pende do nosso peito com orgulho<br \/>\no signo perante o qual nunca<br \/>\nnos encontramos derrotados nem vencidos.<\/p>\n<figure id=\"attachment_6957\" aria-describedby=\"caption-attachment-6957\" style=\"width: 1600px\" class=\"wp-caption aligncenter\"><img loading=\"lazy\" decoding=\"async\" class=\"size-full wp-image-6957\" src=\"https:\/\/tiberiades.org\/wp-content\/uploads\/2022\/10\/2-Antonio-Salvado-Elena-Diaz-Santana-y-Elena-Liliana-Popescu-foto-de-Jacqueline-Alencar.jpg\" alt=\"\" width=\"1600\" height=\"1116\" srcset=\"https:\/\/tiberiades.org\/wp-content\/uploads\/2022\/10\/2-Antonio-Salvado-Elena-Diaz-Santana-y-Elena-Liliana-Popescu-foto-de-Jacqueline-Alencar.jpg 1600w, https:\/\/tiberiades.org\/wp-content\/uploads\/2022\/10\/2-Antonio-Salvado-Elena-Diaz-Santana-y-Elena-Liliana-Popescu-foto-de-Jacqueline-Alencar-300x209.jpg 300w, https:\/\/tiberiades.org\/wp-content\/uploads\/2022\/10\/2-Antonio-Salvado-Elena-Diaz-Santana-y-Elena-Liliana-Popescu-foto-de-Jacqueline-Alencar-1024x714.jpg 1024w, https:\/\/tiberiades.org\/wp-content\/uploads\/2022\/10\/2-Antonio-Salvado-Elena-Diaz-Santana-y-Elena-Liliana-Popescu-foto-de-Jacqueline-Alencar-768x536.jpg 768w, https:\/\/tiberiades.org\/wp-content\/uploads\/2022\/10\/2-Antonio-Salvado-Elena-Diaz-Santana-y-Elena-Liliana-Popescu-foto-de-Jacqueline-Alencar-1536x1071.jpg 1536w\" sizes=\"auto, (max-width: 1600px) 100vw, 1600px\" \/><figcaption id=\"caption-attachment-6957\" class=\"wp-caption-text\">Ant\u00f3nio Salvado, Elena D\u00edaz Santana y Elena Liliana Popescu (foto de Jacqueline Alencar)<\/figcaption><\/figure>\n<h3 style=\"padding-left: 40px;\"><strong>En este ahora<\/strong><\/h3>\n<p style=\"padding-left: 40px;\">Se\u00f1or,<br \/>\nme presento ante ti<br \/>\npara echar a volar<br \/>\nlos versos que nacieron<br \/>\nde mi sentir m\u00e1s profundo.<br \/>\nHe dejado mi alma a la intemperie<br \/>\npara honrarte,<br \/>\ny que fueras t\u00fa,<br \/>\nmi inspiraci\u00f3n, mi luz, mi gu\u00eda<br \/>\ny tu voz,<br \/>\nla \u00fanica m\u00fasica<br \/>\nque poblara el ansiado silencio.<br \/>\nQuiero darte mi mano<br \/>\nen este ahora,<br \/>\nen que duele tanto contemplarte,<br \/>\napresar lo que mana de ti<br \/>\npara que no olvide<br \/>\neste acto de amor mi coraz\u00f3n.<br \/>\nMe he aferrado al calor de tus manos,<br \/>\npara recorrer juntos el camino;<br \/>\npaso a paso,<br \/>\nhas avivado la llama<br \/>\nque en mi interior dorm\u00eda,<br \/>\npensando en ti,<br \/>\nsintiendo en ti,<br \/>\nmuriendo contigo<br \/>\ny resucitando en tu luz<br \/>\na la luz de la esperanza.<\/p>\n<h3 style=\"padding-left: 40px;\"><strong><br \/>\nNeste momento<\/strong><\/h3>\n<p style=\"padding-left: 40px;\">Senhor,<br \/>\nestou perante ti<br \/>\npara deitar a voar<br \/>\nos versos que nasceram<br \/>\ndo meu sentir mais profundo.<br \/>\nDeixei a minha alma \u00e0 intemp\u00e9rie<br \/>\npara te venerar,<br \/>\ne que sejas tu<br \/>\na minha inspira\u00e7\u00e3o, a minha luz, o meu guia,<br \/>\ne a tua voz<br \/>\na \u00fanica m\u00fasica<br \/>\nque habite o ansiado sil\u00eancio.<br \/>\nQuero dar-te a m\u00e3o<br \/>\nneste momento<br \/>\nem que d\u00f3i tanto contemplar-te<br \/>\napreender o que emana de ti<br \/>\npara que n\u00e3o esque\u00e7a<br \/>\neste acto de amor meu cora\u00e7\u00e3o.<br \/>\nEntreguei-me ao calor das tuas m\u00e3os,<br \/>\npara fazermos juntos o caminho;<br \/>\npasso a passo,<br \/>\navivaste a chama<br \/>\nque no meu \u00edntimo dormia,<br \/>\npensando em ti,<br \/>\nsentindo em ti,<br \/>\nmorrendo contigo<br \/>\ne ressuscitando na tua luz<br \/>\n\u00e0 luz da esperan\u00e7a.<\/p>\n<figure id=\"attachment_6958\" aria-describedby=\"caption-attachment-6958\" style=\"width: 1600px\" class=\"wp-caption aligncenter\"><img loading=\"lazy\" decoding=\"async\" class=\"size-full wp-image-6958\" src=\"https:\/\/tiberiades.org\/wp-content\/uploads\/2022\/10\/3-Elena-Diaz-Santana-con-Santiago-Trancon-Alencart-Jacqueline-Alencar-Fernandez-Labrador-Frayle-Matitiahu-y-Colinas-foto-de-Jose-Amador-Martin.jpg\" alt=\"\" width=\"1600\" height=\"1114\" srcset=\"https:\/\/tiberiades.org\/wp-content\/uploads\/2022\/10\/3-Elena-Diaz-Santana-con-Santiago-Trancon-Alencart-Jacqueline-Alencar-Fernandez-Labrador-Frayle-Matitiahu-y-Colinas-foto-de-Jose-Amador-Martin.jpg 1600w, https:\/\/tiberiades.org\/wp-content\/uploads\/2022\/10\/3-Elena-Diaz-Santana-con-Santiago-Trancon-Alencart-Jacqueline-Alencar-Fernandez-Labrador-Frayle-Matitiahu-y-Colinas-foto-de-Jose-Amador-Martin-300x209.jpg 300w, https:\/\/tiberiades.org\/wp-content\/uploads\/2022\/10\/3-Elena-Diaz-Santana-con-Santiago-Trancon-Alencart-Jacqueline-Alencar-Fernandez-Labrador-Frayle-Matitiahu-y-Colinas-foto-de-Jose-Amador-Martin-1024x713.jpg 1024w, https:\/\/tiberiades.org\/wp-content\/uploads\/2022\/10\/3-Elena-Diaz-Santana-con-Santiago-Trancon-Alencart-Jacqueline-Alencar-Fernandez-Labrador-Frayle-Matitiahu-y-Colinas-foto-de-Jose-Amador-Martin-768x535.jpg 768w, https:\/\/tiberiades.org\/wp-content\/uploads\/2022\/10\/3-Elena-Diaz-Santana-con-Santiago-Trancon-Alencart-Jacqueline-Alencar-Fernandez-Labrador-Frayle-Matitiahu-y-Colinas-foto-de-Jose-Amador-Martin-1536x1069.jpg 1536w\" sizes=\"auto, (max-width: 1600px) 100vw, 1600px\" \/><figcaption id=\"caption-attachment-6958\" class=\"wp-caption-text\">Elena D\u00edaz Santana con Santiago Tranc\u00f3n, Alencart, Jacqueline Alencar, Fern\u00e1ndez Labrador, Frayle, Matitiahu y Colinas (foto de Jos\u00e9 Amador Mart\u00edn)<\/figcaption><\/figure>\n<h3 style=\"text-align: left; padding-left: 40px;\"><strong>El hermano en ti<br \/>\n<\/strong><\/h3>\n<p style=\"text-align: right;\"><em>Realmente este hombre era inocente.<br \/>\n<\/em>Lc 23, 47<\/p>\n<p style=\"padding-left: 40px;\">C\u00f3mo quisiera, Se\u00f1or,<br \/>\nque este momento de sufrimiento fuera,<br \/>\ndesandar este calvario.<br \/>\nNo m\u00e1s maderos para escarnio de inocentes,<br \/>\nno al temor de los clavos y las lanzas,<br \/>\nno m\u00e1s sangre brotando<br \/>\nde las manos y los pies de un justo<br \/>\no de su costado,<br \/>\nni m\u00e1s tallos de espinas,<br \/>\npara coronar cabezas<br \/>\nque solo mueve al amor.<br \/>\nNo m\u00e1s tu cuerpo humillado<br \/>\npor jaur\u00eda sedienta de venganza.<br \/>\nC\u00f3mo quisiera<br \/>\nque no tuvieras que morir, otra pascua,<br \/>\nante nuestros ojos,<br \/>\nporque este momento de agon\u00eda,<br \/>\nya lo hemos vivido y lo conocemos.<br \/>\nEn tu condici\u00f3n humana,<br \/>\nel sufrimiento te iguala al del hombre.<br \/>\nC\u00f3mo aliviar el padecimiento<br \/>\ndel hermano en ti,<br \/>\nser como Sim\u00f3n de Cirene<br \/>\ny compartir contigo el peso del madero,<br \/>\ndesnudo de ramas y p\u00e1jaros,<br \/>\ndonde vuelva la vida silenciada,<br \/>\nal \u00e1rbol donde ya no crecen frutos,<br \/>\nni la primavera acampa.<\/p>\n<h3 style=\"padding-left: 40px;\"><strong>O irm\u00e3o em ti<\/strong><\/h3>\n<p style=\"text-align: right;\"><em>De facto este homem era justo.<br \/>\n<\/em>Lucas 23, 47<\/p>\n<p style=\"padding-left: 40px;\">Como desejava, Senhor,<br \/>\nque este momento de sofrimento pudesse<br \/>\ndesfazer este calv\u00e1rio.<br \/>\nN\u00e3o mais madeiros para esc\u00e1rnio de inocentes,<br \/>\nn\u00e3o ao temor dos cravos e das lan\u00e7as,<br \/>\nn\u00e3o mais sangue derramado<br \/>\ndas m\u00e3os e dos p\u00e9s dum justo<br \/>\nou do seu flanco<br \/>\nnem mais ramos com espinhos<br \/>\npara coroar cabe\u00e7as<br \/>\nque s\u00f3 o amor incitou.<br \/>\nN\u00e3o mais o teu corpo humilhado<br \/>\npor matilha sedenta de vingan\u00e7a.<br \/>\nComo desejava<br \/>\nque n\u00e3o tivesses de morrer, em cada P\u00e1scoa,<br \/>\nperante os nossos olhos,<br \/>\nporque este momento de agonia<br \/>\nj\u00e1 o vivemos e conhecemos.<br \/>\nNa tua condi\u00e7\u00e3o humana,<br \/>\no sofrimento iguala-te ao homem.<br \/>\nComo aliviar o padecer<br \/>\ndo irm\u00e3o em ti,<br \/>\nser como Sim\u00e3o Cireneu<br \/>\ne dividir contigo o peso do madeiro,<br \/>\nnu de ramos e p\u00e1ssaros,<br \/>\npara que regresse a vida silenciosa<br \/>\n\u00e0 \u00e1rvore onde j\u00e1 n\u00e3o crescem frutos<br \/>\nnem a Primavera chega.<\/p>\n<figure id=\"attachment_6960\" aria-describedby=\"caption-attachment-6960\" style=\"width: 1600px\" class=\"wp-caption aligncenter\"><img loading=\"lazy\" decoding=\"async\" class=\"size-full wp-image-6960\" src=\"https:\/\/tiberiades.org\/wp-content\/uploads\/2022\/10\/4-Los-poetas-Rodriguez-Diaz-Santana-Colinas-Perez-Lopez-Velasco-y-Alencar-Sala-de-la-Palabra-foto-de-Jacqueline-Alencar.jpg\" alt=\"\" width=\"1600\" height=\"919\" srcset=\"https:\/\/tiberiades.org\/wp-content\/uploads\/2022\/10\/4-Los-poetas-Rodriguez-Diaz-Santana-Colinas-Perez-Lopez-Velasco-y-Alencar-Sala-de-la-Palabra-foto-de-Jacqueline-Alencar.jpg 1600w, https:\/\/tiberiades.org\/wp-content\/uploads\/2022\/10\/4-Los-poetas-Rodriguez-Diaz-Santana-Colinas-Perez-Lopez-Velasco-y-Alencar-Sala-de-la-Palabra-foto-de-Jacqueline-Alencar-300x172.jpg 300w, https:\/\/tiberiades.org\/wp-content\/uploads\/2022\/10\/4-Los-poetas-Rodriguez-Diaz-Santana-Colinas-Perez-Lopez-Velasco-y-Alencar-Sala-de-la-Palabra-foto-de-Jacqueline-Alencar-1024x588.jpg 1024w, https:\/\/tiberiades.org\/wp-content\/uploads\/2022\/10\/4-Los-poetas-Rodriguez-Diaz-Santana-Colinas-Perez-Lopez-Velasco-y-Alencar-Sala-de-la-Palabra-foto-de-Jacqueline-Alencar-768x441.jpg 768w, https:\/\/tiberiades.org\/wp-content\/uploads\/2022\/10\/4-Los-poetas-Rodriguez-Diaz-Santana-Colinas-Perez-Lopez-Velasco-y-Alencar-Sala-de-la-Palabra-foto-de-Jacqueline-Alencar-1536x882.jpg 1536w\" sizes=\"auto, (max-width: 1600px) 100vw, 1600px\" \/><figcaption id=\"caption-attachment-6960\" class=\"wp-caption-text\">Los poetas Rodr\u00edguez, D\u00edaz Santana, Colinas, P\u00e9rez L\u00f3pez, Velasco y Alencar (Sala de la Palabra, foto de Jacqueline Alencar)<\/figcaption><\/figure>\n<h3 style=\"padding-left: 40px;\"><strong>Trigo tu cuerpo<\/strong><\/h3>\n<p style=\"text-align: right;\"><em>Mientras estaban comiendo, tom\u00f3 Jes\u00fas pan y,<br \/>\npronunciando la bendici\u00f3n, lo parti\u00f3 y d\u00e1ndoselo<br \/>\na sus disc\u00edpulos dijo: \u201cTomad y comed, este es mi cuerpo\u201d.<br \/>\n<\/em>Mt 26, 26-29<\/p>\n<p style=\"padding-left: 40px;\">En la inmensidad sagrada de estos campos,<br \/>\nnecesito so\u00f1arte, Se\u00f1or.<br \/>\nBajo el a\u00f1il del cielo,<br \/>\ndonde pacen las enjalbegadas nubes,<br \/>\ncrece el trigal,<br \/>\nen el que, al ritmo lento de las estaciones,<br \/>\nse esponjan las espigas.<br \/>\nDanos de comer,<br \/>\ndel pan candeal de tu palabra y tu consuelo,<br \/>\ndanos de beber,<br \/>\nya ha madurado la uva<br \/>\nen la vid frondosa<br \/>\ny sacia nuestra sed,<br \/>\ncon el vino de tu sangre<br \/>\no con el agua salv\u00edfica,<br \/>\nque, junto al pozo,<br \/>\nprometiste a la mujer de Samar\u00eda.<br \/>\nQue no nos falte el oro de estos campos,<br \/>\ntu cuerpo-hogaza colmando,<br \/>\nnuestra alacena vac\u00eda.<br \/>\nArropada,<br \/>\npor la calidez cereal que<br \/>\na esta ciudad circunda y abraza,<br \/>\neres t\u00fa, el \u00fanico alimento, Se\u00f1or.<\/p>\n<h3 style=\"padding-left: 40px;\"><strong>Trigo \u00e9 o teu corpo<\/strong><\/h3>\n<p style=\"text-align: right;\"><em>Enquanto comiam, Jesus tomou o p\u00e3o e,<br \/>\ntendo pronunciado a b\u00ean\u00e7\u00e3o , partiu-o, distribuindo-o<br \/>\naos disc\u00edpulos e disse \u201cTomai e comei, isto \u00e9 o meu corpo\u201d.<br \/>\n<\/em>Mateus 26, 26-29<\/p>\n<p style=\"padding-left: 40px;\">Na vastid\u00e3o sagrada destes campos,<br \/>\npreciso sonhar contigo, Senhor,<br \/>\nSob um c\u00e9u de anil<br \/>\nonde pastam as n\u00edveas nuvens,<br \/>\ncresce a seara,<br \/>\nonde, ao ritmo lento das esta\u00e7\u00f5es,<br \/>\nse enchem as espigas.<br \/>\nD\u00e1-nos o alimento,<br \/>\ndo melhor trigo da tua palavra e do teu consolo,<br \/>\nd\u00e1-nos de beber,<br \/>\npois j\u00e1 amadureceram as uvas<br \/>\nna vide frondosa,<br \/>\ne sacia a nossa sede<br \/>\ncom o vinho do teu sangue<br \/>\nou com a \u00e1gua salv\u00edfica<br \/>\nque, junto ao po\u00e7o,<br \/>\nprometeste \u00e0 mulher de Samaria.<br \/>\nQue n\u00e3o nos falte o ouro destes campos,<br \/>\nenchendo o teu corpo-p\u00e3o<br \/>\na nossa despensa vazia.<br \/>\nProtegida<br \/>\npelo calor da seara que<br \/>\ncircunda e abra\u00e7a esta cidade,<br \/>\n\u00e9s tu o \u00fanico alimento, Senhor.<\/p>\n<figure id=\"attachment_6961\" aria-describedby=\"caption-attachment-6961\" style=\"width: 768px\" class=\"wp-caption aligncenter\"><img loading=\"lazy\" decoding=\"async\" class=\"size-full wp-image-6961\" src=\"https:\/\/tiberiades.org\/wp-content\/uploads\/2022\/10\/5-La-poeta-Elena-Diaz-Santana-foto-de-MGala.jpg\" alt=\"\" width=\"768\" height=\"393\" srcset=\"https:\/\/tiberiades.org\/wp-content\/uploads\/2022\/10\/5-La-poeta-Elena-Diaz-Santana-foto-de-MGala.jpg 768w, https:\/\/tiberiades.org\/wp-content\/uploads\/2022\/10\/5-La-poeta-Elena-Diaz-Santana-foto-de-MGala-300x154.jpg 300w\" sizes=\"auto, (max-width: 768px) 100vw, 768px\" \/><figcaption id=\"caption-attachment-6961\" class=\"wp-caption-text\">La poeta Elena D\u00edaz Santana (foto de M. Gala)<\/figcaption><\/figure>\n","protected":false},"excerpt":{"rendered":"<p>Tiber\u00edades agradece a Joao Artur Pinto, editor de Labirinto por permitirnos ofrecer en primicia algunos de los poemas del libro \u2018Al calor de tus manos\u2019, de la poeta canaria-salmantina Elena D\u00edaz Santana, el cual acaba de ser publicado en Portugal, en edici\u00f3n biling\u00fce, con traducci\u00f3n de la poeta Leoc\u00e1dia Regalo. Este libro ser\u00e1 presentado durante el XXV Encuentro de Poetas [&hellip;]<\/p>\n","protected":false},"author":2,"featured_media":6962,"comment_status":"open","ping_status":"closed","sticky":false,"template":"","format":"standard","meta":{"footnotes":""},"categories":[19],"tags":[633,634,389,635],"class_list":["post-6963","post","type-post","status-publish","format-standard","has-post-thumbnail","hentry","category-poemas-de","tag-elena-diaz-santana","tag-joao-artur-pinto","tag-leocadia-regalo","tag-xxv-encuentro-de-poetas-iberoamericanos-de-salamanca"],"_links":{"self":[{"href":"https:\/\/tiberiades.org\/index.php?rest_route=\/wp\/v2\/posts\/6963","targetHints":{"allow":["GET"]}}],"collection":[{"href":"https:\/\/tiberiades.org\/index.php?rest_route=\/wp\/v2\/posts"}],"about":[{"href":"https:\/\/tiberiades.org\/index.php?rest_route=\/wp\/v2\/types\/post"}],"author":[{"embeddable":true,"href":"https:\/\/tiberiades.org\/index.php?rest_route=\/wp\/v2\/users\/2"}],"replies":[{"embeddable":true,"href":"https:\/\/tiberiades.org\/index.php?rest_route=%2Fwp%2Fv2%2Fcomments&post=6963"}],"version-history":[{"count":2,"href":"https:\/\/tiberiades.org\/index.php?rest_route=\/wp\/v2\/posts\/6963\/revisions"}],"predecessor-version":[{"id":6966,"href":"https:\/\/tiberiades.org\/index.php?rest_route=\/wp\/v2\/posts\/6963\/revisions\/6966"}],"wp:featuredmedia":[{"embeddable":true,"href":"https:\/\/tiberiades.org\/index.php?rest_route=\/wp\/v2\/media\/6962"}],"wp:attachment":[{"href":"https:\/\/tiberiades.org\/index.php?rest_route=%2Fwp%2Fv2%2Fmedia&parent=6963"}],"wp:term":[{"taxonomy":"category","embeddable":true,"href":"https:\/\/tiberiades.org\/index.php?rest_route=%2Fwp%2Fv2%2Fcategories&post=6963"},{"taxonomy":"post_tag","embeddable":true,"href":"https:\/\/tiberiades.org\/index.php?rest_route=%2Fwp%2Fv2%2Ftags&post=6963"}],"curies":[{"name":"wp","href":"https:\/\/api.w.org\/{rel}","templated":true}]}}