{"id":7013,"date":"2022-10-06T19:39:11","date_gmt":"2022-10-06T18:39:11","guid":{"rendered":"https:\/\/tiberiades.org\/?p=7013"},"modified":"2022-10-06T19:40:06","modified_gmt":"2022-10-06T18:40:06","slug":"bethoven-medina-quebradas-las-alas-y-porciones-de-otros-poemarios","status":"publish","type":"post","link":"https:\/\/tiberiades.org\/?p=7013","title":{"rendered":"Bethoven Medina: \u2018Quebradas las alas\u2019 y porciones de otros poemarios"},"content":{"rendered":"<p><strong><em><br \/>\n<\/em><\/strong><em>Tiber\u00edades desea difundir una muestra po\u00e9tica del escritor peruano Bethoven Medina, tambi\u00e9n ensayista y ant\u00f3logo. Nuestro saludo hasta Trujillo.<\/em><\/p>\n<h3 style=\"padding-left: 40px;\">De: <strong><em>QUEBRADAS LAS ALAS (1983)<\/em><\/strong><\/h3>\n<h4 style=\"padding-left: 40px;\">CIERTA TARDE EN EL C\u00c9SPED<\/h4>\n<p style=\"padding-left: 40px;\">Sea ondulaci\u00f3n de agua en mis manos<br \/>\nel recuerdo de haber dormido en un parque.<\/p>\n<p style=\"padding-left: 40px;\">Aturdida paloma la felicidad<br \/>\ndesesperaci\u00f3n de ciegos en los cines<br \/>\nhabi\u00e9ndome quedado con mi sombra solos.<\/p>\n<p style=\"padding-left: 40px;\">En el c\u00e9sped<br \/>\ncon ganas de salir de mi cuerpo.<\/p>\n<p style=\"padding-left: 40px;\">He visto arder como antorchas<br \/>\npedidos o flores de ni\u00f1os tristes<br \/>\ndespertados por bulla de viajeros<br \/>\nacaecidos manzanos<br \/>\nni\u00f1os<br \/>\nabiertos girasoles al crep\u00fasculo.<\/p>\n<p style=\"padding-left: 40px;\">\u00a1Oh infancia que no regresas!<\/p>\n<p style=\"padding-left: 40px;\">Las horas avanzan<br \/>\ny llegan a mi o\u00eddo lentamente h\u00famedas.<br \/>\nCon la tarde<br \/>\nsujeto a mis emociones palpito libre.<\/p>\n<p style=\"padding-left: 40px;\">Las manos del sue\u00f1o se estiran.<br \/>\n\u00bfQu\u00e9 m\u00fasica se balancea en las espigas?<br \/>\nGalletas de mi infancia<br \/>\n\u00bfQu\u00e9 es de ti casa m\u00eda?<\/p>\n<p style=\"padding-left: 40px;\">Descontento regreso a mis latidos<br \/>\nSoporto la soledad que golpea puertas<br \/>\ny contemplo<br \/>\np\u00e9talos marchitos<br \/>\nla esperanza sombrero agitado a lo lejos.<\/p>\n<p style=\"padding-left: 40px;\">Pasa este d\u00eda como un zorro<br \/>\ny estoy vivo<br \/>\nlo celebro escribiendo cartas<br \/>\nrespiro la fragancia de las azucenas<br \/>\ninocentes \u00e1rboles que florecen<br \/>\nmis a\u00f1os -otra vez mis a\u00f1os-<br \/>\nbarcos lejanos que piensan en mareas bajas.<\/p>\n<p><img loading=\"lazy\" decoding=\"async\" class=\"aligncenter size-full wp-image-7003\" src=\"https:\/\/tiberiades.org\/wp-content\/uploads\/2022\/10\/2-2.jpg\" alt=\"\" width=\"339\" height=\"587\" srcset=\"https:\/\/tiberiades.org\/wp-content\/uploads\/2022\/10\/2-2.jpg 339w, https:\/\/tiberiades.org\/wp-content\/uploads\/2022\/10\/2-2-173x300.jpg 173w\" sizes=\"auto, (max-width: 339px) 100vw, 339px\" \/><\/p>\n<h3 style=\"padding-left: 40px;\"><strong>De: <em>VOLUMEN DE VIDA (1992)<\/em><\/strong><\/h3>\n<h4 style=\"padding-left: 40px;\">MAR, TENDIDA MANO AZUL<\/h4>\n<p style=\"padding-left: 40px;\">Las nubes tal bellotas de algod\u00f3n se levantan a tu remanso.<\/p>\n<p style=\"padding-left: 40px;\">Pienso tu olor,<br \/>\ntendida mano; pareces derribada y carnosa cucarda.<\/p>\n<p style=\"padding-left: 40px;\">En tu reposo<br \/>\ndescubro finas ra\u00edces en movimiento<br \/>\n(llamemos as\u00ed a los peces).<\/p>\n<p style=\"padding-left: 40px;\">Claro espejo y tiempo que no cesa su ritmo y espuma.<\/p>\n<p style=\"padding-left: 40px;\">Me alej\u00e9 de ti. A\u00f1os en las alturas<br \/>\ntan s\u00f3lo imagin\u00e1ndote. No obstante, prosigues<br \/>\nordenando crep\u00fasculos.<\/p>\n<p style=\"padding-left: 40px;\">Este verano he vuelto a tus orillas,<br \/>\nsospecho que mi coraz\u00f3n es caracol y, me despeino<br \/>\ndesesperado.<\/p>\n<p style=\"padding-left: 40px;\">La brisa comunica de su viaje a los mariscos<br \/>\ny las olas avanzan como si se fuera a secar el agua.<\/p>\n<p style=\"padding-left: 40px;\">Ba\u00f1istas, lanchas y este sol despert\u00e1ndome del sue\u00f1o<br \/>\ndonde vi a la Belleza dejar caer su mano lentamente,<br \/>\nun muelle volvi\u00e9ndose viejo con tu sonido ronco.<\/p>\n<p style=\"padding-left: 40px;\">Tendida mano azul, pienso tu color.<\/p>\n<p><img loading=\"lazy\" decoding=\"async\" class=\"aligncenter size-full wp-image-7004\" src=\"https:\/\/tiberiades.org\/wp-content\/uploads\/2022\/10\/3-1.jpg\" alt=\"\" width=\"526\" height=\"777\" srcset=\"https:\/\/tiberiades.org\/wp-content\/uploads\/2022\/10\/3-1.jpg 526w, https:\/\/tiberiades.org\/wp-content\/uploads\/2022\/10\/3-1-203x300.jpg 203w\" sizes=\"auto, (max-width: 526px) 100vw, 526px\" \/><\/p>\n<h3 style=\"padding-left: 40px;\">De: <strong><em>EXPEDIENTE PARA NUEVO JUICIO (1998)<\/em><\/strong><\/h3>\n<p style=\"padding-left: 40px;\">IV.- Atahualpa (Cajamarca, siglo XV)<br \/>\nSu coraz\u00f3n dej\u00f3 de ser recinto de m\u00fasica.<br \/>\nCuando no llov\u00eda ordenaba sacrificio<br \/>\nde alg\u00fan ocioso que robaba mazorcas y telares.<br \/>\nAcostumbraba ba\u00f1arse en aguas termales<br \/>\ny marchando, orgulloso, pavo real,<br \/>\nsol\u00eda secarse a voluntad de rayos solares.<\/p>\n<p style=\"padding-left: 40px;\">Piel de llama, marr\u00f3n y pelosa<br \/>\nestirada entre dos parantes,<br \/>\nera el Imperio. Solo quedan p\u00e1ginas amarillas<br \/>\ny la Historia descansa cual lobo marino<br \/>\nen la orilla. Y ni\u00f1os absortos contemplan sus negros bigotes.<\/p>\n<p style=\"padding-left: 40px;\">\u00a0\u00a0\u00a0\u00a0\u00a0\u00a0\u00a0 Hu\u00e1scar (Cosco, siglo XV)<br \/>\nLe incomodaba el movimiento de las vizcachas.<br \/>\nLa situaci\u00f3n por \u00e9sa, era claro reflejo del Titicaca,<br \/>\nlas nubes segu\u00edan gordas.<br \/>\nMachu Picchu, cuarzo sobre pasto verde.<\/p>\n<p style=\"padding-left: 40px;\">Escrito est\u00e1 en el quipu. Abel y Ca\u00edn en estas tierras<br \/>\nque solo se confunden cuando el arado penetra sus u\u00f1as.<br \/>\nHijos del buen Huayna C\u00e1pac, quien am\u00f3 a diestra y adem\u00e1s<br \/>\na la luna consideraba su Dios.<br \/>\nAhora<br \/>\n\u00bfa qui\u00e9n no se le ocurre un queso?<\/p>\n<p><img loading=\"lazy\" decoding=\"async\" class=\"aligncenter size-full wp-image-7005\" src=\"https:\/\/tiberiades.org\/wp-content\/uploads\/2022\/10\/4-1.jpg\" alt=\"\" width=\"468\" height=\"731\" srcset=\"https:\/\/tiberiades.org\/wp-content\/uploads\/2022\/10\/4-1.jpg 468w, https:\/\/tiberiades.org\/wp-content\/uploads\/2022\/10\/4-1-192x300.jpg 192w\" sizes=\"auto, (max-width: 468px) 100vw, 468px\" \/><\/p>\n<h3 style=\"padding-left: 40px;\">De: <strong><em>Y ANTES NIEGUE SUS LUCES EL SOL (2003)<\/em><\/strong><\/h3>\n<h4 style=\"padding-left: 40px;\">LA ANUNCIARON TAMBI\u00c9N A UNA VOZ<\/h4>\n<p style=\"padding-left: 40px;\">En cualquier cine parque deportivo y apta para todos<br \/>\nlinternas iluminan estampas de aldeas andinas<br \/>\ny me sumerjo esta tarde<\/p>\n<p style=\"padding-left: 40px;\">\u00a0\u00a0\u00a0\u00a0\u00a0\u00a0\u00a0\u00a0\u00a0\u00a0\u00a0\u00a0\u00a0\u00a0\u00a0\u00a0 2 de agosto de 1824 en llanura de Rancas<br \/>\n\u201c Soldados &#8211; dice Bol\u00edvar &#8211; vais a completar la obra m\u00e1s grande que<br \/>\nel cielo ha podido encargar a los<br \/>\nhombres de salvar un mundo entero de la esclavitud\u201d<\/p>\n<p style=\"padding-left: 40px;\">Una nube se detuvo en el aire \u2013pens\u00f3-<br \/>\nechose a volar<br \/>\ny al tercer d\u00eda fue oveja regresando del designio<br \/>\nde alhel\u00edes que se mecen en la fuente<br \/>\nser\u00eda la Paz<\/p>\n<p style=\"padding-left: 40px;\">\u00a0\u00a0\u00a0\u00a0\u00a0\u00a0\u00a0\u00a0\u00a0\u00a0\u00a0\u00a0\u00a0\u00a0\u00a0\u00a0 Taclla y Chaquitaclla \/ ollucos y ocas<br \/>\nintroduci\u00e9ndose en la tierra para vivir<\/p>\n<p style=\"padding-left: 40px;\">El polvo anunci\u00f3 tambi\u00e9n a voz de remolino<\/p>\n<p style=\"padding-left: 40px;\">Hoy inauguramos un coraz\u00f3n<br \/>\nen donde caballer\u00edas cruzaron sables y lanzas<br \/>\ncortinas de la tristeza<br \/>\nvespertinas<br \/>\nrugiendo como tigres en mi pecho<\/p>\n<p style=\"padding-left: 40px;\">\u00a0\u00a0\u00a0\u00a0\u00a0\u00a0\u00a0\u00a0\u00a0\u00a0\u00a0\u00a0\u00a0\u00a0\u00a0 \u201cNo burlareis?<br \/>\nNo &#8211; no &#8211; vosotros sois invencibles\u201d (Sim\u00f3n Bol\u00edvar)<\/p>\n<p style=\"padding-left: 40px;\">Este es mi hijo<br \/>\nsaca plumas a pavos<br \/>\nha de llamarse Per\u00fa<br \/>\nen colina desesperada<br \/>\ny ciudad ronca<br \/>\ntal como en las Pampas de Jun\u00edn ante la Caballer\u00eda Realista<\/p>\n<p style=\"padding-left: 40px;\">Vicu\u00f1a \/ cucul\u00ed<br \/>\nmuerden sauces<br \/>\nbajo cielo azul de Puno<\/p>\n<p style=\"padding-left: 40px;\">Una Unanue<br \/>\nSalte Ugarte<br \/>\nMire Miranda<br \/>\nel dolor grita y golpea puertas<br \/>\nen cumplea\u00f1os tristes y p\u00e1lidos<br \/>\nde mi patria<\/p>\n<p style=\"padding-left: 40px;\">Andr\u00e9s R\u00e1zuri se enajenan los dedos y como tomate<br \/>\nel anunci\u00f3 se va abriendo<br \/>\nentonces<br \/>\npasan los H\u00fasares de Jun\u00edn<br \/>\na ordenar la historia y su curso<br \/>\nSENTIR\u00c1N DE SU ESTRUENDO EL TERROR<\/p>\n<p><img loading=\"lazy\" decoding=\"async\" class=\"aligncenter size-full wp-image-7006\" src=\"https:\/\/tiberiades.org\/wp-content\/uploads\/2022\/10\/5.jpg\" alt=\"\" width=\"476\" height=\"699\" srcset=\"https:\/\/tiberiades.org\/wp-content\/uploads\/2022\/10\/5.jpg 476w, https:\/\/tiberiades.org\/wp-content\/uploads\/2022\/10\/5-204x300.jpg 204w\" sizes=\"auto, (max-width: 476px) 100vw, 476px\" \/><\/p>\n<h4 style=\"padding-left: 40px;\">De:<strong><em> EL ARRIERO Y LA MONTA\u00d1A BAJO EL ALBA (2008)<\/em><\/strong><\/h4>\n<h4><\/h4>\n<h4 style=\"padding-left: 40px;\">IMPLORACION DE UN JILGUERO<br \/>\nEN CENTRO DE LA CUITA<\/h4>\n<p style=\"padding-left: 40px;\"><strong>*<\/strong><br \/>\nEncuentro en el extremo romper de la ra\u00edz, la causa,<br \/>\nSor Tristeza, t\u00fa que mejor lees a la izquierda del Sol.<\/p>\n<p style=\"padding-left: 40px;\"><strong>*<\/strong><br \/>\nOs imploro a orillas del mar contaminado, en perfil de gratitud,<br \/>\naleja el vil destrozo del h\u00e1bitat, ballenas y focas, as\u00ed lo solicitan.<\/p>\n<p style=\"padding-left: 40px;\"><strong>*<\/strong><br \/>\nDe los gestos radiantes de la luz sobre esta casa ecol\u00f3gica,<br \/>\nse consigue la flora de la posibilidad, otros d\u00edas m\u00e1s para vivir.<\/p>\n<p style=\"padding-left: 40px;\"><strong>*<\/strong><br \/>\nGran Arquitecto del Universo, no abandon\u00e9is tus criaturas;<br \/>\nal temblor de jalcas y entre matorrales protege conejos silvestres.<\/p>\n<p style=\"padding-left: 40px;\"><strong>*<\/strong><br \/>\nEs el orgullo de las azucenas el que emociona a mi humanidad,<br \/>\ny feliz ans\u00edo el tacto de la ra\u00edz del sol, causa y efecto.<\/p>\n<p style=\"padding-left: 40px;\"><strong>*<\/strong><br \/>\nEl afecto con devoci\u00f3n a la Natura<br \/>\ncantando la libertad de lo posible.<\/p>\n<p style=\"padding-left: 40px;\"><strong>*<\/strong><br \/>\n\u00c1rbol Hombre, en conjuro la selva implora en un ta\u00f1er vegetal<br \/>\nla no contaminaci\u00f3n; tambi\u00e9n el mar, el viento y la conciencia.<\/p>\n<p style=\"padding-left: 40px;\"><strong>*<\/strong><br \/>\nAmistad de sentirme contento, latido que encerr\u00f3 la vida en m\u00ed,<br \/>\nhermanos de mi dise\u00f1o, de esta pena y afilada flecha.<\/p>\n<p style=\"padding-left: 40px;\"><strong>*<\/strong><br \/>\nAdjunto moment\u00e1neos \u00f3leos del paisaje; as\u00ed oler\u00e9is el incienso<br \/>\ncuando atravesemos el Jord\u00e1n y rondemos las vi\u00f1as del Se\u00f1or.<\/p>\n<p style=\"padding-left: 40px;\"><strong>*<\/strong><br \/>\nArmon\u00eda que enarbolas los sentidos al despojo del tr\u00e1nsito,<br \/>\ntodo esp\u00edritu, ente solar, imploro en acci\u00f3n y reacci\u00f3n.<\/p>\n<p style=\"padding-left: 40px;\"><strong>*<\/strong><br \/>\nImplora un jilguero ante le\u00f1os ardiendo del sauce, pino y caoba;<br \/>\nno a la deforestaci\u00f3n, s\u00f3lo sirva la madera para cofre \u00f3seo.<\/p>\n<h3 style=\"padding-left: 40px;\">De: <strong><em>ULISES Y TAYKANAMO EN ALTAMAR (2012)<\/em><\/strong><\/h3>\n<h4 style=\"padding-left: 40px;\">MI TERRITORIO<\/h4>\n<p style=\"padding-left: 40px;\">Retazo continental que dibuja la natura al soplo del Dios Eolo<\/p>\n<p style=\"padding-left: 40px;\">Nuestros brazos<br \/>\nremueven la fauna de especies litorales<br \/>\ny a caracolas de Ulises en los mares de la Segunda Isla<\/p>\n<p style=\"padding-left: 40px;\">Avanzamos en barcos de madera<br \/>\ny el Pac\u00edfico nos surte de anchoveta &#8211; sardina \u2013 caballa &#8211; jurel<\/p>\n<p style=\"padding-left: 40px;\">Navegamos superando islas que nos limitan<br \/>\nlibre la palabra<br \/>\npara denunciar los golpes<br \/>\ncual agujas<br \/>\nen los codos<br \/>\nfrente a los vientos del Este<\/p>\n<p style=\"padding-left: 40px;\">Patria<br \/>\nnazco de tu despertar como el sol que bebe tu brisa<br \/>\ny al abrir una vasija desde su interior se disparan los vientos<\/p>\n<p style=\"padding-left: 40px;\">Las aguas van de sur a norte<br \/>\ny convocan a los hombres a descubrir<br \/>\nla extensi\u00f3n del cardumen y variedad de zooplancton<br \/>\nal sentir el submarino continente<br \/>\ny su temblor que enaltece la supervivencia<\/p>\n<p style=\"padding-left: 40px;\">Dem\u00f3doco<br \/>\nen tu poes\u00eda revelas haza\u00f1as de Ulises<br \/>\nnuestra barca en d\u00e1rsenas<br \/>\ncorales azotados por la espuma<br \/>\nlas marsopas y sus volantines congruentes a los d\u00edas<\/p>\n<p style=\"padding-left: 40px;\">En el relieve del mapa Am\u00e9rica del Sur<br \/>\nnacemos y morimos<br \/>\n\u00e9l sigue viviendo<\/p>\n<p style=\"padding-left: 40px;\">Toco con mis digitales huellas<br \/>\nel obsequio de las especies marinas<br \/>\nel fuego del crep\u00fasculo<br \/>\nla rabia del lobo de mar por la libertad negada<br \/>\nla tristeza de la foca<br \/>\ny el piro fatigado de mi angustia<br \/>\nmientras corren las aguas fr\u00edas del sur<br \/>\ny las aguas c\u00e1lidas del norte.<\/p>\n<p><img loading=\"lazy\" decoding=\"async\" class=\"aligncenter size-full wp-image-7007\" src=\"https:\/\/tiberiades.org\/wp-content\/uploads\/2022\/10\/6.jpg\" alt=\"\" width=\"478\" height=\"635\" srcset=\"https:\/\/tiberiades.org\/wp-content\/uploads\/2022\/10\/6.jpg 478w, https:\/\/tiberiades.org\/wp-content\/uploads\/2022\/10\/6-226x300.jpg 226w\" sizes=\"auto, (max-width: 478px) 100vw, 478px\" \/><\/p>\n<h3 style=\"padding-left: 40px;\">DE: <strong><em>\u00c9XODO A LAS SIETE ESTACIONES (2016)<\/em><\/strong><\/h3>\n<p style=\"padding-left: 40px;\">\n<h4 style=\"padding-left: 40px;\">SEA HECHA LA LUZ Y HUBO LUZ<\/h4>\n<p style=\"padding-left: 40px;\">D\u00eda primero<\/p>\n<p style=\"padding-left: 40px;\">Con Disco Solar\u00a0\u00a0 busco azorado el origen como si me siguieran.<br \/>\nSupero la Geograf\u00eda de la Luz y sus nacimientos,<br \/>\ny celebro el primer d\u00eda<br \/>\nen el camino que se abre e ilumina.<br \/>\nExistencia, hasta mis siete a\u00f1os infantes form\u00e9 cerebro,<br \/>\ny abr\u00ed los ojos; calc\u00e9 pies n\u00f3mades y carne celular.<br \/>\nAhora, gozoso de vivir, recorro calles y montes. Hecha La Luz.<\/p>\n<p style=\"padding-left: 40px;\">Ante el sol existo con desesperaci\u00f3n de punto inm\u00f3vil<br \/>\ny pensando en el prop\u00f3sito de nacer,<br \/>\nrejuvenezco e increpo al espermatozoide del invierno.<br \/>\nAgito campanas y espanto a los p\u00e1jaros.<br \/>\nE insto a recuperar lo nuestro<br \/>\nhasta caer abrazado a la piedra<br \/>\nque encierra las claves del Saber.<\/p>\n<p style=\"padding-left: 40px;\">Vida, estremeces veleros, Apocalipsis y siete l\u00e1mparas.<br \/>\nMe despojo del sombrero en calzadas de Raza de Mayores,<br \/>\ny los rayos descienden con cuerpo luminoso.<br \/>\nEsp\u00edritu (que emanas nostalgias y centellas):<br \/>\nh\u00e1blanos del manzano de Ad\u00e1n, ca\u00eddo en oto\u00f1o pr\u00f3ximo a la Luz;<br \/>\nsi los peregrinos por la claridad, interpretan emocionados,<br \/>\nel sue\u00f1o del viento para siempre suelto de pies.<\/p>\n<p><img loading=\"lazy\" decoding=\"async\" class=\"aligncenter size-full wp-image-7008\" src=\"https:\/\/tiberiades.org\/wp-content\/uploads\/2022\/10\/7.jpg\" alt=\"\" width=\"521\" height=\"762\" srcset=\"https:\/\/tiberiades.org\/wp-content\/uploads\/2022\/10\/7.jpg 521w, https:\/\/tiberiades.org\/wp-content\/uploads\/2022\/10\/7-205x300.jpg 205w\" sizes=\"auto, (max-width: 521px) 100vw, 521px\" \/><\/p>\n<h3 style=\"padding-left: 40px;\">De: <strong><em>\u00c9TER \/ ETERS\u00cd (2021)<\/em><\/strong><\/h3>\n<h4 style=\"padding-left: 40px;\">AXIAL<\/h4>\n<p style=\"padding-left: 40px;\">La correspondencia del universo en m\u00ed, es alrededor de mi eje,<br \/>\nes el esplendor del esp\u00edritu en sistema axial<br \/>\nde los componentes de mi cuerpo humano.<br \/>\nDos pulmones, dos ri\u00f1ones y dos test\u00edculos;<br \/>\nen posici\u00f3n, forma y tama\u00f1o.<br \/>\nMi brazo derecho se extiende hasta donde mi brazo izquierdo,<br \/>\ny en paralelo<br \/>\ndoy un paso con un pie y el otro lo imita. Avanzo en simetr\u00eda.<br \/>\nAxial, es todo vinculado a mi eje \u2013 yo \u2013<br \/>\nsost\u00e9n de lo que gira en mi sangre<br \/>\nen la totalidad de mis planos.<br \/>\nMi coraz\u00f3n, determina mediatriz<br \/>\nde mi vida, su inicio y fin,<br \/>\nde la existencia circular<br \/>\nde la nada, a la nada.<br \/>\nDel \u00e9ter<br \/>\nal eterno.<\/p>\n<figure id=\"attachment_7009\" aria-describedby=\"caption-attachment-7009\" style=\"width: 2195px\" class=\"wp-caption aligncenter\"><img loading=\"lazy\" decoding=\"async\" class=\"size-full wp-image-7009\" src=\"https:\/\/tiberiades.org\/wp-content\/uploads\/2022\/10\/8-Los-poetas-Bethoven-Sanchez-y-Alfredo-Perez-Alencart-en-Trujillo.jpg\" alt=\"\" width=\"2195\" height=\"1292\" srcset=\"https:\/\/tiberiades.org\/wp-content\/uploads\/2022\/10\/8-Los-poetas-Bethoven-Sanchez-y-Alfredo-Perez-Alencart-en-Trujillo.jpg 2195w, https:\/\/tiberiades.org\/wp-content\/uploads\/2022\/10\/8-Los-poetas-Bethoven-Sanchez-y-Alfredo-Perez-Alencart-en-Trujillo-300x177.jpg 300w, https:\/\/tiberiades.org\/wp-content\/uploads\/2022\/10\/8-Los-poetas-Bethoven-Sanchez-y-Alfredo-Perez-Alencart-en-Trujillo-1024x603.jpg 1024w, https:\/\/tiberiades.org\/wp-content\/uploads\/2022\/10\/8-Los-poetas-Bethoven-Sanchez-y-Alfredo-Perez-Alencart-en-Trujillo-768x452.jpg 768w, https:\/\/tiberiades.org\/wp-content\/uploads\/2022\/10\/8-Los-poetas-Bethoven-Sanchez-y-Alfredo-Perez-Alencart-en-Trujillo-1536x904.jpg 1536w, https:\/\/tiberiades.org\/wp-content\/uploads\/2022\/10\/8-Los-poetas-Bethoven-Sanchez-y-Alfredo-Perez-Alencart-en-Trujillo-2048x1205.jpg 2048w\" sizes=\"auto, (max-width: 2195px) 100vw, 2195px\" \/><figcaption id=\"caption-attachment-7009\" class=\"wp-caption-text\">Los poetas Bethoven S\u00e1nchez y Alfredo P\u00e9rez Alencart, en Trujillo<\/figcaption><\/figure>\n<p>Bethoven Medina S\u00e1nchez (Trujillo, Per\u00fa, 1960).\u00a0 Ha obtenido importantes premios nacionales e internacionales: Segundo Premio \u00abJuegos Florales Universitarios del Per\u00fa\u00bb (Tacna,1979), Segundo Premio Juegos Florales \u00abJavier Heraud\u00bb (FEP, Lima 1980), Primera Menci\u00f3n Honrosa Especial\u00a0 \u201cEl Poeta Joven del Per\u00fa\u00bb(V Concurso, 1980), Premio Internacional de Poes\u00eda \u00abMairena\u00bb (Puerto Rico, 1985) , Premio Juegos Florales Nacionales Ciudad de Guadalupe (1999),\u00a0 Segundo Premio de la II Bienal Nacional de Poes\u00eda Infantil ICPNA (2007), Premio Internacional de Poes\u00eda \u201cCiudad de Aguas Verdes\u201d (2009), Premio a la excelencia literaria (UHE, Puerto Rico, 2015), Premio por la proyecci\u00f3n hispanoamericana de su libro \u00c9xodo a las siete estaciones en el III Congreso Hispanoamericano de Escritores \u201cMiguel de Cervantes\u201d (Buenos Aires, Argentina, 2017), Finalista VI Certamen de poes\u00eda\u00a0 hispanoamericana Festival de la Lira (Cuenca, Ecuador, 2017) y Ganador del Certamen Internacional de poes\u00eda \u201cLiteratura y Naturaleza\u201d II Serie (M\u00e9xico, Bit\u00e1cora de vuelos,2020).<br \/>\nHa publicado los poemarios Necesario silencio para que las hojas conversen (Trujillo, 1ra. Edic. Cuadernos Trimestrales de Poes\u00eda, 1980; 2da. Edic. Revista Hispanoamericana Norte, M\u00e9xico, 1982; 3ra. Edic. Runakay, 2002), Quebradas las alas (Lima, Edic. Cuadernos del Hipocampo, 1983; 2da.edici\u00f3n Gaceta Virtual, 2010, Argentina), Volumen de vida (Trujillo, Edic. Colecci\u00f3n Homenaje Centenario C\u00e9sar Vallejo, 1992; 2da. edici\u00f3n Orem 2011), Expediente para nuevo juicio (Lima, Arteidea Editores, 1998),Y Antes Niegue sus Luces el Sol (Lima, Arteidea Editores, 2003,\u00a0 Cajamarca, 2da. edici\u00f3n Fondo Editorial\u00a0 UPAGU, 2012)), Antolog\u00eda Esencial (Lima, Petroglifo, Huaca Prieta, 2005),Cerrito del Amanecer (Lima, poes\u00eda infantil-juvenil, Ediciones Katequil, Ornitorrinco y Papel de Viento Editores, 2007),\u00a0 El arriero y la monta\u00f1a bajo el alba(Cajamarca, Edici\u00f3n UNC, 2008),\u00a0 Ulises y Taykanamo en altamar (Cajamarca, Fondo Editorial UPAGU, 2012), Chelita Encantadora (Lima,\u00a0 Altazor, Novela Infantil,\u00a0 2013) , \u00c9xodo a las siete estaciones (Cajamarca, Fondo editorial de la Municipalidad de Cajamarca, 2016), Edici\u00f3n Extraordinaria \u2013Antolog\u00eda General de la poes\u00eda en la Libertad-1918-2018 (Trujillo, Fondo Editorial de la Municipalidad de Trujillo,2018), De los andes a r\u00edo de la plata en coautor\u00eda con el poeta uruguayo Alfredo Villegas Oromi (Trujillo, Fondo Editorial UPAO, 2019) y\u00a0 \u00c9ter\/\u00c9ters\u00ed\u00a0 (Ebook, 2021, M\u00e9jico, Bit\u00e1cora de vuelos).<br \/>\nSus poemas se han difundido en M\u00e9xico, Espa\u00f1a, Argentina, Puerto Rico, Chile, Ecuador y Alemania.<br \/>\n<img loading=\"lazy\" decoding=\"async\" class=\"aligncenter size-full wp-image-7010\" src=\"https:\/\/tiberiades.org\/wp-content\/uploads\/2022\/10\/9.jpg\" alt=\"\" width=\"595\" height=\"660\" srcset=\"https:\/\/tiberiades.org\/wp-content\/uploads\/2022\/10\/9.jpg 595w, https:\/\/tiberiades.org\/wp-content\/uploads\/2022\/10\/9-270x300.jpg 270w\" sizes=\"auto, (max-width: 595px) 100vw, 595px\" \/><\/p>\n<p><img loading=\"lazy\" decoding=\"async\" class=\"aligncenter size-full wp-image-7011\" src=\"https:\/\/tiberiades.org\/wp-content\/uploads\/2022\/10\/10.jpg\" alt=\"\" width=\"518\" height=\"760\" srcset=\"https:\/\/tiberiades.org\/wp-content\/uploads\/2022\/10\/10.jpg 518w, https:\/\/tiberiades.org\/wp-content\/uploads\/2022\/10\/10-204x300.jpg 204w\" sizes=\"auto, (max-width: 518px) 100vw, 518px\" \/><\/p>\n","protected":false},"excerpt":{"rendered":"<p>Tiber\u00edades desea difundir una muestra po\u00e9tica del escritor peruano Bethoven Medina, tambi\u00e9n ensayista y ant\u00f3logo. Nuestro saludo hasta Trujillo. De: QUEBRADAS LAS ALAS (1983) CIERTA TARDE EN EL C\u00c9SPED Sea ondulaci\u00f3n de agua en mis manos el recuerdo de haber dormido en un parque. Aturdida paloma la felicidad desesperaci\u00f3n de ciegos en los cines habi\u00e9ndome quedado con mi sombra solos. [&hellip;]<\/p>\n","protected":false},"author":2,"featured_media":7012,"comment_status":"open","ping_status":"closed","sticky":false,"template":"","format":"standard","meta":{"footnotes":""},"categories":[19],"tags":[640],"class_list":["post-7013","post","type-post","status-publish","format-standard","has-post-thumbnail","hentry","category-poemas-de","tag-bethoven-medina"],"_links":{"self":[{"href":"https:\/\/tiberiades.org\/index.php?rest_route=\/wp\/v2\/posts\/7013","targetHints":{"allow":["GET"]}}],"collection":[{"href":"https:\/\/tiberiades.org\/index.php?rest_route=\/wp\/v2\/posts"}],"about":[{"href":"https:\/\/tiberiades.org\/index.php?rest_route=\/wp\/v2\/types\/post"}],"author":[{"embeddable":true,"href":"https:\/\/tiberiades.org\/index.php?rest_route=\/wp\/v2\/users\/2"}],"replies":[{"embeddable":true,"href":"https:\/\/tiberiades.org\/index.php?rest_route=%2Fwp%2Fv2%2Fcomments&post=7013"}],"version-history":[{"count":2,"href":"https:\/\/tiberiades.org\/index.php?rest_route=\/wp\/v2\/posts\/7013\/revisions"}],"predecessor-version":[{"id":7015,"href":"https:\/\/tiberiades.org\/index.php?rest_route=\/wp\/v2\/posts\/7013\/revisions\/7015"}],"wp:featuredmedia":[{"embeddable":true,"href":"https:\/\/tiberiades.org\/index.php?rest_route=\/wp\/v2\/media\/7012"}],"wp:attachment":[{"href":"https:\/\/tiberiades.org\/index.php?rest_route=%2Fwp%2Fv2%2Fmedia&parent=7013"}],"wp:term":[{"taxonomy":"category","embeddable":true,"href":"https:\/\/tiberiades.org\/index.php?rest_route=%2Fwp%2Fv2%2Fcategories&post=7013"},{"taxonomy":"post_tag","embeddable":true,"href":"https:\/\/tiberiades.org\/index.php?rest_route=%2Fwp%2Fv2%2Ftags&post=7013"}],"curies":[{"name":"wp","href":"https:\/\/api.w.org\/{rel}","templated":true}]}}