{"id":7110,"date":"2022-10-29T18:06:10","date_gmt":"2022-10-29T17:06:10","guid":{"rendered":"https:\/\/tiberiades.org\/?p=7110"},"modified":"2022-10-31T12:18:23","modified_gmt":"2022-10-31T11:18:23","slug":"la-funcion-de-la-literatura-en-la-sociedad-contemporanea","status":"publish","type":"post","link":"https:\/\/tiberiades.org\/?p=7110","title":{"rendered":"La funci\u00f3n de la literatura en la sociedad contempor\u00e1nea"},"content":{"rendered":"<p>Una pregunta que sigue rondando por los espacios literarios y no literarios actuales &#8212;que consideran que todo debe tener un fin utilitario&#8212; es cu\u00e1l es o deber\u00eda ser la funci\u00f3n de la literatura dentro no de los espacios literarios, sino de una sociedad ca\u00f3tica como la que nos ha tocado vivir y hacer literatura. La respuesta a esta pregunta no es f\u00e1cil; la raz\u00f3n es porque, por un lado, este es un tema complicado y debatido, y, por el otro, para comenzar diremos junto a Aurora Luque, Premio Nacional de Poes\u00eda 2022 de Espa\u00f1a (De Luca, 2022) que la poes\u00eda \u00abtiene otro circuito, no es un producto querido en el mercado, ni se compra y ni se vende, es de lo menos comercial que hay en el mundo cultural\u00bb.<\/p>\n<p>Sin embargo, hay quienes, incluyendo poetas, con base a la novel\u00edstica de, por ejemplo, Garc\u00eda M\u00e1rquez, Premio Nobel de Literatura, y la po\u00e9tica del chileno Nicanor Parra, opinan hoy que la funci\u00f3n de la literatura es la denuncia social y, por ende, la b\u00fasqueda de una transformaci\u00f3n de la sociedad.\u00a0 Con base a la premisa de que la literatura en general toca temas o experiencias humanas universales, otros opinan que la funci\u00f3n de esta es buscar una transformaci\u00f3n a nivel individual y del conglomerado social.<\/p>\n<p>Personalmente, no tengo todav\u00eda una opini\u00f3n final, si bien consideramos que ciertamente la literatura en general toca temas o experiencias humanas universales; la literatura es referencial, es decir, no es totalmente imaginativa, pues, de alg\u00fan modo, habla ya sea del contexto personal o social del literato; la literatura, adem\u00e1s, capta la esencia en el mismo n\u00facleo de la existencia, interpreta, muestra y ofrece el mundo real en su dimensi\u00f3n m\u00e1s humana y alterna. Quisi\u00e9ramos pensar que estos son algunos de los aportes m\u00e1s altos de la literatura en su propia dimensi\u00f3n y alcance.<\/p>\n<p>No obstante pensamos que la ideolog\u00eda que presenta el autor como reflejo del momento hist\u00f3rico en que escribi\u00f3 su obra es, sin duda alguna, de gran importancia, pero no lo b\u00e1sico, no el n\u00facleo central alrededor del cual ha de concentrarse toda nuestra atenci\u00f3n para la comprensi\u00f3n de una obra literaria. Y, algo m\u00e1s decisivo, a lo largo de la historia de la humanidad, y de la literatura misma, no se ha podido verificar recepci\u00f3n o apropiaci\u00f3n alguna de la literatura en el conglomerado social y que, por tanto, ella haya producido alg\u00fan grado de transformaci\u00f3n en el ser individual y en la sociedad en general; no existe evidencia alguna de tal cosa ni siquiera de la literatura comprometida. Aunque Aurora Luque habla del poder vivir o no econ\u00f3micamente de la poes\u00eda, es posible prestar su opini\u00f3n y argumentar que la literatura\u00a0 \u2014incluyendo la poes\u00eda\u2014 \u201ctiene otro circuito\u201d y, agregar\u00edamos nosotros, otra funci\u00f3n: la est\u00e9tica y cultural, <a href=\"#_ftn1\" name=\"_ftnref1\">[1]<\/a> funciones de las cuales no puede escapar por ser arte del lenguaje. \u00a0\u00bfPor qu\u00e9, entonces, asignarle una funci\u00f3n m\u00e1s all\u00e1 de eso? Asignarle otra funci\u00f3n, nos dec\u00eda la poeta, ensayista y cr\u00edtica literaria Margarita Carrera (2016a), Premio Nacional de Literatura 1996 de Guatemala, es desconocer la esencia de todo arte y equivale, en \u00faltima instancia, a desconocer la esencia de todo lo humano y del producto del esp\u00edritu humano: la literatura. El creador es eso, creador, contin\u00faa Carrera (misma fuente anterior), y no otra cosa, as\u00ed como la literatura es eso, literatura [arte del lenguaje], y no manifestaci\u00f3n de la superestructura de una sociedad.<a href=\"#_ftn2\" name=\"_ftnref2\">[2]<\/a><\/p>\n<p style=\"text-align: right;\">George Reyes<br \/>\nPoeta, ensayista, cr\u00edtico literario y editor<br \/>\nSociedad de Escritores de Ciudad Ju\u00e1rez, A.C.<\/p>\n<h4>Referencia<\/h4>\n<p>De Luca, C. (2022). Aurora Luque, Premio Nacional de Poes\u00eda: \u00abHumanidades est\u00e1 aniquilada. A veces el enemigo no es la ley sino el centro. Recuperado el 16 de octubre de 2022, de <a href=\"https:\/\/www.notimerica.com\/sociedad\/noticia-aurora-luque-premio-nacional-poesia-humanidades-aniquilada-veces-enemigo-no-ley-centro-20220922183411.html?fbclid=IwAR1rX_qO4XmXRIRyY0CpAEaZuA1n11EXWsvFGN617wSuYi2HmRLAFHbPhMw\">https:\/\/www.notimerica.com\/sociedad\/noticia-aurora-luque-premio-nacional-poesia-humanidades-aniquilada-veces-enemigo-no-ley-centro-20220922183411.html?fbclid=IwAR1rX_qO4XmXRIRyY0CpAEaZuA1n11EXWsvFGN617wSuYi2HmRLAFHbPhMw<\/a>.<\/p>\n<p>Carrera, M. (2016a). La literatura como producto del esp\u00edritu. Recuperado el 16 de octubre de 2022, de https:\/\/www.prensalibre.com\/guatemala\/borges-el-inmoralista\/.<\/p>\n<p>Carrera, M. (2016b). Aristocratismo en la literatura. Recuperado el 17 de octubre de 2022, de <a href=\"https:\/\/www.prensalibre.com\/opinion\/aristocratismo-en-literatura\/\">https:\/\/www.prensalibre.com\/opinion\/aristocratismo-en-literatura\/<\/a>.<\/p>\n<p>&nbsp;<\/p>\n<h4>Notas<\/h4>\n<p><a href=\"#_ftnref1\" name=\"_ftn1\">[1]<\/a> Habr\u00eda que recordar que Luque gana el Premio mencionado \u201cpor su alto calado l\u00edrico, emocionante, exigente\u201d, no social ni ideol\u00f3gico ni did\u00e1ctico ni moralizante, para lo cual est\u00e1 el ensayo, el periodismo o la cr\u00edtica literaria. Ahora bien, cuando hablamos de la funci\u00f3n est\u00e9tica de la literatura no hablamos de una est\u00e9tica aristocr\u00e1tica ni aburguesada (que se puede aplicar a la literatura no de compromiso social). Tampoco hablamos, como bien opina Carrera (2016b), de una est\u00e9tica regida por principios l\u00f3gicos duros, sino de una abierta a todos los mundos y a todas las posibilidades del lenguaje; y esto equivale a una est\u00e9tica que comprenda todas las posibilidades del alma humana, quien, en \u00faltima instancia, es la que nos transmite el mundo emocional que la gobierna, que la hace vivir intensa y dram\u00e1ticamente.<\/p>\n<p><a href=\"#_ftnref2\" name=\"_ftn2\">[2]<\/a> \u00bfNo acaso tambi\u00e9n Juan Luis Borges defend\u00eda la funci\u00f3n est\u00e9tica y cultural de la literatura y se opon\u00eda a una funci\u00f3n did\u00e1ctica de la misma?<\/p>\n<figure id=\"attachment_4440\" aria-describedby=\"caption-attachment-4440\" style=\"width: 638px\" class=\"wp-caption aligncenter\"><img loading=\"lazy\" decoding=\"async\" class=\"size-full wp-image-4440\" src=\"https:\/\/tiberiades.org\/wp-content\/uploads\/2021\/02\/4-George-Reyes.jpg\" alt=\"\" width=\"638\" height=\"757\" srcset=\"https:\/\/tiberiades.org\/wp-content\/uploads\/2021\/02\/4-George-Reyes.jpg 638w, https:\/\/tiberiades.org\/wp-content\/uploads\/2021\/02\/4-George-Reyes-253x300.jpg 253w\" sizes=\"auto, (max-width: 638px) 100vw, 638px\" \/><figcaption id=\"caption-attachment-4440\" class=\"wp-caption-text\">George Reyes<\/figcaption><\/figure>\n<p><em>George Reyes\u00a0es poeta, ensayista, editor y te\u00f3logo ecuatoriano-mexicano. Es licenciado y tiene dos maestr\u00edas en Teolog\u00eda, adem\u00e1s de ser candidato PhD en Teolog\u00eda. Ha publicado dos libros sobre hermen\u00e9utica b\u00edblica y es coautor de dos libros de Teolog\u00eda. Sus ensayos teol\u00f3gicos han sido publicados en revistas especializadas y en sitios virtuales tales como Ensayistas Hispanoamericanos. Sus dos poemarios son\u00a0<\/em>El azul de la tarde\u00a0<em>(Santiago de chile, Chile: Apostrophes Ediciones, 2015) y\u00a0<\/em>Ese otro exilio, esa otra patria<em>\u00a0(Santiago de Chile, Chile: Hebel Ediciones, 2016). Forma parte de la Antolog\u00eda de Poes\u00eda Mundial Poetas del siglo XXI y es miembro del Consejo Asesor Iberoamericano de la Red Tiber\u00edades.<\/em><\/p>\n<p>Imagen de cabecera: Foto de Jos\u00e9 Amador Mart\u00edn<\/p>\n","protected":false},"excerpt":{"rendered":"<p>Una pregunta que sigue rondando por los espacios literarios y no literarios actuales &#8212;que consideran que todo debe tener un fin utilitario&#8212; es cu\u00e1l es o deber\u00eda ser la funci\u00f3n de la literatura dentro no de los espacios literarios, sino de una sociedad ca\u00f3tica como la que nos ha tocado vivir y hacer literatura. La respuesta a esta pregunta no [&hellip;]<\/p>\n","protected":false},"author":2,"featured_media":7108,"comment_status":"open","ping_status":"closed","sticky":false,"template":"","format":"standard","meta":{"footnotes":""},"categories":[14],"tags":[79],"class_list":["post-7110","post","type-post","status-publish","format-standard","has-post-thumbnail","hentry","category-george-reyes","tag-george-reyes"],"_links":{"self":[{"href":"https:\/\/tiberiades.org\/index.php?rest_route=\/wp\/v2\/posts\/7110","targetHints":{"allow":["GET"]}}],"collection":[{"href":"https:\/\/tiberiades.org\/index.php?rest_route=\/wp\/v2\/posts"}],"about":[{"href":"https:\/\/tiberiades.org\/index.php?rest_route=\/wp\/v2\/types\/post"}],"author":[{"embeddable":true,"href":"https:\/\/tiberiades.org\/index.php?rest_route=\/wp\/v2\/users\/2"}],"replies":[{"embeddable":true,"href":"https:\/\/tiberiades.org\/index.php?rest_route=%2Fwp%2Fv2%2Fcomments&post=7110"}],"version-history":[{"count":3,"href":"https:\/\/tiberiades.org\/index.php?rest_route=\/wp\/v2\/posts\/7110\/revisions"}],"predecessor-version":[{"id":7141,"href":"https:\/\/tiberiades.org\/index.php?rest_route=\/wp\/v2\/posts\/7110\/revisions\/7141"}],"wp:featuredmedia":[{"embeddable":true,"href":"https:\/\/tiberiades.org\/index.php?rest_route=\/wp\/v2\/media\/7108"}],"wp:attachment":[{"href":"https:\/\/tiberiades.org\/index.php?rest_route=%2Fwp%2Fv2%2Fmedia&parent=7110"}],"wp:term":[{"taxonomy":"category","embeddable":true,"href":"https:\/\/tiberiades.org\/index.php?rest_route=%2Fwp%2Fv2%2Fcategories&post=7110"},{"taxonomy":"post_tag","embeddable":true,"href":"https:\/\/tiberiades.org\/index.php?rest_route=%2Fwp%2Fv2%2Ftags&post=7110"}],"curies":[{"name":"wp","href":"https:\/\/api.w.org\/{rel}","templated":true}]}}