{"id":7195,"date":"2022-11-14T10:02:59","date_gmt":"2022-11-14T09:02:59","guid":{"rendered":"https:\/\/tiberiades.org\/?p=7195"},"modified":"2022-11-14T10:04:36","modified_gmt":"2022-11-14T09:04:36","slug":"gary-daher-senales-y-otros-poemas","status":"publish","type":"post","link":"https:\/\/tiberiades.org\/?p=7195","title":{"rendered":"Gary Daher: \u2018Se\u00f1ales\u2019 y otros poemas"},"content":{"rendered":"<p><em>Tiber\u00edades agradece al poeta boliviano Gary Daher por permitirnos difundir algunos poemas de su libro <\/em><em>Piedra Sagrada. Daher ha participado en una edici\u00f3n de los Encuentros de Poetas Iberoamericanos de Salamanca, adem\u00e1s de una tertulia sobre la poes\u00eda boliviana actual.<\/em><\/p>\n<h5><em><br \/>\n<\/em><strong><em>Serie: Libros dedicados y\/o enviados al poeta A. P. Alencart \/1<br \/>\nLibro: Piedra Sagrada, Editorial Vitrubio, Madrid, 2018).<\/em><\/strong><\/h5>\n<h4><\/h4>\n<h4 style=\"padding-left: 40px;\"><strong>Se\u00f1ales<\/strong><\/h4>\n<p style=\"padding-left: 40px;\">En lo profundo de la selva<br \/>\nen la piedra que la mara\u00f1a oculta<br \/>\ny los grillos y las inimaginables aves que dicen inimaginables trinos<br \/>\nen la oculta senda abierta bajo los enormes cacaotales<br \/>\nen los ojos<br \/>\nen los ojos de tus ojos m\u00e1s all\u00e1 de tu mirada<br \/>\ndonde mora el tigre<br \/>\ny espera su hambre<br \/>\ny tiemblas toda<br \/>\napenas una gota de roc\u00edo en la hoja<br \/>\nes la se\u00f1al del tiempo<br \/>\ncuando tu nombre y el m\u00edo se diluyan en la boca<br \/>\ny los latidos del coraz\u00f3n<br \/>\ny todas las manos se hagan una<br \/>\ny convoquen la alegr\u00eda de la lluvia.<\/p>\n<h4 style=\"padding-left: 40px;\"><strong>La maravilla<\/strong><\/h4>\n<p style=\"padding-left: 40px;\">Cargados vivimos<br \/>\nde las duras jornadas<br \/>\ny de su incesante transcurrir entre las lluvias.<\/p>\n<p style=\"padding-left: 40px;\">Quiz\u00e1s por eso no reparamos<br \/>\nque todo trabajo del sol<br \/>\nguarda misterio.<\/p>\n<p style=\"padding-left: 40px;\">Hay una hora s\u00ed<br \/>\nen que las sombras<br \/>\ncruzan inevitables por la cara<\/p>\n<p style=\"padding-left: 40px;\">esto en nosotros<br \/>\n(cuando no produce un gran desasosiego)<br \/>\ncausa una inquietud<br \/>\nuna turbaci\u00f3n<br \/>\nluci\u00e9rnaga<br \/>\nque bramara con su luz<br \/>\nen la carne viva<\/p>\n<p style=\"padding-left: 40px;\">y su vuelo m\u00ednimo<br \/>\nse traduce en mis latidos<br \/>\ncreciendo sin cesar dentro del pecho<\/p>\n<p style=\"padding-left: 40px;\">hay algo m\u00e1s all\u00e1<br \/>\n\u2013susurro-<br \/>\nde todo lo que miro<\/p>\n<p style=\"padding-left: 40px;\">nada concreto<br \/>\nm\u00e1s bien una sensaci\u00f3n<br \/>\nsemejante a los silencios que preceden<br \/>\na las noticias terribles<br \/>\no una carta poderosa<br \/>\njusto al momento<br \/>\nen que la estamos por abrir.<\/p>\n<p style=\"padding-left: 40px;\">El hecho es que flota<br \/>\ncomo una m\u00fasica escondida<br \/>\no un incendio por nacer<br \/>\nentre las ramas secas de la casa.<\/p>\n<p style=\"padding-left: 40px;\">Si algo se puede decir<br \/>\nse dir\u00eda que se insin\u00faa<br \/>\nen el aire de las ventanas.<\/p>\n<p style=\"padding-left: 40px;\">Acaso sea por este motivo<br \/>\nque cuando cierro los p\u00e1rpados<br \/>\ny abro los ojos de mi alma<br \/>\nadvierto una oscura intensidad<br \/>\nde dioses y de vientos<\/p>\n<p style=\"padding-left: 40px;\">estallidos incomprensibles<br \/>\ntan cerca.<\/p>\n<p style=\"padding-left: 40px;\">\u00bfPor qu\u00e9 no pertenezco<br \/>\na su adentro?<br \/>\n\u00bfPor qu\u00e9 no soy<br \/>\nm\u00e1s que una mirada?<\/p>\n<p style=\"padding-left: 40px;\">(2018). Viaje de Narcisop. 27-28<\/p>\n<p><img loading=\"lazy\" decoding=\"async\" class=\"aligncenter wp-image-7188 size-large\" src=\"https:\/\/tiberiades.org\/wp-content\/uploads\/2022\/11\/2-1-1024x755.jpg\" alt=\"\" width=\"640\" height=\"472\" srcset=\"https:\/\/tiberiades.org\/wp-content\/uploads\/2022\/11\/2-1-1024x755.jpg 1024w, https:\/\/tiberiades.org\/wp-content\/uploads\/2022\/11\/2-1-300x221.jpg 300w, https:\/\/tiberiades.org\/wp-content\/uploads\/2022\/11\/2-1-768x566.jpg 768w, https:\/\/tiberiades.org\/wp-content\/uploads\/2022\/11\/2-1-1536x1132.jpg 1536w, https:\/\/tiberiades.org\/wp-content\/uploads\/2022\/11\/2-1-2048x1509.jpg 2048w\" sizes=\"auto, (max-width: 640px) 100vw, 640px\" \/><\/p>\n<h4 style=\"padding-left: 40px;\"><strong>Carta al Padre<\/strong><\/h4>\n<p style=\"padding-left: 40px;\">En la casa<br \/>\nlos objetos huelen a excremento<br \/>\nde este modo<br \/>\nqui\u00e9n querr\u00e1 quedarse.<\/p>\n<p style=\"padding-left: 40px;\">Y si uno persistiera<br \/>\nver\u00eda con gran incomodidad<br \/>\nque los muebles est\u00e1n fuera de lugar<br \/>\ndeshechos y pesados<br \/>\nlas ventanas tapiadas<br \/>\ny la misma puerta desvencijada<br \/>\nimpeliendo a salir en vez de entrar<br \/>\npues la casa es un lugar de naufragio.<\/p>\n<p style=\"padding-left: 40px;\">De ah\u00ed los grandes esfuerzos que se hacen<br \/>\npor quedarse a velar dentro de la casa<br \/>\nimpert\u00e9rrito<br \/>\nmientras las aves vuelan en el cielo<br \/>\nla hierba crece en el vergel<br \/>\ny la lluvia no deja de regar con su aliento de agua.<\/p>\n<p style=\"padding-left: 40px;\">Por eso te escribo<br \/>\npara revelarte que poco a poco<br \/>\nvoy limpiando de inmundicia<br \/>\nnuestra casa<br \/>\na ver si as\u00ed un d\u00eda<br \/>\n-pienso tambi\u00e9n en el jard\u00edn<br \/>\ny en las semillas que sembraste-<br \/>\nhabr\u00e1 de estar dispuesta<br \/>\nengalanada y primorosa<br \/>\ncon su alfombra persa<br \/>\ny su alcoba depurada<br \/>\ndonde el incienso arda hermoso<br \/>\ny las rosas se abran rojas<br \/>\nesperando tu regreso<br \/>\niluminado \u2013lo s\u00e9 bien-<br \/>\npor la bella disposici\u00f3n<br \/>\nque ir\u00e1n a tomar todas nuestras cosas.<\/p>\n<p style=\"padding-left: 40px;\">(2018). Viaje de Narciso. <em>Piedra Sagrada. <\/em>Madrid, Espa\u00f1a: Editorial Vitrubio, p. 36-37<\/p>\n<h4 style=\"padding-left: 40px;\"><strong>Diecinueve<\/strong><\/h4>\n<p style=\"padding-left: 40px;\">1<\/p>\n<p style=\"padding-left: 40px;\">Si penetra el silencio todo se abre.<\/p>\n<p style=\"padding-left: 40px;\">2<\/p>\n<p style=\"padding-left: 40px;\">La imaginaci\u00f3n es el ojo del alma, c\u00edclope o tit\u00e1n muy escaso.<\/p>\n<p style=\"padding-left: 40px;\">3<\/p>\n<p style=\"padding-left: 40px;\">Nada hay m\u00e1s profundo que el silencio; ninguna puerta m\u00e1s hermosa que el vac\u00edo.<\/p>\n<p style=\"padding-left: 40px;\">4<\/p>\n<p style=\"padding-left: 40px;\">Muy pocos entienden el silencio.<\/p>\n<figure id=\"attachment_7189\" aria-describedby=\"caption-attachment-7189\" style=\"width: 640px\" class=\"wp-caption aligncenter\"><img loading=\"lazy\" decoding=\"async\" class=\"wp-image-7189 size-large\" src=\"https:\/\/tiberiades.org\/wp-content\/uploads\/2022\/11\/3-Gary-Daher-siendo-presentado-por-Alencart-durante-la-tertulia-celebrada-en-el-Colegio-Fonseca-2018-1024x532.jpg\" alt=\"\" width=\"640\" height=\"333\" srcset=\"https:\/\/tiberiades.org\/wp-content\/uploads\/2022\/11\/3-Gary-Daher-siendo-presentado-por-Alencart-durante-la-tertulia-celebrada-en-el-Colegio-Fonseca-2018-1024x532.jpg 1024w, https:\/\/tiberiades.org\/wp-content\/uploads\/2022\/11\/3-Gary-Daher-siendo-presentado-por-Alencart-durante-la-tertulia-celebrada-en-el-Colegio-Fonseca-2018-300x156.jpg 300w, https:\/\/tiberiades.org\/wp-content\/uploads\/2022\/11\/3-Gary-Daher-siendo-presentado-por-Alencart-durante-la-tertulia-celebrada-en-el-Colegio-Fonseca-2018-768x399.jpg 768w, https:\/\/tiberiades.org\/wp-content\/uploads\/2022\/11\/3-Gary-Daher-siendo-presentado-por-Alencart-durante-la-tertulia-celebrada-en-el-Colegio-Fonseca-2018-1536x797.jpg 1536w, https:\/\/tiberiades.org\/wp-content\/uploads\/2022\/11\/3-Gary-Daher-siendo-presentado-por-Alencart-durante-la-tertulia-celebrada-en-el-Colegio-Fonseca-2018-2048x1063.jpg 2048w\" sizes=\"auto, (max-width: 640px) 100vw, 640px\" \/><figcaption id=\"caption-attachment-7189\" class=\"wp-caption-text\">Gary Daher siendo presentado por Alencart durante la tertulia celebrada en el Colegio Fonseca (2018)<\/figcaption><\/figure>\n<h4 style=\"padding-left: 40px;\"><strong>Trece<\/strong><\/h4>\n<p style=\"padding-left: 40px;\">1<\/p>\n<p style=\"padding-left: 40px;\">Los jaguares existimos en tus sue\u00f1os.<\/p>\n<p style=\"padding-left: 40px;\">2<\/p>\n<p style=\"padding-left: 40px;\">En un universo paralelo, todos somos jaguares.<\/p>\n<p style=\"padding-left: 40px;\">3<\/p>\n<p style=\"padding-left: 40px;\">El aliento del tigre, que eres t\u00fa mismo en esp\u00edritu, caldea la tierra. Pero t\u00fa duermes indiferente, mientras los animales que el tigre necesita se campean devorando tu hacienda y ensuciando tu patio.<\/p>\n<p style=\"padding-left: 40px;\">4<\/p>\n<p style=\"padding-left: 40px;\">Los jaguares y los pumas saben que viven en \u00e9ste; pero son de otro mundo.<\/p>\n<h4 style=\"padding-left: 40px;\"><strong>Cartas quemadas<\/strong><\/h4>\n<p style=\"padding-left: 40px;\">Las has guardado tanto tiempo<br \/>\nque solo huelen a esc\u00e1ndalo<br \/>\nuna tras una nos hablan de otros d\u00edas<br \/>\nde deseos inimaginables y lejanos<br \/>\ny de uvas<br \/>\ny de vinos escanciados hasta las heces<br \/>\naquello que no se complet\u00f3<br \/>\nde tan prohibido.<\/p>\n<p style=\"padding-left: 40px;\">Quemadas en el patio<br \/>\nya no significan nada<br \/>\nsolamente el carb\u00f3n de los a\u00f1os<br \/>\ny tu fruta alguna vez<br \/>\nsupuesto nido de ternura<br \/>\napenas una brizna de bandera de papel negro con el viento.<\/p>\n<p style=\"padding-left: 40px;\">Las fotograf\u00edas tambi\u00e9n<br \/>\nencargadas a la feracidad de la tierra<br \/>\nse multiplicar\u00e1n en la memoria<br \/>\ncomo tu nombre lo hizo alguna vez<br \/>\nen cada aliento.<\/p>\n<p style=\"padding-left: 40px;\">Nada eres nada soy<br \/>\nesto que fue nunca sucedi\u00f3<br \/>\ny la memoria siempre traicionera<br \/>\nser\u00e1 hoy por hoy<br \/>\nnuestra \u00fanica playa incierta.<\/p>\n<p><strong>\u00a0<\/strong><\/p>\n<figure id=\"attachment_7190\" aria-describedby=\"caption-attachment-7190\" style=\"width: 674px\" class=\"wp-caption aligncenter\"><img loading=\"lazy\" decoding=\"async\" class=\"wp-image-7190 size-full\" src=\"https:\/\/tiberiades.org\/wp-content\/uploads\/2022\/11\/4-Alencart-y-Daher-en-Santa-Cruz-de-la-Sierra-agosto-de-2022.jpeg\" alt=\"\" width=\"674\" height=\"373\" srcset=\"https:\/\/tiberiades.org\/wp-content\/uploads\/2022\/11\/4-Alencart-y-Daher-en-Santa-Cruz-de-la-Sierra-agosto-de-2022.jpeg 674w, https:\/\/tiberiades.org\/wp-content\/uploads\/2022\/11\/4-Alencart-y-Daher-en-Santa-Cruz-de-la-Sierra-agosto-de-2022-300x166.jpeg 300w\" sizes=\"auto, (max-width: 674px) 100vw, 674px\" \/><figcaption id=\"caption-attachment-7190\" class=\"wp-caption-text\">Alencart y Daher en Santa Cruz de la Sierra (agosto de 2022)<\/figcaption><\/figure>\n<p><strong>\u00a0<\/strong><\/p>\n<h4 style=\"padding-left: 40px; text-align: left;\"><strong>Ef\u00edmera ave<\/strong><\/h4>\n<p style=\"padding-left: 40px; text-align: right;\"><em>A Leopoldo Castilla<\/em><\/p>\n<p style=\"padding-left: 40px;\">Visto a trav\u00e9s de la malla<br \/>\nmilim\u00e9trica<br \/>\naterriza un p\u00e1jaro en mi jard\u00edn<br \/>\npeque\u00f1o<br \/>\ndiminuto como los gorriones<\/p>\n<p style=\"padding-left: 40px;\">sin pretender decir que lo sea<br \/>\ninclusive que sea cualquier ave<br \/>\nel fr\u00e1gil animal<br \/>\nfragmentado en pixeles<br \/>\npor el estampado de la malla<\/p>\n<p style=\"padding-left: 40px;\">y supongo que lo es<br \/>\nque es un p\u00e1jaro<br \/>\npor los movimientos discontinuos<br \/>\nde sus breves saltos sobre la hierba<br \/>\nsu leve figura busca suministro<br \/>\ncon su pico ni\u00f1o<br \/>\nentre las min\u00fasculas hojas del piso.<\/p>\n<p style=\"padding-left: 40px;\">\u00bfQu\u00e9 tipo de viandas<br \/>\npuede encontrar en este jard\u00edn<br \/>\nhecho apenas de un papayo joven<br \/>\ny una palmera india?<\/p>\n<p style=\"padding-left: 40px;\">El pasto<br \/>\nme digo<br \/>\nel pasto es donde se esconde el alimento.<\/p>\n<p style=\"padding-left: 40px;\">A punto estoy de descifrar el misterio<br \/>\ny es como un h\u00e1lito po\u00e9tico que lo precede<br \/>\npero siempre hay<br \/>\nde repente<br \/>\nun algo que violenta<br \/>\nquiz\u00e1s la brisa que sopla m\u00e1s fuerte<br \/>\no la sensibilidad de la misma ave<br \/>\npresintiendo en mi jard\u00edn un no jard\u00edn<br \/>\nm\u00e1s bien un erial<br \/>\nuna tierra vac\u00eda<br \/>\nuna ficci\u00f3n<br \/>\nuna reducida mancha verde<br \/>\nen el patio de la casa.<\/p>\n<p style=\"padding-left: 40px;\">As\u00ed de pronto<br \/>\nel p\u00e1jaro aletea<br \/>\nlevanta vuelo<br \/>\ny dibujado en pixeles como vino<br \/>\nse pierde<br \/>\ndesaparece.<\/p>\n<p style=\"padding-left: 40px;\">Entonces la casa vuelve a la realidad<br \/>\na su dura estancia<br \/>\npero las cosas comunes de todos los d\u00edas<br \/>\nse sienten iluminadas<br \/>\ncomo si su presencia<br \/>\nef\u00edmera<br \/>\nlas hubiese dotado de fugaces certezas<br \/>\ne interminables sentidos.<\/p>\n<p><img loading=\"lazy\" decoding=\"async\" class=\"aligncenter wp-image-7191 size-large\" src=\"https:\/\/tiberiades.org\/wp-content\/uploads\/2022\/11\/5-686x1024.jpg\" alt=\"\" width=\"640\" height=\"955\" srcset=\"https:\/\/tiberiades.org\/wp-content\/uploads\/2022\/11\/5-686x1024.jpg 686w, https:\/\/tiberiades.org\/wp-content\/uploads\/2022\/11\/5-201x300.jpg 201w, https:\/\/tiberiades.org\/wp-content\/uploads\/2022\/11\/5-768x1147.jpg 768w, https:\/\/tiberiades.org\/wp-content\/uploads\/2022\/11\/5-1028x1536.jpg 1028w, https:\/\/tiberiades.org\/wp-content\/uploads\/2022\/11\/5-1371x2048.jpg 1371w, https:\/\/tiberiades.org\/wp-content\/uploads\/2022\/11\/5-scaled.jpg 1714w\" sizes=\"auto, (max-width: 640px) 100vw, 640px\" \/><\/p>\n<p><em>GARY DAHER (Bolivia, 1956). Poeta, narrador y ensayista. Master en Estudios Avanzados de Literatura Espa\u00f1ola e Hispanoamericana. Autor de doce libros de poes\u00eda, tres novelas, un ensayo sobre poes\u00eda boliviana y un libro con poemas de Catulo y Safo, frutos de su traducci\u00f3n.\u00a0 En narrativa, ha publicado tres novelas, El Olor de las llaves (Ed. Milenio, 1999), El hu\u00e9sped (Ed. La Hoguera, 2004, Ed. Impacto, Ecuador, 2016) y El lugar imperfecto (Ed. Gente Com\u00fan, 2005). De sus diecisiete t\u00edtulos de obra literaria, en poes\u00eda, es autor de Poemas y Silencios (publicaci\u00f3n del autor, 1992), Los Templos (Ed. Arol, 1993), Desde el otro lado del oscuro espejo (Ed. Acci\u00f3n, 1995), Cantos desde un campo de mieses (FEMSC, 2001, Ed. El Perro y la Rana, Venezuela, 2008), Tamil (Ed. Gente Com\u00fan, 2006), Oruga Interior (Premio Yolanda Bedregal, Ed. Plural, 2006), Territorios de Guerra (Ed. Gente Com\u00fan, 2007), Viaje de Narciso (Ed. Plural, 2009), Antolog\u00eda Personal y otros poemas (Banda Hisp\u00e1nica, 2010), La Senda de Samai (Editorial 3600, 2013), y Jardines de Tlaloc (Editorial 3600, 2017). Estos tres \u00faltimos libros conforman una trilog\u00eda en la medida de una propuesta que marca un rumbo intenso hacia la indagaci\u00f3n humanista, la preponderancia del desaf\u00edo de la consciencia, y una metaf\u00edsica que parte del trabajo de los cuerpos. Esta trilog\u00eda fue publicada en 2018 bajo el nombre de Piedra Sagrada, por la Editorial Vitrubio, Madrid. El \u00faltimo libro publicado fue el volumen doble La Santa y la Cruz, 2019, Plural, La Paz, publicado junto al poeta abulense Jos\u00e9 Mar\u00eda Mu\u00f1oz Quir\u00f3s, en el cual participa con el libro Muralla Iluminada. Este trabajo es un intento de puente entre dos ciudades, ya que este libro el poeta espa\u00f1ol escribe poemas sobre Santa Cruz de la Sierra, y Gary Daher escribe poemas sobre \u00c1vila.<\/em><\/p>\n<figure id=\"attachment_7192\" aria-describedby=\"caption-attachment-7192\" style=\"width: 640px\" class=\"wp-caption aligncenter\"><img loading=\"lazy\" decoding=\"async\" class=\"wp-image-7192 size-large\" src=\"https:\/\/tiberiades.org\/wp-content\/uploads\/2022\/11\/6-Alencart-Marcela-Munoz-y-Daher-2018-1024x603.jpg\" alt=\"\" width=\"640\" height=\"377\" srcset=\"https:\/\/tiberiades.org\/wp-content\/uploads\/2022\/11\/6-Alencart-Marcela-Munoz-y-Daher-2018-1024x603.jpg 1024w, https:\/\/tiberiades.org\/wp-content\/uploads\/2022\/11\/6-Alencart-Marcela-Munoz-y-Daher-2018-300x177.jpg 300w, https:\/\/tiberiades.org\/wp-content\/uploads\/2022\/11\/6-Alencart-Marcela-Munoz-y-Daher-2018-768x452.jpg 768w, https:\/\/tiberiades.org\/wp-content\/uploads\/2022\/11\/6-Alencart-Marcela-Munoz-y-Daher-2018-1536x905.jpg 1536w, https:\/\/tiberiades.org\/wp-content\/uploads\/2022\/11\/6-Alencart-Marcela-Munoz-y-Daher-2018-2048x1206.jpg 2048w\" sizes=\"auto, (max-width: 640px) 100vw, 640px\" \/><figcaption id=\"caption-attachment-7192\" class=\"wp-caption-text\">Alencart, Marcela Mu\u00f1oz y Daher (2018)<\/figcaption><\/figure>\n<p><img loading=\"lazy\" decoding=\"async\" class=\"aligncenter size-full wp-image-7193\" src=\"https:\/\/tiberiades.org\/wp-content\/uploads\/2022\/11\/7.jpg\" alt=\"\" width=\"570\" height=\"474\" srcset=\"https:\/\/tiberiades.org\/wp-content\/uploads\/2022\/11\/7.jpg 570w, https:\/\/tiberiades.org\/wp-content\/uploads\/2022\/11\/7-300x249.jpg 300w\" sizes=\"auto, (max-width: 570px) 100vw, 570px\" \/><\/p>\n","protected":false},"excerpt":{"rendered":"<p>Tiber\u00edades agradece al poeta boliviano Gary Daher por permitirnos difundir algunos poemas de su libro Piedra Sagrada. Daher ha participado en una edici\u00f3n de los Encuentros de Poetas Iberoamericanos de Salamanca, adem\u00e1s de una tertulia sobre la poes\u00eda boliviana actual. Serie: Libros dedicados y\/o enviados al poeta A. P. Alencart \/1 Libro: Piedra Sagrada, Editorial Vitrubio, Madrid, 2018). Se\u00f1ales En [&hellip;]<\/p>\n","protected":false},"author":2,"featured_media":7187,"comment_status":"open","ping_status":"closed","sticky":false,"template":"","format":"standard","meta":{"footnotes":""},"categories":[19],"tags":[655],"class_list":["post-7195","post","type-post","status-publish","format-standard","has-post-thumbnail","hentry","category-poemas-de","tag-gary-daher"],"_links":{"self":[{"href":"https:\/\/tiberiades.org\/index.php?rest_route=\/wp\/v2\/posts\/7195","targetHints":{"allow":["GET"]}}],"collection":[{"href":"https:\/\/tiberiades.org\/index.php?rest_route=\/wp\/v2\/posts"}],"about":[{"href":"https:\/\/tiberiades.org\/index.php?rest_route=\/wp\/v2\/types\/post"}],"author":[{"embeddable":true,"href":"https:\/\/tiberiades.org\/index.php?rest_route=\/wp\/v2\/users\/2"}],"replies":[{"embeddable":true,"href":"https:\/\/tiberiades.org\/index.php?rest_route=%2Fwp%2Fv2%2Fcomments&post=7195"}],"version-history":[{"count":4,"href":"https:\/\/tiberiades.org\/index.php?rest_route=\/wp\/v2\/posts\/7195\/revisions"}],"predecessor-version":[{"id":7199,"href":"https:\/\/tiberiades.org\/index.php?rest_route=\/wp\/v2\/posts\/7195\/revisions\/7199"}],"wp:featuredmedia":[{"embeddable":true,"href":"https:\/\/tiberiades.org\/index.php?rest_route=\/wp\/v2\/media\/7187"}],"wp:attachment":[{"href":"https:\/\/tiberiades.org\/index.php?rest_route=%2Fwp%2Fv2%2Fmedia&parent=7195"}],"wp:term":[{"taxonomy":"category","embeddable":true,"href":"https:\/\/tiberiades.org\/index.php?rest_route=%2Fwp%2Fv2%2Fcategories&post=7195"},{"taxonomy":"post_tag","embeddable":true,"href":"https:\/\/tiberiades.org\/index.php?rest_route=%2Fwp%2Fv2%2Ftags&post=7195"}],"curies":[{"name":"wp","href":"https:\/\/api.w.org\/{rel}","templated":true}]}}