{"id":7216,"date":"2022-11-17T09:49:36","date_gmt":"2022-11-17T08:49:36","guid":{"rendered":"https:\/\/tiberiades.org\/?p=7216"},"modified":"2022-11-17T09:49:36","modified_gmt":"2022-11-17T08:49:36","slug":"omar-ortiz-minima-antologia-poetica","status":"publish","type":"post","link":"https:\/\/tiberiades.org\/?p=7216","title":{"rendered":"Omar Ortiz: M\u00ednima antolog\u00eda po\u00e9tica"},"content":{"rendered":"<p>&nbsp;<\/p>\n<p><em>Tiber\u00edades agradece al poeta colombiano Omar Ortiz por permitirnos difundir once poemas de su antolog\u00eda \u201cEl \u00e1rbol es un pueblo con alas\u201d (Nueva York Poetry Press, EE.UU., 2022)<\/em><\/p>\n<p><em>Serie: Libros dedicados y\/o enviados a A. P. Alencart \/5<\/em><\/p>\n<p>&nbsp;<\/p>\n<p><strong>\u00a0<\/strong><\/p>\n<h3 style=\"padding-left: 40px;\"><strong>LAS MUCHACHAS DEL CIRCO<\/strong><\/h3>\n<p style=\"padding-left: 40px;\">se escaparon una noche<br \/>\npor un roto que en la carpa hizo la luna,<br \/>\ny se lanzaron por este ancho mundo<br \/>\na repartir payasos, trapecistas, saltimbanquis, enanos<br \/>\ny toda una maravillosa fauna de osos y micos<br \/>\nque sab\u00edan el lenguaje de las nubes.<br \/>\nA nosotros,<br \/>\ny en eso radica parte de nuestra desgracia<br \/>\ns\u00f3lo nos toc\u00f3 uno mero,<br \/>\nel enano perverso.<\/p>\n<p style=\"padding-left: 40px;\">\n<em>De Las muchachas del circo <\/em>1983.<\/p>\n<p style=\"padding-left: 40px;\"><strong>\u00a0<\/strong><\/p>\n<h4 style=\"padding-left: 40px;\"><strong>1<\/strong><\/h4>\n<p style=\"padding-left: 40px;\">Primero fue la regi\u00f3n de la guayaba,<br \/>\ntierra de los cinco huecos,<br \/>\nel trompo bailador<br \/>\ny la bola mara.<br \/>\nAl Sur,<br \/>\nLos eucaliptos hacen parpadear las estrellas.<br \/>\nAl Norte,<br \/>\nla madre camina por el sendero de la leche,<br \/>\nla leche tibia y espumosa del orde\u00f1o.<br \/>\ndicen que el sol sale por Occidente<br \/>\nPero tengo mis dudas,<br \/>\nnunca despierta las cometas<br \/>\nni calienta el agua de Vitelma.<br \/>\nEn cambio, al Oriente,<br \/>\nlos copetones gorjean su \u00fanica canci\u00f3n:<br \/>\nla oraci\u00f3n de la tarde entre cerezos,<br \/>\npantalones ra\u00eddos,<br \/>\nraspaduras<br \/>\ny m\u00e1scaras del Santo.<\/p>\n<p style=\"padding-left: 40px;\">\n<em>De Diez regiones <\/em>1986<\/p>\n<p>&nbsp;<\/p>\n<h3 style=\"padding-left: 40px;\"><strong>TODOS LOS CARPINTEROS VAN AL CIELO<\/strong><\/h3>\n<p style=\"padding-left: 40px; text-align: right;\"><strong>\u00a0 \u00a0 \u00a0 \u00a0 \u00a0 \u00a0 \u00a0 \u00a0 \u00a0 \u00a0 \u00a0 \u00a0 \u00a0 \u00a0 \u00a0 \u00a0 \u00a0 \u00a0 \u00a0 \u00a0 \u00a0 \u00a0 \u00a0 \u00a0 \u00a0 \u00a0 \u00a0 \u00a0 \u00a0 \u00a0 \u00a0 \u00a0 \u00a0 \u00a0 \u00a0 \u00a0 \u00a0 \u00a0<\/strong><em>A Arnaldo Victoria<\/em><\/p>\n<p style=\"padding-left: 40px;\">Y tambi\u00e9n los sastres, los zapateros, los alba\u00f1iles,<br \/>\nlas costureras, los peluqueros, los artesanos,<br \/>\ny por supuesto, las putas y algunos buenos poetas.<\/p>\n<p style=\"padding-left: 40px;\">Los malos poetas, en cambio,<br \/>\nllegan directamente al infierno<br \/>\ndonde son condenados a construir<br \/>\nun \u00fanico y eterno poema<br \/>\nque sea como \u00c9l, perfecto.<\/p>\n<p style=\"padding-left: 40px;\">\n<em>De Los espejos del olvido <\/em>1991.<\/p>\n<p><img loading=\"lazy\" decoding=\"async\" class=\"aligncenter size-large wp-image-7212\" src=\"https:\/\/tiberiades.org\/wp-content\/uploads\/2022\/11\/2-3-1024x752.jpg\" alt=\"\" width=\"640\" height=\"470\" srcset=\"https:\/\/tiberiades.org\/wp-content\/uploads\/2022\/11\/2-3-1024x752.jpg 1024w, https:\/\/tiberiades.org\/wp-content\/uploads\/2022\/11\/2-3-300x220.jpg 300w, https:\/\/tiberiades.org\/wp-content\/uploads\/2022\/11\/2-3-768x564.jpg 768w, https:\/\/tiberiades.org\/wp-content\/uploads\/2022\/11\/2-3-1536x1128.jpg 1536w, https:\/\/tiberiades.org\/wp-content\/uploads\/2022\/11\/2-3-2048x1504.jpg 2048w\" sizes=\"auto, (max-width: 640px) 100vw, 640px\" \/><\/p>\n<h3 style=\"padding-left: 40px;\">\n<strong>ALBATROS<\/strong><\/h3>\n<p style=\"padding-left: 40px;\">Frente a la ventana, el viejo marinero<br \/>\nSue\u00f1a las ballenas que navegan por su alma<br \/>\nY que el ojo feroz no arpone\u00f3.<br \/>\nSu coraz\u00f3n es de verdad un \u00fanico<br \/>\nCementerio marino. No el del poema.<br \/>\nEl que viaja en esa peque\u00f1a ola<br \/>\nQue rueda lentamente por su mejilla.<\/p>\n<p style=\"padding-left: 40px;\">\n<em>De Un <\/em>jard\u00edn<em> para Milena <\/em>1993<\/p>\n<p>&nbsp;<\/p>\n<p>&nbsp;<\/p>\n<h3 style=\"padding-left: 40px;\"><strong>LA BARCA<\/strong><\/h3>\n<p style=\"padding-left: 40px;\">Yo, Zen\u00f3n de Yampupata, salvador del poeta<br \/>\ny de su amada,<br \/>\nnavego el mar, espuma de oveja,<br \/>\ntrueno de jaguar, viento del c\u00f3ndor.<\/p>\n<p style=\"padding-left: 40px;\">No s\u00e9, ni me interesa, si Odiseo es taxista en Lima<br \/>\no cambista en el Cuzco.<br \/>\nSi Marco Polo es un santo y se\u00f1a de Sendero.<br \/>\nSi Col\u00f3n lleg\u00f3 antes o despu\u00e9s de Eric el Rojo.<\/p>\n<p style=\"padding-left: 40px;\">No he cruzado el Aqueronte, pero he caminado<br \/>\nnueve monta\u00f1as y nueve valles<br \/>\npor un pu\u00f1ado de sal.<\/p>\n<p style=\"padding-left: 40px;\">Mi casa est\u00e1 a mitad de camino entre el sol y la luna,<br \/>\nes hecha de la ca\u00f1a que llamamos \u201ctotora\u201d,<br \/>\ny pasan por all\u00ed algunos viajeros,<br \/>\n(no todos, asustados mus\u00f3grafos<br \/>\nque no porf\u00edan un verso o un conjuro)<\/p>\n<p style=\"padding-left: 40px;\">Mi barca \u201cEl Avaroa\u201d, es la liebre,<br \/>\nAquiles, la lancha voladora del hotel de turismo.<br \/>\nAun as\u00ed, no se en verdad, si pierda o gane.<\/p>\n<p style=\"padding-left: 40px;\">\n<p style=\"padding-left: 40px;\"><em>De El libro de las cosas.<\/em>1995<\/p>\n<p>&nbsp;<\/p>\n<h3 style=\"padding-left: 40px;\">\n<strong>DE ALGUNAS CERTEZAS<\/strong><\/h3>\n<p style=\"padding-left: 40px;\">Los pueblos africanos<br \/>\nVeneran la ara\u00f1a como aminal sagrado.<br \/>\nSaben que si una ara\u00f1a de Dahomey<br \/>\nSe une a la de Hait\u00ed,<br \/>\nUna de la Sierra Leona a otra de Samarcanda,<br \/>\nLas de Angola con las de Quibd\u00f3,<br \/>\nLas de Guinea con las de Bah\u00eda,<br \/>\nLas de T\u00e1nger con las de Nueva Orleans,<br \/>\nLas de Tetu\u00e1n con las de Zaire,<br \/>\nLas de Nueva Zelanda con las de Martinica,<br \/>\nY as\u00ed una tras otra,<br \/>\nLa tierra perecer\u00eda envuelta en su propia transparencia.<br \/>\nComo se, que el d\u00eda que no me ames,<br \/>\nLa ara\u00f1a que asola los \u00e1rboles anidar\u00e1 en mi coraz\u00f3n.<\/p>\n<p style=\"padding-left: 40px;\">\n<em>De La luna en el espejo<\/em> 1999<em>. <\/em><\/p>\n<p><em><br \/>\n<\/em><img loading=\"lazy\" decoding=\"async\" class=\"aligncenter size-full wp-image-7213\" src=\"https:\/\/tiberiades.org\/wp-content\/uploads\/2022\/11\/3.png\" alt=\"\" width=\"640\" height=\"454\" srcset=\"https:\/\/tiberiades.org\/wp-content\/uploads\/2022\/11\/3.png 640w, https:\/\/tiberiades.org\/wp-content\/uploads\/2022\/11\/3-300x213.png 300w\" sizes=\"auto, (max-width: 640px) 100vw, 640px\" \/><\/p>\n<h3 style=\"padding-left: 40px;\">\n<strong>ARIOSTO FIGUEROA<\/strong><\/h3>\n<p style=\"padding-left: 40px;\">No es El Mundo esta cantina descascarada por el tiempo.<br \/>\nEn sus paredes no se lee ninguna historia, lejos la leyenda.<br \/>\nNo hay muchachas, ni mezcal, ni siquiera asesinos.<br \/>\nNing\u00fan gringo bebe aqu\u00ed su \u00faltimo trago,<br \/>\nni se juega la vida en veinti\u00fan vasos un poeta encendido.<br \/>\nAlgunos parroquianos vienen y se aburren,<br \/>\ncomo se aburren con sus queridas o con el cura.<br \/>\nSi pasara un \u00e1ngel nadie levantar\u00eda la copa en su nombre.<br \/>\nSolo las moscas interrumpen la desesperanza.<br \/>\nUna mujer apareci\u00f3 una vez y pronunci\u00f3 tres palabras,<br \/>\nme cas\u00e9 con ella irresponsablemente.<br \/>\nDesde entonces entiendo el obstinado silencio de mis vecinos.<\/p>\n<p style=\"padding-left: 40px;\">\n<em>Del Diario de los seres an\u00f3nimos <\/em>2002<\/p>\n<p>&nbsp;<\/p>\n<h3 style=\"padding-left: 40px;\"><strong>LA CALLE DE LOS VIEJOS<\/strong><\/h3>\n<p style=\"padding-left: 40px;\">Es en realidad un parque, pero como alguna vez fue<br \/>\ncalle qued\u00f3 la costumbre de llamarla seg\u00fan su antig\u00fcedad<br \/>\nde sus contertulios. No hay en verdad mucho<br \/>\nque contar sobre la rutinaria reuni\u00f3n de<br \/>\njubilados que juegan ajedrez, tute y que saben de memoria<br \/>\nquienes han sido nosecuantos presidentes<br \/>\nde la rep\u00fablica, salvo, que una vez que fallecen,<br \/>\nregresan a platicar con sus amigos convertidos<br \/>\nen ardillas e iguanas.<\/p>\n<p style=\"padding-left: 40px;\">\n<em>De Las calles del viento <\/em>2004<\/p>\n<p>&nbsp;<\/p>\n<h3 style=\"padding-left: 40px;\">\n<p><strong>PANDI<\/strong><\/h3>\n<p style=\"padding-left: 40px;\">Eran los a\u00f1os en que los sue\u00f1os me habitaban.<br \/>\nComo el malabarista que se juega el alma<br \/>\nen compa\u00f1\u00eda de la muchacha que se alimenta de fuego,<br \/>\ntransit\u00e1bamos mi madre y yo sobre los muertos<br \/>\nque en el d\u00eda simulaban ser p\u00e1jaros ciegos.<br \/>\nPeregrinos de la piedra, en romer\u00eda a las aguas termales,<br \/>\nolorosas a azufre,<br \/>\ntop\u00e1bamos los l\u00edmites del inframundo,<br \/>\ndonde reinaba el jinete sin cabeza.<br \/>\nMi madre, como si nada ocurriera,<br \/>\nIba se\u00f1alando los nombres de los \u00e1rboles:<br \/>\neste es un guayac\u00e1n, dec\u00eda, aquel, un array\u00e1n,<br \/>\nel que esta junto a las grandes rocas, un guayabo,<br \/>\ny as\u00ed uno tras otro, desfilaban ocobos, guan\u00e1banos,<br \/>\ngualandayes, almendros,<br \/>\nmientras yo recordaba<br \/>\nel golpeteo de los cascos sobre las losas.<br \/>\nHoy, cuando solo quedan guijarros calcinados,<br \/>\ny no existen arboledas que podamos bautizar,<br \/>\nla voz de mi madre dibuja en mi memoria hermosos follajes.<\/p>\n<p style=\"padding-left: 40px;\">\n<em>De Cequiagrande <\/em>2011.<\/p>\n<p>&nbsp;<\/p>\n<h3 style=\"padding-left: 40px;\"><strong>PALABRAS COMO C\u00c1RCELES<\/strong><\/h3>\n<p style=\"padding-left: 40px;\">Algunos se construyen c\u00e1rceles de aire.<br \/>\nSi dan un paso fuera, caen en la incertidumbre de lo ignoto.<br \/>\nSe aburren, pero prefieren la comodidad de sus certezas,<br \/>\na la extra\u00f1a aventura de la incertidumbre.<br \/>\nUna vetusta patina cubre sus zapatos,<br \/>\ny usan capa dentro de la camisa almidonada.<br \/>\nAlgunas palabras forman intrincables alambradas<br \/>\nsobre la inocente p\u00e1gina.<br \/>\nFueron dichas por otros,<br \/>\npero el ensimismado las recoge,<br \/>\nlas hace suyas y las va instalando con mucha seriedad<br \/>\ny sapiencia donde alguna vez habito el asombro.<br \/>\nComo se vanaglorian de su encierro,<br \/>\ny son muy apreciados por las academias,<br \/>\ntienen asegurado el bronce y el plauso.<\/p>\n<p style=\"padding-left: 40px;\">\n<em>De Lista de espera<\/em> 2017<\/p>\n<p>&nbsp;<\/p>\n<h3 style=\"padding-left: 40px;\"><strong>PAISAJE URBANO<\/strong><\/h3>\n<p style=\"padding-left: 40px;\">La ciudad se recuesta a los cerros.<br \/>\nTodav\u00eda hacen m\u00fasica los guitarristas ciegos,<br \/>\ntan viejos como las losas donde mendigan las viudas<br \/>\ny alientan su odio los ni\u00f1os hu\u00e9rfanos.<br \/>\nA un costado, florecen las bromelias.<br \/>\nAves del para\u00edso, las llaman.<br \/>\nEl parque, me trae recuerdos.<br \/>\nNo se bien por donde llega la tarde.<br \/>\nEscucho un viejo rumor.<br \/>\nLas piedras multiplican el sonido del agua.<br \/>\nBajo el ficus mi o\u00eddo recoge los silbos<br \/>\nque tejen entre las ramas<br \/>\nlas encendidas flores de antiguas memorias.<br \/>\nEl \u00e1rbol es un pueblo con alas.<\/p>\n<p style=\"padding-left: 40px;\">\n<em>De Peque\u00f1a historia de mi pa\u00eds <\/em>2021<\/p>\n<p><img loading=\"lazy\" decoding=\"async\" class=\"aligncenter size-large wp-image-7214\" src=\"https:\/\/tiberiades.org\/wp-content\/uploads\/2022\/11\/4-1024x768.jpg\" alt=\"\" width=\"640\" height=\"480\" srcset=\"https:\/\/tiberiades.org\/wp-content\/uploads\/2022\/11\/4-1024x768.jpg 1024w, https:\/\/tiberiades.org\/wp-content\/uploads\/2022\/11\/4-300x225.jpg 300w, https:\/\/tiberiades.org\/wp-content\/uploads\/2022\/11\/4-768x576.jpg 768w, https:\/\/tiberiades.org\/wp-content\/uploads\/2022\/11\/4-1536x1152.jpg 1536w, https:\/\/tiberiades.org\/wp-content\/uploads\/2022\/11\/4.jpg 1815w\" sizes=\"auto, (max-width: 640px) 100vw, 640px\" \/><\/p>\n<p><em>OMAR ORTIZ. Si bien Omar naci\u00f3 en Bogot\u00e1, Colombia, en 1950, desde su infancia se ha relacionado con el Valle del Cauca por su familia paterna oriunda de Tulu\u00e1. Abogado de la Universidad de Santo Tom\u00e1s, es un decidido gestor cultural y como tal ocup\u00f3 la Gerencia Cultural del Valle cuando Gustavo \u00c1lvarez Gardeaz\u00e1bal fue gobernador de dicho departamento. Edita y dirige desde 1987 la revista de poes\u00eda \u201cLuna Nueva\u201d que completa 47 ediciones y 34 a\u00f1os de vida. Ha publicado por lo menos 13 libros de poes\u00eda de los cuales destacamos: \u201cLas muchachas del circo\u201d, \u201cDiez regiones\u201d, \u201cUn jard\u00edn para Milena\u201d, \u201cEl libro de las cosas\u201d, \u201cLa luna en el espejo\u201d, \u201cDiario de los seres an\u00f3nimos\u201d, \u201cCequiagrande\u201d, \u201cLista de espera\u201d, \u201cPeque\u00f1a historia de mi pa\u00eds\u201d. Ha sido publicado en Espa\u00f1a con su libro \u201cDiario de los seres an\u00f3nimos\u201d en edici\u00f3n ampliada y corregida, por la editorial \u201cLa Mirada Malva\u201d en 2015, y la editorial francesa L\u2019Harmattan, con sede en Par\u00eds, publica en 20019 una versi\u00f3n biling\u00fce de este mismo poemario con traducci\u00f3n del profesor Yves Monino. En el segundo a\u00f1o de la pandemia, 2021, la editorial \u201cLetra a Letra\u201d, le publica \u201cPeque\u00f1a historia de mi pa\u00eds\u201d, libro de poemas que es presentado en diversas ciudades colombianas y mexicanas. Este a\u00f1o, 2022, la editorial New York Poetry Press en su colecci\u00f3n de antolog\u00edas \u201cLa piedra de la locura\u201d, publica \u201cEl \u00e1rbol es un pueblo con alas. Antolog\u00eda Personal\u201d.<br \/>\nHa compilado los siguientes libros: \u201cEl yag\u00e9 y otros cuentos\u201d de Germ\u00e1n Cardona Cruz, \u201cLuna Nueva, muestra de poes\u00eda Latinoamericana actual\u201d, \u201cLuna Nueva, once miradas a la poes\u00eda colombiana\u201d, \u201cLuna Nueva diez y siete miradas a la poes\u00eda colombina actual\u201d, \u201cLuna Nueva diez y nueve miradas a la poes\u00eda colombiana\u201d, \u201cVivir la poes\u00eda, poetas en la UCEVA\u201d y \u201cContar en Tulu\u00e1, narradores en la UCEVA\u201d.<br \/>\nHa sido incluido en varias antolog\u00edas de poes\u00eda tanto nacionales como internacionales.<br \/>\nLa Universidad de Antioquia le concedi\u00f3 en 1995 el Premio Nacional de Poes\u00eda por su poemario \u201cEl libro de las cosas\u201d y la Alcald\u00eda de Tulu\u00e1 lo condecor\u00f3 en 1997 con la medalla al M\u00e9rito Cultural \u201cGerm\u00e1n Cardona Cruz\u201d. Actualmente es profesor de tiempo completo de la Universidad Central del Valle de Tulu\u00e1 y como tal dirige el Centro Cultural \u201cGustavo \u00c1lvarez Gardeaz\u00e1bal\u201d.<\/em><\/p>\n<p><img loading=\"lazy\" decoding=\"async\" class=\"aligncenter size-large wp-image-7215\" src=\"https:\/\/tiberiades.org\/wp-content\/uploads\/2022\/11\/5-1-799x1024.jpg\" alt=\"\" width=\"640\" height=\"820\" srcset=\"https:\/\/tiberiades.org\/wp-content\/uploads\/2022\/11\/5-1-799x1024.jpg 799w, https:\/\/tiberiades.org\/wp-content\/uploads\/2022\/11\/5-1-234x300.jpg 234w, https:\/\/tiberiades.org\/wp-content\/uploads\/2022\/11\/5-1-768x984.jpg 768w, https:\/\/tiberiades.org\/wp-content\/uploads\/2022\/11\/5-1-1199x1536.jpg 1199w, https:\/\/tiberiades.org\/wp-content\/uploads\/2022\/11\/5-1-1599x2048.jpg 1599w, https:\/\/tiberiades.org\/wp-content\/uploads\/2022\/11\/5-1-scaled.jpg 1999w\" sizes=\"auto, (max-width: 640px) 100vw, 640px\" \/><\/p>\n<p>&nbsp;<\/p>\n<p>&nbsp;<\/p>\n","protected":false},"excerpt":{"rendered":"<p>&nbsp; Tiber\u00edades agradece al poeta colombiano Omar Ortiz por permitirnos difundir once poemas de su antolog\u00eda \u201cEl \u00e1rbol es un pueblo con alas\u201d (Nueva York Poetry Press, EE.UU., 2022) Serie: Libros dedicados y\/o enviados a A. P. Alencart \/5 &nbsp; \u00a0 LAS MUCHACHAS DEL CIRCO se escaparon una noche por un roto que en la carpa hizo la luna, y [&hellip;]<\/p>\n","protected":false},"author":2,"featured_media":7211,"comment_status":"open","ping_status":"closed","sticky":false,"template":"","format":"standard","meta":{"footnotes":""},"categories":[19],"tags":[657],"class_list":["post-7216","post","type-post","status-publish","format-standard","has-post-thumbnail","hentry","category-poemas-de","tag-omar-ortiz"],"_links":{"self":[{"href":"https:\/\/tiberiades.org\/index.php?rest_route=\/wp\/v2\/posts\/7216","targetHints":{"allow":["GET"]}}],"collection":[{"href":"https:\/\/tiberiades.org\/index.php?rest_route=\/wp\/v2\/posts"}],"about":[{"href":"https:\/\/tiberiades.org\/index.php?rest_route=\/wp\/v2\/types\/post"}],"author":[{"embeddable":true,"href":"https:\/\/tiberiades.org\/index.php?rest_route=\/wp\/v2\/users\/2"}],"replies":[{"embeddable":true,"href":"https:\/\/tiberiades.org\/index.php?rest_route=%2Fwp%2Fv2%2Fcomments&post=7216"}],"version-history":[{"count":1,"href":"https:\/\/tiberiades.org\/index.php?rest_route=\/wp\/v2\/posts\/7216\/revisions"}],"predecessor-version":[{"id":7217,"href":"https:\/\/tiberiades.org\/index.php?rest_route=\/wp\/v2\/posts\/7216\/revisions\/7217"}],"wp:featuredmedia":[{"embeddable":true,"href":"https:\/\/tiberiades.org\/index.php?rest_route=\/wp\/v2\/media\/7211"}],"wp:attachment":[{"href":"https:\/\/tiberiades.org\/index.php?rest_route=%2Fwp%2Fv2%2Fmedia&parent=7216"}],"wp:term":[{"taxonomy":"category","embeddable":true,"href":"https:\/\/tiberiades.org\/index.php?rest_route=%2Fwp%2Fv2%2Fcategories&post=7216"},{"taxonomy":"post_tag","embeddable":true,"href":"https:\/\/tiberiades.org\/index.php?rest_route=%2Fwp%2Fv2%2Ftags&post=7216"}],"curies":[{"name":"wp","href":"https:\/\/api.w.org\/{rel}","templated":true}]}}