{"id":7236,"date":"2022-11-19T12:10:05","date_gmt":"2022-11-19T11:10:05","guid":{"rendered":"https:\/\/tiberiades.org\/?p=7236"},"modified":"2022-11-19T12:37:49","modified_gmt":"2022-11-19T11:37:49","slug":"harold-alva-multiplicacion-de-la-manana-y-otros-poemas","status":"publish","type":"post","link":"https:\/\/tiberiades.org\/?p=7236","title":{"rendered":"Harold Alva: \u2018Multiplicaci\u00f3n de la ma\u00f1ana\u2019 y otros poemas"},"content":{"rendered":"<p><em>Tiber\u00edades agradece al poeta peruano Harold Alva por permitirnos difundir <\/em><em>esta muestra de su libro \u201cTocado por la lluvia\u201d (Editorial Summa, Lima, 2002).<\/em><\/p>\n<p><em>Serie: Libros dedicados y\/o enviados a A. P. Alencart \/7<\/em><\/p>\n<h4><\/h4>\n<h4 style=\"padding-left: 40px;\">MULTIPLICACI\u00d3N DE LA MA\u00d1ANA<\/h4>\n<p style=\"padding-left: 40px;\">Las tres de la ma\u00f1ana,<br \/>\nsiempre son las tres de la ma\u00f1ana:<br \/>\nel reloj se detiene con la emoci\u00f3n de un gato<br \/>\nque rasga mis sandalias.<\/p>\n<p style=\"padding-left: 40px;\">Las voces llegan despacio<br \/>\nen idiomas que apenas reconozco,<br \/>\nel espejo muerde mis manos<br \/>\ncon los ojos que duplico en sus filamentos<br \/>\ncomo si acaso lo necesitara<br \/>\npara capturar su fe;<br \/>\nel miedo de las tar\u00e1ntulas teje una plegaria<br \/>\ncon la inseguridad de la serpiente.<\/p>\n<p style=\"padding-left: 40px;\">Yo soy el tacto impersonal de la vigilia,<br \/>\nel b\u00faho que se detiene<br \/>\nen la rama de aquel pino<br \/>\npara observar c\u00f3mo se quiebran<br \/>\nlos pies de su esqueleto,<br \/>\nlas alarmas de las casas que interpretan<br \/>\nla m\u00fasica del d\u00eda,<br \/>\nsu \u00e9poca de manifestaciones,<br \/>\nla emoci\u00f3n de los dementes<br \/>\nque acuchilla la tranquilidad de un incendio<br \/>\nque hace crepitar mi habitaci\u00f3n,<br \/>\nsu bosque de eucaliptos,<br \/>\nel avance irregular del agua<br \/>\nen los canales de esta ciudad<br \/>\nexpuesta al precipicio.<\/p>\n<p style=\"padding-left: 40px;\">Nada hay en la oscuridad,<br \/>\nnadie hay en la oscuridad,<br \/>\nsolo el vidrio duplic\u00e1ndome,<br \/>\narroj\u00e1ndole a mis palabras la cera de una vela,<br \/>\nel desequilibrio de un verso<br \/>\nque llega impuntual<br \/>\nen su diligente cruzada contra el fr\u00edo,<br \/>\ncontra la indolencia del lugar com\u00fan,<br \/>\ncontra la inconducta del otro que Soy Yo<br \/>\nhaciendo muecas para llamar tu atenci\u00f3n.<\/p>\n<p style=\"padding-left: 40px;\">La luna sabe lo que quiero decir,<br \/>\npor eso en sus cr\u00e1teres<br \/>\nha sembrado otra lengua,<br \/>\notro alfabeto<br \/>\npara desaprender las r\u00e9plicas.<\/p>\n<h4><\/h4>\n<h4 style=\"padding-left: 40px;\">YO ESQUIVABA ESTE POEMA<\/h4>\n<p style=\"padding-left: 40px;\">Este es el poema del que hui durante d\u00e9cadas,<br \/>\nEn sus verbos un le\u00f3n detiene sus fauces,<br \/>\nSabe que no gana nada si lo ataca,<br \/>\nPor eso lo rodea como quien le increpa<br \/>\nPor el filo de sus adverbios;<br \/>\nPor la tusa de sus im\u00e1genes<br \/>\nQue caen<br \/>\nCon la prepotencia de una serpiente<br \/>\nQue lo muerde por dentro,<br \/>\nYo esquivaba este poema: cerraba las puertas<br \/>\nPara que no tenga opci\u00f3n con sus recursos,<br \/>\nPor eso aprend\u00ed<br \/>\nA consumirme en las met\u00e1foras,<br \/>\nEn las ant\u00edtesis de la tarde<br \/>\nCuando el agua<br \/>\nDuplicaba las imperfecciones de mi calle:<br \/>\nFui el m\u00e1s puntual de sus escapistas,<br \/>\nEl lobo que con sus garras<br \/>\nEra capaz de quebrar la belleza de un Narciso<br \/>\nPregunt\u00e1ndose en la f\u00e1bula<br \/>\nSi sus dientes eran m\u00e1s perfectos y brutales<br \/>\nQue la convicci\u00f3n de un s\u00edmil<br \/>\nO de una hip\u00e9rbole que empa\u00f1a<br \/>\nLas ventanas de una casa;<br \/>\nEl alarido de quien sabe que ha perdido<br \/>\nEl m\u00fasculo de sus palabras,<br \/>\nLa fibra de su rabia,<br \/>\nEl relincho de aquellos caballos<br \/>\nQue galopan en la carretera<br \/>\nSin la prepotencia de sus escuadras;<br \/>\nYo me escond\u00ed durante a\u00f1os de este poema,<br \/>\nLo sabe el malec\u00f3n a donde iba a refugiarme,<br \/>\nLa Sa\u00e9nz Pe\u00f1a y el silencio de su alameda,<br \/>\nLa banca frente al Neptuno<br \/>\nSobre la que reinterpretaba esta barbarie,<br \/>\nEste nudo que no s\u00e9 c\u00f3mo desatar<br \/>\nAhora que el \u00e1ngel m\u00e1s bello de la masacre<br \/>\nMe dicta los mensajes,<br \/>\nLas cartas de navegaci\u00f3n,<br \/>\nEl ministerio de otras capitulaciones,<br \/>\nDe otro coso d\u00f3nde destajar<br \/>\nEl pellejo de otras bestias;<br \/>\nLo sabe tambi\u00e9n el cuervo de mi ni\u00f1ez,<br \/>\nSu aleteo que vislumbra los charcos<br \/>\nY las piedras donde aullaban<br \/>\nLos zorros de la ausencia.<br \/>\nYo escrib\u00eda huyendo de este poema,<br \/>\nAprend\u00ed a sobrevivir la muerte de mi padre<br \/>\nEscupi\u00e9ndole a la teolog\u00eda,<br \/>\nAl mito de sus libros,<br \/>\nAl misterio de la fundaci\u00f3n de estas ciudades,<br \/>\nVagu\u00e9 lustros derrotado por la tiniebla<br \/>\nHasta que un d\u00eda se abri\u00f3 frente a mis cauces<br \/>\nUna flor amarilla,<br \/>\nUn girasol habl\u00e1ndome<br \/>\nCon su lenguaje solar,<br \/>\nCon esa m\u00fasica sacra<br \/>\nQue me devolvi\u00f3 a la luz y sus fantasmas;<br \/>\nYo ensay\u00e9 para huir de este poema,<br \/>\nAprend\u00ed a convivir con la desolaci\u00f3n<br \/>\nReinvent\u00e1ndome,<br \/>\nPicote\u00e1ndome las plumas como un \u00e1guila<br \/>\nEn la monta\u00f1a m\u00e1s ins\u00f3lita,<br \/>\nDeb\u00eda blindar al animal que represento,<br \/>\nDeb\u00eda blindar mis manos y sus nervios,<br \/>\nLo esquiv\u00e9 porque una historia<br \/>\nEs escribir un poema sin padre<br \/>\nY otra historia<br \/>\nEs escribir un poema sin padre y sin madre,<br \/>\nSin sus ojos inund\u00e1ndome de parques,<br \/>\nSin sus ojos abiertos pobl\u00e1ndome de parques;<br \/>\nAhora, sin ra\u00edces,<br \/>\nEl tiempo es un orco que amenaza,<br \/>\nUn Polifemo que busca ciego<br \/>\nD\u00f3nde fundar su \u00cdtaca;<br \/>\nEste es el poema del que hui durante d\u00e9cadas,<br \/>\nEn sus verbos un le\u00f3n contin\u00faa al acecho<br \/>\nDe la primera manzana,<br \/>\nDe aquel soplo brutal<br \/>\nQue transform\u00f3 mis h\u00e1bitos de caza,<br \/>\nEn su boca arde un incendio forestal,<br \/>\nQuiero detenerlo o abrazarlo,<br \/>\nNo puedo:<br \/>\nYo soy el hombre negado por la lluvia,<br \/>\nEl trago impar de la madrugada,<br \/>\nLas \u00faltimas arcadas.<\/p>\n<p style=\"padding-left: 40px;\"><img loading=\"lazy\" decoding=\"async\" class=\"aligncenter size-large wp-image-7231\" src=\"https:\/\/tiberiades.org\/wp-content\/uploads\/2022\/11\/2-5-627x1024.jpg\" alt=\"\" width=\"627\" height=\"1024\" srcset=\"https:\/\/tiberiades.org\/wp-content\/uploads\/2022\/11\/2-5-627x1024.jpg 627w, https:\/\/tiberiades.org\/wp-content\/uploads\/2022\/11\/2-5-184x300.jpg 184w, https:\/\/tiberiades.org\/wp-content\/uploads\/2022\/11\/2-5-768x1253.jpg 768w, https:\/\/tiberiades.org\/wp-content\/uploads\/2022\/11\/2-5-941x1536.jpg 941w, https:\/\/tiberiades.org\/wp-content\/uploads\/2022\/11\/2-5-1255x2048.jpg 1255w, https:\/\/tiberiades.org\/wp-content\/uploads\/2022\/11\/2-5-scaled.jpg 1569w\" sizes=\"auto, (max-width: 627px) 100vw, 627px\" \/><\/p>\n<h4><\/h4>\n<h4 style=\"padding-left: 40px;\">NATURALEZA MUERTA<\/h4>\n<p style=\"padding-left: 40px;\">Pinto un \u00e1rbol a la altura del silencio,<br \/>\nUn r\u00edo a diez metros de distancia,<br \/>\n(para no ahogarlo),<br \/>\nUn lobo entre el follaje<br \/>\nAl acecho de las palabras,<br \/>\nPinto un cuervo en una de sus ramas,<br \/>\nUn libro de Pizarnik,<br \/>\nUna bit\u00e1cora: un mapa de lluvia<br \/>\nSobre el tronco singular de una pizarra.<\/p>\n<p style=\"padding-left: 40px;\">En Bogot\u00e1 el fr\u00edo es una figura literaria,<br \/>\nUn pretexto para intentar la lumbre<br \/>\nY en la lumbre<br \/>\nEl tacto imparcial de una fogata.<\/p>\n<h4><\/h4>\n<h4 style=\"padding-left: 40px;\">PRIMERA IMPRESI\u00d3N DE LA MA\u00d1ANA<\/h4>\n<p style=\"padding-left: 40px;\">Siempre hay una puerta<br \/>\nAl final del cielo<br \/>\nO una ventana que es lo mismo;<br \/>\nUn gato ara\u00f1ando la madera<br \/>\nO mordi\u00e9ndose la lengua,<br \/>\nQue es lo mismo;<br \/>\nSiempre hay una pregunta<br \/>\nAl otro lado de la carretera<br \/>\nO una respuesta sobre las dunas,<br \/>\nQue es lo mismo;<br \/>\nUn lobo al acecho de otro lobo,<br \/>\nUna cicatriz en los ojos,<br \/>\nUn mapa para encontrar el coraz\u00f3n<br \/>\nO el primer \u00e1rbol de manzanas,<br \/>\nQue es lo mismo;<br \/>\nSiempre hay un ciervo<br \/>\nbram\u00e1ndole al vac\u00edo<br \/>\nO una casa habitada por el miedo,<br \/>\nQue es lo mismo.<\/p>\n<p style=\"padding-left: 40px;\">Siempre hay un lugar<br \/>\nPara el refugio,<br \/>\nO una calle d\u00f3nde ocultar la voz,<br \/>\nQue no es lo mismo.<\/p>\n<h4><\/h4>\n<h4 style=\"padding-left: 40px;\">SPLEEN<\/h4>\n<p style=\"padding-left: 40px;\">Mi padre ven\u00eda a este parque,<br \/>\nSe sentaba en una de sus bancas,<br \/>\nAcaso en esta donde toco<br \/>\nLa cal del crep\u00fasculo que advierte<br \/>\nLa lengua de un orate<br \/>\nQue le hace una llave a mi nostalgia,<br \/>\nYo lo observaba a prudente distancia<br \/>\nY pensaba en los a\u00f1os<br \/>\nCuando me hablaba de sus haza\u00f1as,<br \/>\nDe su punter\u00eda con las armas,<br \/>\nDe su habilidad para infiltrarse<br \/>\nEn las bandas que asolaron<br \/>\nLa tranquilidad de esta ciudad,<br \/>\nSus calles como lagartos;<br \/>\nY pensaba cu\u00e1nto tendr\u00eda que pasar<br \/>\nPara relevarlo de ese h\u00e1bito<br \/>\nDe contarle a los parroquianos<br \/>\nLos nombres y apellidos<br \/>\nDe todos sus fantasmas,<br \/>\nY calculaba en los relojes<br \/>\nLos d\u00edas que faltaban;<br \/>\nY me imaginaba con canas<br \/>\nSentado aqu\u00ed<br \/>\nNarrando sus haza\u00f1as:<br \/>\nJam\u00e1s advert\u00ed<br \/>\nQue el calendario me har\u00eda trampa<br \/>\nY que a los cuarenta y cuatro<br \/>\nLa nieve caer\u00eda en mis palabras.<br \/>\nAhora, no hay nadie en este parque,<br \/>\nNi una sombra a quien hablarle,<br \/>\nSolo el fantasma de mi padre,<br \/>\nMirando a prudente distancia,<br \/>\nC\u00f3mo lo extra\u00f1o<br \/>\nEn esta vieja banca.<\/p>\n<figure id=\"attachment_7232\" aria-describedby=\"caption-attachment-7232\" style=\"width: 640px\" class=\"wp-caption aligncenter\"><img loading=\"lazy\" decoding=\"async\" class=\"size-large wp-image-7232\" src=\"https:\/\/tiberiades.org\/wp-content\/uploads\/2022\/11\/3-Harold-Alva-Luis-Diaz-Granados-y-A.-P.-Alencart-en-el-Gimnasio-Moderno-de-Bogota-2022-1024x598.jpg\" alt=\"\" width=\"640\" height=\"374\" srcset=\"https:\/\/tiberiades.org\/wp-content\/uploads\/2022\/11\/3-Harold-Alva-Luis-Diaz-Granados-y-A.-P.-Alencart-en-el-Gimnasio-Moderno-de-Bogota-2022-1024x598.jpg 1024w, https:\/\/tiberiades.org\/wp-content\/uploads\/2022\/11\/3-Harold-Alva-Luis-Diaz-Granados-y-A.-P.-Alencart-en-el-Gimnasio-Moderno-de-Bogota-2022-300x175.jpg 300w, https:\/\/tiberiades.org\/wp-content\/uploads\/2022\/11\/3-Harold-Alva-Luis-Diaz-Granados-y-A.-P.-Alencart-en-el-Gimnasio-Moderno-de-Bogota-2022-768x448.jpg 768w, https:\/\/tiberiades.org\/wp-content\/uploads\/2022\/11\/3-Harold-Alva-Luis-Diaz-Granados-y-A.-P.-Alencart-en-el-Gimnasio-Moderno-de-Bogota-2022-1536x897.jpg 1536w, https:\/\/tiberiades.org\/wp-content\/uploads\/2022\/11\/3-Harold-Alva-Luis-Diaz-Granados-y-A.-P.-Alencart-en-el-Gimnasio-Moderno-de-Bogota-2022-2048x1196.jpg 2048w\" sizes=\"auto, (max-width: 640px) 100vw, 640px\" \/><figcaption id=\"caption-attachment-7232\" class=\"wp-caption-text\">Harold Alva, Luis D\u00edaz-Granados y A. P. Alencart, en el Gimnasio Moderno de Bogot\u00e1 (2022)<\/figcaption><\/figure>\n<h4><\/h4>\n<h4 style=\"padding-left: 40px;\">NOCTURNO DEL CUERVO<\/h4>\n<p style=\"padding-left: 40px;\">Un cuervo sabe<br \/>\nde qu\u00e9 est\u00e1 hecho el precipicio,<br \/>\npor eso lo enfrenta:<br \/>\nlo cubre con sus alas.<\/p>\n<p style=\"padding-left: 40px;\">Un cuervo grazna<br \/>\nporque decidi\u00f3 romper con las palabras,<br \/>\ncon su ret\u00f3rica de met\u00e1foras,<br \/>\nel vidrio donde acude<br \/>\npara reconciliarse con la fragua;<br \/>\ncon aquellas manchas<br \/>\nque aprendi\u00f3 a interpretar<br \/>\ncuando se calla:<br \/>\nla m\u00faltiple contradicci\u00f3n<br \/>\nque termina ensuci\u00e1ndole las aguas.<\/p>\n<p style=\"padding-left: 40px;\">Un cuervo lleva el coraz\u00f3n<br \/>\napret\u00e1ndolo a sus garras,<br \/>\npor eso contin\u00faa,<br \/>\npor eso ilumina el vac\u00edo:<br \/>\nlo cubre con sus alas.<\/p>\n<h4><\/h4>\n<h4 style=\"padding-left: 40px;\">REPASO<\/h4>\n<p style=\"padding-left: 40px;\">Un hombre se detiene<br \/>\nal centro de la madrugada:<br \/>\nobserva sus manos con el desconcierto<br \/>\nde quien no sabe cu\u00e1ndo perdi\u00f3 sus alas,<br \/>\npregunta por su nombre,<br \/>\nescribe sobre el \u00e1rbol<br \/>\ndonde le\u00eda con los p\u00e1jaros,<br \/>\nse toca los ojos<br \/>\ncon la inseguridad de un ciego<br \/>\nque desconoce los dedos del rel\u00e1mpago<br \/>\ny se pregunta si la lluvia<br \/>\ntiene algo que ver<br \/>\ncon las voces que lo llaman.<\/p>\n<p style=\"padding-left: 40px;\">Un hombre repasa<br \/>\nel zumbido de las flechas,<br \/>\nla incertidumbre por el blanco,<br \/>\nla velocidad de su acci\u00f3n<br \/>\nen la empu\u00f1adura del arco.<\/p>\n<p style=\"padding-left: 40px;\">Nadie hay alrededor,<br \/>\nsolo la sospecha de un poema,<br \/>\nsus l\u00edneas clav\u00e1ndose<br \/>\ncon el \u00edmpetu de una campana<br \/>\ny su voz, encendida,<br \/>\nescribi\u00e9ndose en las ventanas.<\/p>\n<p><em>Harold Alva (Piura, Per\u00fa, 1978).<\/em> <em>Escritor y analista pol\u00edtico. Fundador del Festival Internacional Primavera Po\u00e9tica, del suplemento ContraPoder que publica con el Diario Expreso, de Editorial Summa y de Estaci\u00f3n Central Producciones. Entre su obra destaca \u201cMorada &amp; Sombras\u201d (1998), \u201cLibro de Tierra\u201d (2000), \u201cSotto Voce\u201d (Fondo Editorial de la Universidad Inca Garcilaso de la Vega, 2003), \u201cLima\u201d (La cuarta edici\u00f3n fue publicada por la Municipalidad de Lima en un tiraje de diez mil ejemplares), \u201cLa \u00e9pica del desastre\u201d (Valpara\u00edso Ediciones, Espa\u00f1a, 2021), \u201cA tiempo completo\u201d (Universidad Nacional del Altiplano, Puno, Per\u00fa, 2021), \u201cTocado por la lluvia\u201d (Publicado por El Suri Porfiado, Argentina; Valpara\u00edso Ediciones, Espa\u00f1a; Mago Editores, Chile, y Editorial Summa, Per\u00fa, 2022), la antolog\u00eda de poes\u00eda iberoamericana \u201c La Primera L\u00ednea\u201d, publicada en coedici\u00f3n con el Ministerio de Cultura del Per\u00fa, entre otros libros. Ha participado en ferias internacionales y festivales de poes\u00eda en Chile, Argentina, Ecuador, Colombia, EEUU, Espa\u00f1a y Portugal. Fue director cultural de la C\u00e1mara Peruana del Libro, conductor y productor de radio y televisi\u00f3n, candidato a la alcald\u00eda de Lima (2017) y al Congreso de la Rep\u00fablica (2020). El 2021 el Ayuntamiento de Salamanca (Espa\u00f1a) lo reconoci\u00f3 como Hu\u00e9sped Distinguido. Actualmente preside la Fundaci\u00f3n Iberoamericana para las Artes.<\/em><\/p>\n<figure id=\"attachment_7233\" aria-describedby=\"caption-attachment-7233\" style=\"width: 640px\" class=\"wp-caption aligncenter\"><img loading=\"lazy\" decoding=\"async\" class=\"size-large wp-image-7233\" src=\"https:\/\/tiberiades.org\/wp-content\/uploads\/2022\/11\/4-El-poeta-peruano-Harold-Alva-760x1024.jpeg\" alt=\"\" width=\"640\" height=\"862\" srcset=\"https:\/\/tiberiades.org\/wp-content\/uploads\/2022\/11\/4-El-poeta-peruano-Harold-Alva-760x1024.jpeg 760w, https:\/\/tiberiades.org\/wp-content\/uploads\/2022\/11\/4-El-poeta-peruano-Harold-Alva-223x300.jpeg 223w, https:\/\/tiberiades.org\/wp-content\/uploads\/2022\/11\/4-El-poeta-peruano-Harold-Alva-768x1034.jpeg 768w, https:\/\/tiberiades.org\/wp-content\/uploads\/2022\/11\/4-El-poeta-peruano-Harold-Alva-1140x1536.jpeg 1140w, https:\/\/tiberiades.org\/wp-content\/uploads\/2022\/11\/4-El-poeta-peruano-Harold-Alva.jpeg 1188w\" sizes=\"auto, (max-width: 640px) 100vw, 640px\" \/><figcaption id=\"caption-attachment-7233\" class=\"wp-caption-text\">El poeta peruano Harold Alva<\/figcaption><\/figure>\n<p><img loading=\"lazy\" decoding=\"async\" class=\"aligncenter size-large wp-image-7234\" src=\"https:\/\/tiberiades.org\/wp-content\/uploads\/2022\/11\/5-2-588x1024.jpg\" alt=\"\" width=\"588\" height=\"1024\" srcset=\"https:\/\/tiberiades.org\/wp-content\/uploads\/2022\/11\/5-2-588x1024.jpg 588w, https:\/\/tiberiades.org\/wp-content\/uploads\/2022\/11\/5-2-172x300.jpg 172w, https:\/\/tiberiades.org\/wp-content\/uploads\/2022\/11\/5-2-768x1337.jpg 768w, https:\/\/tiberiades.org\/wp-content\/uploads\/2022\/11\/5-2-882x1536.jpg 882w, https:\/\/tiberiades.org\/wp-content\/uploads\/2022\/11\/5-2-1177x2048.jpg 1177w, https:\/\/tiberiades.org\/wp-content\/uploads\/2022\/11\/5-2-scaled.jpg 1471w\" sizes=\"auto, (max-width: 588px) 100vw, 588px\" \/><\/p>\n<figure id=\"attachment_7235\" aria-describedby=\"caption-attachment-7235\" style=\"width: 640px\" class=\"wp-caption aligncenter\"><img loading=\"lazy\" decoding=\"async\" class=\"size-large wp-image-7235\" src=\"https:\/\/tiberiades.org\/wp-content\/uploads\/2022\/11\/6-Los-poetas-A.-P.-Alencart-Luz-Mary-Giraldo-y-Harold-Alva-en-Bogota-2022-1024x790.jpeg\" alt=\"\" width=\"640\" height=\"494\" srcset=\"https:\/\/tiberiades.org\/wp-content\/uploads\/2022\/11\/6-Los-poetas-A.-P.-Alencart-Luz-Mary-Giraldo-y-Harold-Alva-en-Bogota-2022-1024x790.jpeg 1024w, https:\/\/tiberiades.org\/wp-content\/uploads\/2022\/11\/6-Los-poetas-A.-P.-Alencart-Luz-Mary-Giraldo-y-Harold-Alva-en-Bogota-2022-300x231.jpeg 300w, https:\/\/tiberiades.org\/wp-content\/uploads\/2022\/11\/6-Los-poetas-A.-P.-Alencart-Luz-Mary-Giraldo-y-Harold-Alva-en-Bogota-2022-768x592.jpeg 768w, https:\/\/tiberiades.org\/wp-content\/uploads\/2022\/11\/6-Los-poetas-A.-P.-Alencart-Luz-Mary-Giraldo-y-Harold-Alva-en-Bogota-2022.jpeg 1280w\" sizes=\"auto, (max-width: 640px) 100vw, 640px\" \/><figcaption id=\"caption-attachment-7235\" class=\"wp-caption-text\">Los poetas A. P. Alencart, Luz Mary Giraldo y Harold Alva, en Bogot\u00e1 (2022)<\/figcaption><\/figure>\n<p>Foto de cabecera: Selfi de Harold Alva acompa\u00f1ado por A. P. Alencart y H\u00e9ctor Hern\u00e1ndez Montecinos, en Bogot\u00e1<\/p>\n","protected":false},"excerpt":{"rendered":"<p>Tiber\u00edades agradece al poeta peruano Harold Alva por permitirnos difundir esta muestra de su libro \u201cTocado por la lluvia\u201d (Editorial Summa, Lima, 2002). Serie: Libros dedicados y\/o enviados a A. P. Alencart \/7 MULTIPLICACI\u00d3N DE LA MA\u00d1ANA Las tres de la ma\u00f1ana, siempre son las tres de la ma\u00f1ana: el reloj se detiene con la emoci\u00f3n de un gato que [&hellip;]<\/p>\n","protected":false},"author":2,"featured_media":7230,"comment_status":"open","ping_status":"closed","sticky":false,"template":"","format":"standard","meta":{"footnotes":""},"categories":[19],"tags":[659],"class_list":["post-7236","post","type-post","status-publish","format-standard","has-post-thumbnail","hentry","category-poemas-de","tag-harold-alva"],"_links":{"self":[{"href":"https:\/\/tiberiades.org\/index.php?rest_route=\/wp\/v2\/posts\/7236","targetHints":{"allow":["GET"]}}],"collection":[{"href":"https:\/\/tiberiades.org\/index.php?rest_route=\/wp\/v2\/posts"}],"about":[{"href":"https:\/\/tiberiades.org\/index.php?rest_route=\/wp\/v2\/types\/post"}],"author":[{"embeddable":true,"href":"https:\/\/tiberiades.org\/index.php?rest_route=\/wp\/v2\/users\/2"}],"replies":[{"embeddable":true,"href":"https:\/\/tiberiades.org\/index.php?rest_route=%2Fwp%2Fv2%2Fcomments&post=7236"}],"version-history":[{"count":4,"href":"https:\/\/tiberiades.org\/index.php?rest_route=\/wp\/v2\/posts\/7236\/revisions"}],"predecessor-version":[{"id":7241,"href":"https:\/\/tiberiades.org\/index.php?rest_route=\/wp\/v2\/posts\/7236\/revisions\/7241"}],"wp:featuredmedia":[{"embeddable":true,"href":"https:\/\/tiberiades.org\/index.php?rest_route=\/wp\/v2\/media\/7230"}],"wp:attachment":[{"href":"https:\/\/tiberiades.org\/index.php?rest_route=%2Fwp%2Fv2%2Fmedia&parent=7236"}],"wp:term":[{"taxonomy":"category","embeddable":true,"href":"https:\/\/tiberiades.org\/index.php?rest_route=%2Fwp%2Fv2%2Fcategories&post=7236"},{"taxonomy":"post_tag","embeddable":true,"href":"https:\/\/tiberiades.org\/index.php?rest_route=%2Fwp%2Fv2%2Ftags&post=7236"}],"curies":[{"name":"wp","href":"https:\/\/api.w.org\/{rel}","templated":true}]}}