{"id":7346,"date":"2022-12-06T20:13:51","date_gmt":"2022-12-06T19:13:51","guid":{"rendered":"https:\/\/tiberiades.org\/?p=7346"},"modified":"2022-12-07T19:50:22","modified_gmt":"2022-12-07T18:50:22","slug":"a-p-alencart-y-juan-carlos-martin-cobano-recuerdos-salmantinos-del-historiador-protestante-gabino-fernandez-fotos-de-jacqueline-alencar","status":"publish","type":"post","link":"https:\/\/tiberiades.org\/?p=7346","title":{"rendered":"Recuerdos salmantinos del historiador protestante Gabino Fern\u00e1ndez."},"content":{"rendered":"<p>Miembro de Tiber\u00edades (y antes de la Alianza de Escritores y Comunicadores Evang\u00e9licos, Adece), ayer falleci\u00f3 en Madrid nuestro querido hermano Gabino Fern\u00e1ndez Campos (Villanueva de los Infantes, Ciudad Real, 1944), historiador, periodista, escritor, pastor evang\u00e9lico, conferenciante internacional, ant\u00f3logo de poetas de habla hispana y director del Centro de Estudios de la Reforma (CER).<\/p>\n<p>Soy renuente a las loas post-mortem. Los homenajes se deben hacer en vida. Y eso hicimos desde Salamanca, a trav\u00e9s de la Asociaci\u00f3n Cultural Evang\u00e9lica \u201cJorge Borrow\u201d, cuando en 2012 concedimos el Premio \u201cJorge Borrow\u201d de Difusi\u00f3n B\u00edblica 2012 a este valedor de los escritores perseguidos u olvidados en Espa\u00f1a por ser de fe protestante. Entre 1985 y 1993 fue secretario Regional de la Sociedad B\u00edblica Espa\u00f1ola, tanto en Castilla-La Mancha como en Andaluc\u00eda, Extremadura, Murcia y Canarias. En 1979 integr\u00f3 la Asociaci\u00f3n Espa\u00f1ola de Periodistas Evang\u00e9licos y asesor\u00f3 al Instituto de la Comunicaci\u00f3n Protestante (ICPRESS).<\/p>\n<p>El acto de entrega se celebr\u00f3 el 21 de abril en el Aula Unamuno de la Universidad de Salamanca.<\/p>\n<p>Gabino coordin\u00f3 exposiciones bibliogr\u00e1ficas e imparti\u00f3 conferencias y cursos en todas las provincias de Espa\u00f1a, adem\u00e1s de participar en congresos celebrados en Holanda, Alemania, Corea del Sur, Israel, Estados Unidos, Panam\u00e1, Finlandia, Ecuador, B\u00e9lgica, Brasil, El Salvador, Marruecos, Suiza, Colombia, Gales, Costa Rica o Portugal, entre otros. En Espa\u00f1a tambi\u00e9n fueron frecuentes sus intervenciones en documentales televisivos sobre la tem\u00e1tica de la Reforma, emitidos por TVE, Canal Sur, Euskaltelebista o Solidaria TV. Entonces escrib\u00ed este breve texto: \u201cEl hecho de conceder este premio a Gabino Fern\u00e1ndez constituye un motivo de regocijo espiritual y cultural: Gabino es el espa\u00f1ol que hoy mejor refleja lo que hace 175 a\u00f1os hizo en Espa\u00f1a el ingl\u00e9s Jorge Borrow. \u00c9l ha recorrido toda la geograf\u00eda espa\u00f1ola rescatando la historia de iglesias evang\u00e9licas de distintas denominaciones y, tambi\u00e9n, ha divulgado la obra de escritores perseguidos por la Inquisici\u00f3n o p\u00e9rfidamente ocultados durante el nefasto nacional-catolicismo de una \u00e9poca franquista, tan oscura para Espa\u00f1a. Con escasos medios y sorteando m\u00faltiples negativas, ha logrado hacer aflorar la obra viva de valiosos escritores que, por su fe protestante, fueron manifiestamente relegados\u201d.<\/p>\n<figure id=\"attachment_7334\" aria-describedby=\"caption-attachment-7334\" style=\"width: 451px\" class=\"wp-caption aligncenter\"><img loading=\"lazy\" decoding=\"async\" class=\"size-large wp-image-7334\" src=\"https:\/\/tiberiades.org\/wp-content\/uploads\/2022\/12\/2-Declaraciones-de-Gabino-Fernandez-La-Gaceta-451x1024.jpg\" alt=\"\" width=\"451\" height=\"1024\" data-wp-editing=\"1\" srcset=\"https:\/\/tiberiades.org\/wp-content\/uploads\/2022\/12\/2-Declaraciones-de-Gabino-Fernandez-La-Gaceta-451x1024.jpg 451w, https:\/\/tiberiades.org\/wp-content\/uploads\/2022\/12\/2-Declaraciones-de-Gabino-Fernandez-La-Gaceta-132x300.jpg 132w, https:\/\/tiberiades.org\/wp-content\/uploads\/2022\/12\/2-Declaraciones-de-Gabino-Fernandez-La-Gaceta-768x1743.jpg 768w, https:\/\/tiberiades.org\/wp-content\/uploads\/2022\/12\/2-Declaraciones-de-Gabino-Fernandez-La-Gaceta-677x1536.jpg 677w, https:\/\/tiberiades.org\/wp-content\/uploads\/2022\/12\/2-Declaraciones-de-Gabino-Fernandez-La-Gaceta-903x2048.jpg 903w, https:\/\/tiberiades.org\/wp-content\/uploads\/2022\/12\/2-Declaraciones-de-Gabino-Fernandez-La-Gaceta.jpg 925w\" sizes=\"auto, (max-width: 451px) 100vw, 451px\" \/><figcaption id=\"caption-attachment-7334\" class=\"wp-caption-text\">Declaraciones de Gabino Fern\u00e1ndez (La Gaceta)<\/figcaption><\/figure>\n<h4><strong>Relaci\u00f3n con Iberoam\u00e9rica<\/strong><\/h4>\n<p>Hizo varios viajes a tierras americanas, como el que le llev\u00f3 a Miami, donde en 2010 protagoniz\u00f3 un taller literario para escritores de varios pa\u00edses hispanohablantes, miembros de la Asociaci\u00f3n Latinoamericana de Escritores Cristianos (ALEC), que presid\u00eda el escritor chileno Eugenio Orellana, donde tambi\u00e9n coincidi\u00f3 con Juan Carlos Mart\u00edn Cobano, secretario general de Tiber\u00edades. En 2012 public\u00f3, <em>Julio Vizcarrondo Coronado: Vida y obra del abolicionista protestante puertorrique\u00f1o. <\/em>Pero este aporte no es novedad, pues en su bibliograf\u00eda se puede seguir f\u00e1cilmente el rastro de lo iberoamericano. Aqu\u00ed una muestra: <em>Historia de la iglesia<\/em>: <em>El reto iberoamericano<\/em> (1987); <em>Influencia de los protestantes espa\u00f1oles en la independencia de Hispanoam\u00e9ric<\/em>a (1998);<em> Proyecci\u00f3n americana de la Biblia Reina-Valera, en el IV centenario de su publicaci\u00f3n <\/em>(2002), sin mencionar un buen n\u00famero de poetas hispanoamericanos por \u00e9l antologados, ni los numerosos art\u00edculos publicados en revistas o sus intervenciones en radios de la otra orilla del idioma.<\/p>\n<p>Libros y ensayos suyos se han publicado tanto en Espa\u00f1a como en Inglaterra, Argentina, Estados Unidos o Guatemala. En ellos se denota su empe\u00f1o por el rescate bibliogr\u00e1fico y trazar un mapa hist\u00f3rico del protestantismo espa\u00f1ol, adem\u00e1s de difundir facetas b\u00edblicas para distintos p\u00fablicos, los ni\u00f1os entre ellos. Entre sus libros se pueden citar: <em>Reforma y contrarreforma en Andaluc\u00eda<\/em> (1986; 4\u00aa ed. 2009); <em>Cinco encuentros con Jes\u00fas<\/em> (1988); <em>Compendio cristiano espa\u00f1ol \/ Spanish christian handbook<\/em> (1991); <em>Biblito da la vuelta al mundo<\/em> (1992); <em>Viajes por la historia del protestantismo madrile\u00f1o<\/em> (siete rutas, 1998-1999); <em>Rese\u00f1a hist\u00f3rico-social del protestantismo espa\u00f1ol<\/em> (2000, con M. Bl\u00e1zquez y P. Tarquis); <em>Biblias madrile\u00f1as<\/em> (2003); <em>Cinco siglos de presencia protestante en Madrid<\/em> (2005) o <em>Tr\u00edptico sobre las v\u00edctimas femeninas de la Inquisici\u00f3n en Sevilla<\/em> (2006).<\/p>\n<p>Bibli\u00f3filo de temas protestantes, son notorias las exposiciones que Gabino Fern\u00e1ndez\u00a0 coordin\u00f3. Prueba de ellos son sus libros-cat\u00e1logos: <em>Exposici\u00f3n de Biblias castellanas<\/em> (Universidad de Sevilla, 1994); <em>Escritores andaluces olvidados<\/em> (1997, 1999, 2002); <em>Escritores extreme\u00f1os olvidados<\/em> (1998); <em>Escritores gallegos olvidados<\/em> (2000); <em>Escritores valencianos olvidados<\/em> (2001); <em>Encuentro con el Quijote en Sevilla<\/em> (Ayuntamiento de Sevilla, 2005); <em>Escritores olvidados de Castilla y Le\u00f3n<\/em> (Salamanca, 2007) o <em>Escritores madrile\u00f1os olvidados<\/em> (2007), entre otros.<\/p>\n<p>Finalmente, de su ingente producci\u00f3n ensay\u00edstica, se pueden destacar los siguientes ensayos, aparecidos en libros colectivos o en reconocidas revistas: <em>Cr\u00f3nica del periodismo evang\u00e9lico espa\u00f1ol 1849-1999<\/em> (1999); <em>C\u00e1novas y la libertad religiosa: su relaci\u00f3n con los protestantes espa\u00f1oles<\/em> (1999); <em>Aza\u00f1a, Borrow y la Biblia<\/em> (2000); <em>Apuntes para una bio-bibliograf\u00eda de Cipriano de Valera<\/em> (2002); <em>Reforma en Espa\u00f1a<\/em> (2005); <em>Literatura protestante de Catalu\u00f1a<\/em> (2007); <em>Ecolog\u00eda total en el Ap\u00f3stol Pablo y Fray Luis de Granada<\/em> (2008); <em>La Biblia Reina-Valera en la Historia del Protestantismo<\/em> (2009); <em>Apuntes para la historia de la iglesia evang\u00e9lica en Ibahernando<\/em> (C\u00e1ceres, 2010); <em>Orientaci\u00f3n bibliogr\u00e1fica para los testigos de Jes\u00fas a los musulmanes<\/em> (2011); <em>La Biblia en la literatura del Siglo de Oro<\/em> (2011), entre otros.<\/p>\n<p>Siempre con el Amado galileo, querido Gabino.<\/p>\n<p style=\"text-align: right;\">Alfredo P\u00e9rez Alencart<\/p>\n<figure id=\"attachment_7335\" aria-describedby=\"caption-attachment-7335\" style=\"width: 1024px\" class=\"wp-caption aligncenter\"><img loading=\"lazy\" decoding=\"async\" class=\"size-full wp-image-7335\" src=\"https:\/\/tiberiades.org\/wp-content\/uploads\/2022\/12\/3-Diaz-Fernandez-Andavert-Lugilde-Fernandez-Labrador-y-Alencart-foto-MGala.jpg\" alt=\"\" width=\"1024\" height=\"683\" srcset=\"https:\/\/tiberiades.org\/wp-content\/uploads\/2022\/12\/3-Diaz-Fernandez-Andavert-Lugilde-Fernandez-Labrador-y-Alencart-foto-MGala.jpg 1024w, https:\/\/tiberiades.org\/wp-content\/uploads\/2022\/12\/3-Diaz-Fernandez-Andavert-Lugilde-Fernandez-Labrador-y-Alencart-foto-MGala-300x200.jpg 300w, https:\/\/tiberiades.org\/wp-content\/uploads\/2022\/12\/3-Diaz-Fernandez-Andavert-Lugilde-Fernandez-Labrador-y-Alencart-foto-MGala-768x512.jpg 768w, https:\/\/tiberiades.org\/wp-content\/uploads\/2022\/12\/3-Diaz-Fernandez-Andavert-Lugilde-Fernandez-Labrador-y-Alencart-foto-MGala-272x182.jpg 272w\" sizes=\"auto, (max-width: 1024px) 100vw, 1024px\" \/><figcaption id=\"caption-attachment-7335\" class=\"wp-caption-text\">D\u00edaz, Fern\u00e1ndez, Andavert, Lugilde, Fern\u00e1ndez Labrador y Alencart (foto MGala)<\/figcaption><\/figure>\n<p>No soy de las personas que mejor conoci\u00f3 a Gabino, ni pertenezco a su c\u00edrculo m\u00e1s cercano, sin embargo, cada vez que nos encontr\u00e1bamos, aunque estuviera como siempre ocupado, dejaba lo que tuviera entre manos y se acercaba a charlar con Tere y conmigo. Los momentos compartidos no fueron much\u00edsimos, como digo, pero siempre dejaba huella. Mi primer contacto fue a finales de los ochenta, siendo yo estudiante en Barcelona. Le mand\u00e9 unas fotocopias de un art\u00edculo centenario que aparec\u00eda en vol\u00famenes antiguos la Revista de Filolog\u00eda Hisp\u00e1nica sobre la obra de Antonio del Corro. Por supuesto, me contest\u00f3 entusiasmado e iniciamos una relaci\u00f3n epistolar, que con los a\u00f1os pas\u00f3 a ser telef\u00f3nica (nunca menos de media hora de conversaci\u00f3n) y despu\u00e9s por correo electr\u00f3nico (nunca menos de tropecientas palabras de rica informaci\u00f3n). Me fascinaba c\u00f3mo chorreaban los datos, siempre interesantes, cautivadores, encendidos con la m\u00e1s m\u00ednima chispa. Con mi esposa, siempre gast\u00e1bamos la broma de que, si le dabas una fecha al azar, era capaz de darte una efem\u00e9ride relacionada con la historia del protestantismo en Espa\u00f1a. En una ocasi\u00f3n ella le coment\u00f3 que no pod\u00eda creer c\u00f3mo era capaz de tener y relacionar tanta informaci\u00f3n, a lo que \u00e9l coment\u00f3, con su p\u00edcaro sentido del humor, que no sab\u00eda tanto, que a menudo se inventaba las cosas, pero como nadie pod\u00eda contradecirle\u2026<\/p>\n<p>Durante nuestros a\u00f1os en Calatayud, varias veces se hosped\u00f3 en casa, convirtiendo nuestras sobremesas y veladas en aut\u00e9nticas aulas de sabidur\u00eda. Yo disfrutaba much\u00edsimo de esas comidas juntos, y tambi\u00e9n cuando sal\u00edamos, pero debo confesar que en las salidas me agotaba. En una ocasi\u00f3n pas\u00f3 una semana con nosotros y se fue, \u00e9l, tan campante, dej\u00e1ndome a m\u00ed, con veintitantos a\u00f1os menos que \u00e9l, hecho un gui\u00f1apo, seco, exhausto de ir para arriba y para abajo, visitando archivos de pueblecitos perdidos, explotando las fotocopiadoras de todas las bibliotecas del entorno, repasando sus presentaciones en Power Point (mi \u00fanico punto de discusi\u00f3n con \u00e9l, porque si le dejabas hablar de todo lo que ten\u00eda en sus guiones, necesitar\u00eda tres horas en cada conferencia) y aportando nuestro granito de arena a la historia de la Reforma en Arag\u00f3n, que en aquellos a\u00f1os no contaba con tanta bibliograf\u00eda como hoy. Sin duda, era un Sans\u00f3n de nuestro tiempo, que recib\u00eda fuerzas de lo alto para llegar a donde los dem\u00e1s jam\u00e1s alcanzar\u00edamos.<\/p>\n<p>Rebosaba conocimiento, pero sobre todo generosidad. Se daba todo \u00e9l, mente privilegiada, coraz\u00f3n grande y alma clara, por entero al servicio de la causa que lo mov\u00eda. Su amor a Jesucristo fructificaba en amor a su iglesia, que \u00e9l fue llamado a expresar entregando su vida al estudio y divulgaci\u00f3n de la historia de nuestros hermanos perseguidos o condenados al ostracismo por seguir y anunciar a Jes\u00fas fuera de la Iglesia de Roma.<\/p>\n<p>Una de las exposiciones en que m\u00e1s trabaj\u00f3 fue la de Escritores Espa\u00f1oles Olvidados. Nunca estar\u00e1s ah\u00ed, querido Gabino, nunca ser\u00e1s olvidado. Descansa en paz.<\/p>\n<p style=\"text-align: right;\">Juan Carlos Mart\u00edn Cobano<\/p>\n<figure id=\"attachment_7336\" aria-describedby=\"caption-attachment-7336\" style=\"width: 2441px\" class=\"wp-caption aligncenter\"><img loading=\"lazy\" decoding=\"async\" class=\"wp-image-7336 size-full\" src=\"https:\/\/tiberiades.org\/wp-content\/uploads\/2022\/12\/4-Gabino-recibiendo-una-obra-del-pintor-Miguel-Elias.jpg\" alt=\"\" width=\"2441\" height=\"1488\" srcset=\"https:\/\/tiberiades.org\/wp-content\/uploads\/2022\/12\/4-Gabino-recibiendo-una-obra-del-pintor-Miguel-Elias.jpg 2441w, https:\/\/tiberiades.org\/wp-content\/uploads\/2022\/12\/4-Gabino-recibiendo-una-obra-del-pintor-Miguel-Elias-300x183.jpg 300w, https:\/\/tiberiades.org\/wp-content\/uploads\/2022\/12\/4-Gabino-recibiendo-una-obra-del-pintor-Miguel-Elias-1024x624.jpg 1024w, https:\/\/tiberiades.org\/wp-content\/uploads\/2022\/12\/4-Gabino-recibiendo-una-obra-del-pintor-Miguel-Elias-768x468.jpg 768w, https:\/\/tiberiades.org\/wp-content\/uploads\/2022\/12\/4-Gabino-recibiendo-una-obra-del-pintor-Miguel-Elias-1536x936.jpg 1536w, https:\/\/tiberiades.org\/wp-content\/uploads\/2022\/12\/4-Gabino-recibiendo-una-obra-del-pintor-Miguel-Elias-2048x1248.jpg 2048w\" sizes=\"auto, (max-width: 2441px) 100vw, 2441px\" \/><figcaption id=\"caption-attachment-7336\" class=\"wp-caption-text\">Gabino recibiendo una obra del pintor Miguel El\u00edas<\/figcaption><\/figure>\n<figure id=\"attachment_7337\" aria-describedby=\"caption-attachment-7337\" style=\"width: 589px\" class=\"wp-caption aligncenter\"><img loading=\"lazy\" decoding=\"async\" class=\"wp-image-7337 size-full\" src=\"https:\/\/tiberiades.org\/wp-content\/uploads\/2022\/12\/5-Noticia-en-El-Adelanto.jpg\" alt=\"\" width=\"589\" height=\"848\" srcset=\"https:\/\/tiberiades.org\/wp-content\/uploads\/2022\/12\/5-Noticia-en-El-Adelanto.jpg 589w, https:\/\/tiberiades.org\/wp-content\/uploads\/2022\/12\/5-Noticia-en-El-Adelanto-208x300.jpg 208w\" sizes=\"auto, (max-width: 589px) 100vw, 589px\" \/><figcaption id=\"caption-attachment-7337\" class=\"wp-caption-text\">Noticia en El Adelanto<\/figcaption><\/figure>\n<figure id=\"attachment_7338\" aria-describedby=\"caption-attachment-7338\" style=\"width: 2560px\" class=\"wp-caption aligncenter\"><img loading=\"lazy\" decoding=\"async\" class=\"wp-image-7338 size-full\" src=\"https:\/\/tiberiades.org\/wp-content\/uploads\/2022\/12\/6-Gabino-entregando-la-Biblia-del-Oso-al-profesor-Alonso-entonces-rector-de-la-Universidad-de-Salamanca-Foto-de-Jacqueline-Alencar-scaled.jpg\" alt=\"\" width=\"2560\" height=\"1920\" srcset=\"https:\/\/tiberiades.org\/wp-content\/uploads\/2022\/12\/6-Gabino-entregando-la-Biblia-del-Oso-al-profesor-Alonso-entonces-rector-de-la-Universidad-de-Salamanca-Foto-de-Jacqueline-Alencar-scaled.jpg 2560w, https:\/\/tiberiades.org\/wp-content\/uploads\/2022\/12\/6-Gabino-entregando-la-Biblia-del-Oso-al-profesor-Alonso-entonces-rector-de-la-Universidad-de-Salamanca-Foto-de-Jacqueline-Alencar-300x225.jpg 300w, https:\/\/tiberiades.org\/wp-content\/uploads\/2022\/12\/6-Gabino-entregando-la-Biblia-del-Oso-al-profesor-Alonso-entonces-rector-de-la-Universidad-de-Salamanca-Foto-de-Jacqueline-Alencar-1024x768.jpg 1024w, https:\/\/tiberiades.org\/wp-content\/uploads\/2022\/12\/6-Gabino-entregando-la-Biblia-del-Oso-al-profesor-Alonso-entonces-rector-de-la-Universidad-de-Salamanca-Foto-de-Jacqueline-Alencar-768x576.jpg 768w, https:\/\/tiberiades.org\/wp-content\/uploads\/2022\/12\/6-Gabino-entregando-la-Biblia-del-Oso-al-profesor-Alonso-entonces-rector-de-la-Universidad-de-Salamanca-Foto-de-Jacqueline-Alencar-1536x1152.jpg 1536w, https:\/\/tiberiades.org\/wp-content\/uploads\/2022\/12\/6-Gabino-entregando-la-Biblia-del-Oso-al-profesor-Alonso-entonces-rector-de-la-Universidad-de-Salamanca-Foto-de-Jacqueline-Alencar-2048x1536.jpg 2048w\" sizes=\"auto, (max-width: 2560px) 100vw, 2560px\" \/><figcaption id=\"caption-attachment-7338\" class=\"wp-caption-text\">Gabino entregando la Biblia del Oso al profesor Alonso, entonces rector de la Universidad de Salamanca (Foto de Jacqueline Alencar)<\/figcaption><\/figure>\n<figure id=\"attachment_7339\" aria-describedby=\"caption-attachment-7339\" style=\"width: 576px\" class=\"wp-caption aligncenter\"><img loading=\"lazy\" decoding=\"async\" class=\"size-large wp-image-7339\" src=\"https:\/\/tiberiades.org\/wp-content\/uploads\/2022\/12\/7-Gabino-Fernandez-en-Salamanca-foto-de-Jacqueline-Alencar-576x1024.jpg\" alt=\"\" width=\"576\" height=\"1024\" srcset=\"https:\/\/tiberiades.org\/wp-content\/uploads\/2022\/12\/7-Gabino-Fernandez-en-Salamanca-foto-de-Jacqueline-Alencar-576x1024.jpg 576w, https:\/\/tiberiades.org\/wp-content\/uploads\/2022\/12\/7-Gabino-Fernandez-en-Salamanca-foto-de-Jacqueline-Alencar-169x300.jpg 169w, https:\/\/tiberiades.org\/wp-content\/uploads\/2022\/12\/7-Gabino-Fernandez-en-Salamanca-foto-de-Jacqueline-Alencar-768x1365.jpg 768w, https:\/\/tiberiades.org\/wp-content\/uploads\/2022\/12\/7-Gabino-Fernandez-en-Salamanca-foto-de-Jacqueline-Alencar-864x1536.jpg 864w, https:\/\/tiberiades.org\/wp-content\/uploads\/2022\/12\/7-Gabino-Fernandez-en-Salamanca-foto-de-Jacqueline-Alencar.jpg 1080w\" sizes=\"auto, (max-width: 576px) 100vw, 576px\" \/><figcaption id=\"caption-attachment-7339\" class=\"wp-caption-text\">Gabino Fern\u00e1ndez, en Salamanca (foto de Jacqueline Alencar)<\/figcaption><\/figure>\n<figure id=\"attachment_7340\" aria-describedby=\"caption-attachment-7340\" style=\"width: 1600px\" class=\"wp-caption aligncenter\"><img loading=\"lazy\" decoding=\"async\" class=\"wp-image-7340 size-full\" src=\"https:\/\/tiberiades.org\/wp-content\/uploads\/2022\/12\/8-Alfredo-Perez-Alencart-Jose-Luis-Andavert-y-Gabino-Fernandez-en-el-Ayuntamiento-de-Salamanca-foto-MGala.jpg\" alt=\"\" width=\"1600\" height=\"1066\" srcset=\"https:\/\/tiberiades.org\/wp-content\/uploads\/2022\/12\/8-Alfredo-Perez-Alencart-Jose-Luis-Andavert-y-Gabino-Fernandez-en-el-Ayuntamiento-de-Salamanca-foto-MGala.jpg 1600w, https:\/\/tiberiades.org\/wp-content\/uploads\/2022\/12\/8-Alfredo-Perez-Alencart-Jose-Luis-Andavert-y-Gabino-Fernandez-en-el-Ayuntamiento-de-Salamanca-foto-MGala-300x200.jpg 300w, https:\/\/tiberiades.org\/wp-content\/uploads\/2022\/12\/8-Alfredo-Perez-Alencart-Jose-Luis-Andavert-y-Gabino-Fernandez-en-el-Ayuntamiento-de-Salamanca-foto-MGala-1024x682.jpg 1024w, https:\/\/tiberiades.org\/wp-content\/uploads\/2022\/12\/8-Alfredo-Perez-Alencart-Jose-Luis-Andavert-y-Gabino-Fernandez-en-el-Ayuntamiento-de-Salamanca-foto-MGala-768x512.jpg 768w, https:\/\/tiberiades.org\/wp-content\/uploads\/2022\/12\/8-Alfredo-Perez-Alencart-Jose-Luis-Andavert-y-Gabino-Fernandez-en-el-Ayuntamiento-de-Salamanca-foto-MGala-1536x1023.jpg 1536w, https:\/\/tiberiades.org\/wp-content\/uploads\/2022\/12\/8-Alfredo-Perez-Alencart-Jose-Luis-Andavert-y-Gabino-Fernandez-en-el-Ayuntamiento-de-Salamanca-foto-MGala-272x182.jpg 272w\" sizes=\"auto, (max-width: 1600px) 100vw, 1600px\" \/><figcaption id=\"caption-attachment-7340\" class=\"wp-caption-text\">Alfredo P\u00e9rez Alencart , Jos\u00e9 Luis Andavert y Gabino Fern\u00e1ndez, en el Ayuntamiento de Salamanca (foto MGala)<\/figcaption><\/figure>\n<figure id=\"attachment_7341\" aria-describedby=\"caption-attachment-7341\" style=\"width: 1024px\" class=\"wp-caption aligncenter\"><img loading=\"lazy\" decoding=\"async\" class=\"size-full wp-image-7341\" src=\"https:\/\/tiberiades.org\/wp-content\/uploads\/2022\/12\/9-Gabino-Fernandez-en-la-recepcion-que-se-le-tributo-en-el-Ayuntamiento-de-Salamanca.jpg\" alt=\"\" width=\"1024\" height=\"683\" srcset=\"https:\/\/tiberiades.org\/wp-content\/uploads\/2022\/12\/9-Gabino-Fernandez-en-la-recepcion-que-se-le-tributo-en-el-Ayuntamiento-de-Salamanca.jpg 1024w, https:\/\/tiberiades.org\/wp-content\/uploads\/2022\/12\/9-Gabino-Fernandez-en-la-recepcion-que-se-le-tributo-en-el-Ayuntamiento-de-Salamanca-300x200.jpg 300w, https:\/\/tiberiades.org\/wp-content\/uploads\/2022\/12\/9-Gabino-Fernandez-en-la-recepcion-que-se-le-tributo-en-el-Ayuntamiento-de-Salamanca-768x512.jpg 768w, https:\/\/tiberiades.org\/wp-content\/uploads\/2022\/12\/9-Gabino-Fernandez-en-la-recepcion-que-se-le-tributo-en-el-Ayuntamiento-de-Salamanca-272x182.jpg 272w\" sizes=\"auto, (max-width: 1024px) 100vw, 1024px\" \/><figcaption id=\"caption-attachment-7341\" class=\"wp-caption-text\">Gabino Fern\u00e1ndez en la recepci\u00f3n que se le tribut\u00f3 en el Ayuntamiento de Salamanca<\/figcaption><\/figure>\n<figure id=\"attachment_7342\" aria-describedby=\"caption-attachment-7342\" style=\"width: 1024px\" class=\"wp-caption aligncenter\"><img loading=\"lazy\" decoding=\"async\" class=\"size-full wp-image-7342\" src=\"https:\/\/tiberiades.org\/wp-content\/uploads\/2022\/12\/10-Poetas-y-escritores-en-el-Colegio-Fonseca-tras-el-homenaje-a-Gabino-Fernandez-foto-MGala.jpg\" alt=\"\" width=\"1024\" height=\"514\" srcset=\"https:\/\/tiberiades.org\/wp-content\/uploads\/2022\/12\/10-Poetas-y-escritores-en-el-Colegio-Fonseca-tras-el-homenaje-a-Gabino-Fernandez-foto-MGala.jpg 1024w, https:\/\/tiberiades.org\/wp-content\/uploads\/2022\/12\/10-Poetas-y-escritores-en-el-Colegio-Fonseca-tras-el-homenaje-a-Gabino-Fernandez-foto-MGala-300x151.jpg 300w, https:\/\/tiberiades.org\/wp-content\/uploads\/2022\/12\/10-Poetas-y-escritores-en-el-Colegio-Fonseca-tras-el-homenaje-a-Gabino-Fernandez-foto-MGala-768x386.jpg 768w\" sizes=\"auto, (max-width: 1024px) 100vw, 1024px\" \/><figcaption id=\"caption-attachment-7342\" class=\"wp-caption-text\">Poetas y escritores en el Colegio Fonseca, tras el homenaje a Gabino Fern\u00e1ndez (foto MGala)<\/figcaption><\/figure>\n<figure id=\"attachment_7343\" aria-describedby=\"caption-attachment-7343\" style=\"width: 1600px\" class=\"wp-caption aligncenter\"><img loading=\"lazy\" decoding=\"async\" class=\"wp-image-7343 size-full\" src=\"https:\/\/tiberiades.org\/wp-content\/uploads\/2022\/12\/11-Gabino-Fernandez-sentado-al-centro-con-los-participantes-de-un-encuentro-del-Grupo-Lausana-en-El-Escorial.jpg\" alt=\"\" width=\"1600\" height=\"1200\" srcset=\"https:\/\/tiberiades.org\/wp-content\/uploads\/2022\/12\/11-Gabino-Fernandez-sentado-al-centro-con-los-participantes-de-un-encuentro-del-Grupo-Lausana-en-El-Escorial.jpg 1600w, https:\/\/tiberiades.org\/wp-content\/uploads\/2022\/12\/11-Gabino-Fernandez-sentado-al-centro-con-los-participantes-de-un-encuentro-del-Grupo-Lausana-en-El-Escorial-300x225.jpg 300w, https:\/\/tiberiades.org\/wp-content\/uploads\/2022\/12\/11-Gabino-Fernandez-sentado-al-centro-con-los-participantes-de-un-encuentro-del-Grupo-Lausana-en-El-Escorial-1024x768.jpg 1024w, https:\/\/tiberiades.org\/wp-content\/uploads\/2022\/12\/11-Gabino-Fernandez-sentado-al-centro-con-los-participantes-de-un-encuentro-del-Grupo-Lausana-en-El-Escorial-768x576.jpg 768w, https:\/\/tiberiades.org\/wp-content\/uploads\/2022\/12\/11-Gabino-Fernandez-sentado-al-centro-con-los-participantes-de-un-encuentro-del-Grupo-Lausana-en-El-Escorial-1536x1152.jpg 1536w\" sizes=\"auto, (max-width: 1600px) 100vw, 1600px\" \/><figcaption id=\"caption-attachment-7343\" class=\"wp-caption-text\">Gabino Fern\u00e1ndez (sentado, al centro) con los participantes de un encuentro del Grupo Lausana, en El Escorial<\/figcaption><\/figure>\n<p>[Salvo indicaci\u00f3n expresa, fotos de Jacqueline Alencar. Imagen de cabecera: Gabino Fern\u00e1ndez en el Colegio Fonseca de la Universidad de Salamanca].<\/p>\n","protected":false},"excerpt":{"rendered":"<p>Miembro de Tiber\u00edades (y antes de la Alianza de Escritores y Comunicadores Evang\u00e9licos, Adece), ayer falleci\u00f3 en Madrid nuestro querido hermano Gabino Fern\u00e1ndez Campos (Villanueva de los Infantes, Ciudad Real, 1944), historiador, periodista, escritor, pastor evang\u00e9lico, conferenciante internacional, ant\u00f3logo de poetas de habla hispana y director del Centro de Estudios de la Reforma (CER). Soy renuente a las loas post-mortem. [&hellip;]<\/p>\n","protected":false},"author":2,"featured_media":7333,"comment_status":"open","ping_status":"closed","sticky":false,"template":"","format":"standard","meta":{"footnotes":""},"categories":[4,649],"tags":[148,179,68,184],"class_list":["post-7346","post","type-post","status-publish","format-standard","has-post-thumbnail","hentry","category-alfredo-perez-alencart","category-juan-carlos-martin-cobano","tag-alfredo-perez-alencart","tag-gabino-fernandez","tag-jacqueline-alencar","tag-juan-carlos-martin-cobano"],"_links":{"self":[{"href":"https:\/\/tiberiades.org\/index.php?rest_route=\/wp\/v2\/posts\/7346","targetHints":{"allow":["GET"]}}],"collection":[{"href":"https:\/\/tiberiades.org\/index.php?rest_route=\/wp\/v2\/posts"}],"about":[{"href":"https:\/\/tiberiades.org\/index.php?rest_route=\/wp\/v2\/types\/post"}],"author":[{"embeddable":true,"href":"https:\/\/tiberiades.org\/index.php?rest_route=\/wp\/v2\/users\/2"}],"replies":[{"embeddable":true,"href":"https:\/\/tiberiades.org\/index.php?rest_route=%2Fwp%2Fv2%2Fcomments&post=7346"}],"version-history":[{"count":6,"href":"https:\/\/tiberiades.org\/index.php?rest_route=\/wp\/v2\/posts\/7346\/revisions"}],"predecessor-version":[{"id":7359,"href":"https:\/\/tiberiades.org\/index.php?rest_route=\/wp\/v2\/posts\/7346\/revisions\/7359"}],"wp:featuredmedia":[{"embeddable":true,"href":"https:\/\/tiberiades.org\/index.php?rest_route=\/wp\/v2\/media\/7333"}],"wp:attachment":[{"href":"https:\/\/tiberiades.org\/index.php?rest_route=%2Fwp%2Fv2%2Fmedia&parent=7346"}],"wp:term":[{"taxonomy":"category","embeddable":true,"href":"https:\/\/tiberiades.org\/index.php?rest_route=%2Fwp%2Fv2%2Fcategories&post=7346"},{"taxonomy":"post_tag","embeddable":true,"href":"https:\/\/tiberiades.org\/index.php?rest_route=%2Fwp%2Fv2%2Ftags&post=7346"}],"curies":[{"name":"wp","href":"https:\/\/api.w.org\/{rel}","templated":true}]}}