{"id":7405,"date":"2022-12-17T13:32:09","date_gmt":"2022-12-17T12:32:09","guid":{"rendered":"https:\/\/tiberiades.org\/?p=7405"},"modified":"2022-12-17T13:32:09","modified_gmt":"2022-12-17T12:32:09","slug":"jose-pulido-navas-discurso-de-ingreso-en-la-academia-de-juglares-de-fontiveros","status":"publish","type":"post","link":"https:\/\/tiberiades.org\/?p=7405","title":{"rendered":"Jos\u00e9 Pulido Navas: Discurso de ingreso en la Academia de Juglares de Fontiveros"},"content":{"rendered":"<p><em>Tiber\u00edades agradece al poeta por permitirnos publicar su Discurso de ingreso, le\u00eddo en Fontiveros el pasado 14 de diciembre.<\/em><\/p>\n<p>&nbsp;<\/p>\n<p>Saludo:\u00a0 Se\u00f1or Alcalde de Fontiveros, se\u00f1or presidente de la Diputaci\u00f3n, se\u00f1or presidente de la Instituci\u00f3n Gran Duque de Alba, Presidente de la Academia, Juglares y Juglaresas, se\u00f1oras y se\u00f1ores\u2026<br \/>\nComienzo mi intervenci\u00f3n expresando mi gratitud al Ayuntamiento y al pueblo de Fontiveros, y tambi\u00e9n a la Academia,<br \/>\npor este nombramiento como Juglar, que tanto supone para m\u00ed. Nac\u00ed en Ja\u00e9n, la tierra donde muri\u00f3 San Juan, y he venido a \u00c1vila, a su pueblo natal de Fontiveros para hermanarme con \u00e9l como hijo adoptivo y cerrar as\u00ed un c\u00edrculo de fraternidad con el poeta que comenz\u00f3 con la lectura de sus versos. No puedo imaginar mayor galard\u00f3n.<br \/>\nMe presento ante Vds en esta noble villa de Fontiveros, y en este d\u00eda, festividad de nuestro patr\u00f3n San Juan de la Cruz, con el compromiso y la ilusi\u00f3n, tambi\u00e9n el nerviosismo, del aspirante que tras velar armas en el patio del castillo, interior por supuesto, entra en capilla para recibir el espaldarazo y las espuelas de la Orden caballeresca de la que siempre so\u00f1\u00f3 formar parte.<br \/>\nLa Academia de Juglares de Fontiveros es esa Orden de andante caballer\u00eda, naturalmente cervantina, que tiene como Gran Maestre a San Juan de la Cruz y como Santo Grial a la Poes\u00eda. San Juan, al igual que otros grandes personajes de nuestro Siglo de Oro, como su compa\u00f1era de arrobos y fatigas Santa Teresa de Jes\u00fas, tiene mucho de Quijote, de caballero empe\u00f1ado en la lucha contra gigantes disfrazados de molinos, y encantadores, dispuestos a todas las argucias para evitar que resplandezca la luz de su valor. No es casualidad que el avisado Don Miguel, le hiciera parte de su historia en el episodio del Cuerpo Muerto, trasunto novelesco del traslado de \u00dabeda a Segovia de los restos del dulce carmelita.<br \/>\nNuestro andante San Juan no dud\u00f3 en afrontar las m\u00e1s osadas aventuras y tambi\u00e9n desventuras en busca de su ideal. Y sali\u00f3 al campo abierto de una contienda poco metaf\u00f3rica en la que arriesg\u00f3 su vida y su libertad. No lo dud\u00f3: \u201cbuscando mis amores\/ir\u00e9 por esos montes y riberas;\/ni coger\u00e9 las flores,\/ ni temer\u00e9 las fieras\/y pasar\u00e9 los fuertes y fronteras.\u201d<br \/>\nBuscando al Amado esquivo se embarc\u00f3 en una empresa descomunal, entr\u00f3 en una noche oscura, tan lejos, tan alta, que nadie pudo seguirle \u201centreme donde no supe\/ y quedeme no sabiendo,\/ toda ciencia trascendiendo\u201d y de la que nos dej\u00f3 un bell\u00edsimo\u00a0 testimonio, el\u00a0 eterno rumor de la fuente del misterio\u00a0 \u201cQue bien se yo la fuente que mana y corre, aunque es de noche.\/ Aquella eterna fonte est\u00e1 escondida\/\u00a1Qu\u00e9 bien se yo do tiene su manida\/aunque es de noche\u201d.<br \/>\nSan Juan de la Cruz es la inspiraci\u00f3n y el mandato que dan vigor a la Academia de Juglares desde su fundaci\u00f3n hace ya m\u00e1s de cuarenta a\u00f1os. Una andante caballer\u00eda del esp\u00edritu que desde\u00f1a el ruido y el mercadeo de la palabra para seguir buscando el tesoro de lo inefable, la verdad de la poes\u00eda como expresi\u00f3n m\u00e1s honda de nuestra humana condici\u00f3n. Y en ello andamos. Y cada a\u00f1o, un nuevo aspirante llama a su puerta para encontrar en ella el magisterio y la cercan\u00eda de quienes est\u00e1n en el camino, \u201cbuscando la cristalina fuente que en sus semblantes plateados formase de repente los ojos deseados que tengo en mis entra\u00f1as dibujados\u201d<br \/>\nDe esa fuente tratamos de beber. En esa interminable b\u00fasqueda se encuentran estos poemas que buscaron su iluminaci\u00f3n<\/p>\n<h4 style=\"padding-left: 40px;\">LA LUZ<\/h4>\n<p style=\"padding-left: 40px;\">Hay una luz que el ojo nunca ha visto.<br \/>\nPasa por \u00e9l como un cristal y desciende<br \/>\nal m\u00e1s profundo centro de tu noche.<br \/>\nUna luz que despierta la ma\u00f1ana<br \/>\ne ilumina la casa donde a\u00fan eres ni\u00f1o<br \/>\ny el destino un deseo sin formular,<br \/>\ncuando el amor en ella se descubre<br \/>\ny el azul del d\u00eda le da razones<br \/>\nal urgente mandato de vivir.<br \/>\nHay una luz que en ti muestra lo invisible,<br \/>\nel verdadero rostro en el espejo<br \/>\nque nunca te has atrevido a contemplar<br \/>\ny te confiesa como eres,<br \/>\nno busca complacerte sino muestra<br \/>\nlo que te pareci\u00f3 vac\u00edo y has negado.<br \/>\nEn el juego a ciegas de su llama<br \/>\ndeber\u00e1s rescatar al prisionero,<br \/>\nel que no esperaba que volvieran por \u00e9l.<br \/>\nEs su primera condici\u00f3n:<br \/>\nNadie puede darte lo que tu amor ha de ganar.<br \/>\nHay una luz que en colores se dispersa<br \/>\ny descubre el mundo en la caverna de sombras<br \/>\nque a tus ojos lo ocultaba.<br \/>\nMirarlo ahora,<br \/>\nsentir que su dolor y el tuyo son el mismo,<br \/>\nte ense\u00f1ar\u00e1 las causas del perd\u00f3n,<br \/>\nte dar\u00e1 la generosa noticia del asombro.<br \/>\nAsistes en la luz al primer d\u00eda de la Creaci\u00f3n.<br \/>\nElla fue su primera palabra.<br \/>\nB\u00fasqueda y encuentro, oscuridad y luz\u2026 Son los peligros, las flores y las fieras que el andante caballero encuentra en un camino que necesariamente ha de recorrer en solitario. El poeta es, como ya nos explic\u00f3 San Juan, un p\u00e1jaro solitario que necesita volar cada vez m\u00e1s alto<\/p>\n<figure id=\"attachment_7401\" aria-describedby=\"caption-attachment-7401\" style=\"width: 640px\" class=\"wp-caption aligncenter\"><img loading=\"lazy\" decoding=\"async\" class=\"size-large wp-image-7401\" src=\"https:\/\/tiberiades.org\/wp-content\/uploads\/2022\/12\/2-Autoridades-y-Juglares-tras-el-acto-1024x577.jpeg\" alt=\"\" width=\"640\" height=\"361\" srcset=\"https:\/\/tiberiades.org\/wp-content\/uploads\/2022\/12\/2-Autoridades-y-Juglares-tras-el-acto-1024x577.jpeg 1024w, https:\/\/tiberiades.org\/wp-content\/uploads\/2022\/12\/2-Autoridades-y-Juglares-tras-el-acto-300x169.jpeg 300w, https:\/\/tiberiades.org\/wp-content\/uploads\/2022\/12\/2-Autoridades-y-Juglares-tras-el-acto-768x432.jpeg 768w, https:\/\/tiberiades.org\/wp-content\/uploads\/2022\/12\/2-Autoridades-y-Juglares-tras-el-acto-1536x865.jpeg 1536w, https:\/\/tiberiades.org\/wp-content\/uploads\/2022\/12\/2-Autoridades-y-Juglares-tras-el-acto.jpeg 2000w\" sizes=\"auto, (max-width: 640px) 100vw, 640px\" \/><figcaption id=\"caption-attachment-7401\" class=\"wp-caption-text\">Autoridades y Juglares, tras el acto<\/figcaption><\/figure>\n<h4>\n<strong>EL P\u00c1JARO SOLITARIO<\/strong><\/h4>\n<p>El P\u00e1jaro Solitario pone el pico al aire.\u00a0 Su canto se abre al infinito; como la m\u00fasica, escapa a las redes del significado y vuela a las alturas que preceden a la forma, que albergan en su seno todas las formas. Prefiere sus tormentas al nido complaciente, a la seguridad del suelo.<br \/>\nLos chamanes saben que todas las almas tienen un p\u00e1jaro protector, un gemelo que habita en esa regi\u00f3n m\u00e1s alta y solo visitamos en los sue\u00f1os. Volar con sus alas nos eleva al silencio, entra en la noche, nos transporta a un mundo que no es tierra, fuego, aire, o agua.<br \/>\nAll\u00ed espera a que la Luz se manifieste y d\u00e9 raz\u00f3n de lo nunca expresado.<br \/>\nJuglares, navegantes que se aventuran solitarios hacia \u00ednsulas que no aparecen en las cartas marinas, en las que se encuentra el tesoro escondido. El que escapa como la arena entre las manos cuando intentamos apresarlo. Las sanjuanistas \u00cdnsulas Extra\u00f1as. \u00c9stas son sus coordenadas<\/p>\n<p><strong>LATITUD<\/strong><\/p>\n<p>Isla errante, latitud sur de la transparencia.\u00a0 Isla que emerge entre la bruma y se pierde en un mar desconocido, isla que ilumina el rel\u00e1mpago, canci\u00f3n del destino que escuchas cuando el porvenir se cierra. Lugar sin palabras que escapa al pensamiento, experiencia que niega la raz\u00f3n, pues en ella se alza y cae, mientras busca en sus espumas lo sagrado del mar. Isla por la que el alma pas\u00f3, burlado el deseo, encendida la esperanza, desgarrado en jirones el sentido.<br \/>\nIm\u00e1n en el centro de la sangre, \u00faltima orilla del vac\u00edo, refugio del amor cuando se va. Hasta ella peregrinas por los ciegos rincones de la luz. Quiz\u00e1 la viste como un p\u00e1jaro que vuela a tu alrededor y de repente se aleja, la presientes como la felicidad del ni\u00f1o que rasga el celof\u00e1n de su regalo.<br \/>\n\u00cdnsulas, extra\u00f1a noticia que leva las anclas de la espera, quema un incienso que anuncian los vig\u00edas en su larga singladura, cuando se\u00f1alan al Misterio del que Ellas participan. N\u00edtido cristal para mirar hacia dentro, donde ning\u00fan hombre se miente su destino. Brillan un instante, como estrellas que se apagan, mientras despierta la conciencia ante algo tan hermoso que no puede comprender, una frontera que no puede cruzar. Una \u00edntima m\u00fasica, una ardiente ausencia que sin poseer amamos y en Ellas, las extra\u00f1as, nos responde.<\/p>\n<p><strong>LONGITUD<\/strong><br \/>\nLongitud que mide la monta\u00f1a y la flor y a ambas iguala. Iguales son lo inmenso y lo min\u00fasculo en el Ojo de Dios, pues en \u00c9l coinciden, Norte, Sur, Este y Oeste, los puntos cardinales. En las \u00cdnsulas encallan los atributos del Yo, arrojan al mar las posesiones que ostenta la codicia, disuelven el violento tribunal\u00a0 de los sentidos y confunden\u00a0 blanco y negro en su paleta de colores.<br \/>\nIslas que entrelazan la blancura de las azucenas y las s\u00e1banas que cubren el cuerpo de la v\u00edctima. Mezclan el aroma del jazm\u00edn y las rosas de la sangre derramada, tejen las sedas de la compasi\u00f3n en la mano que perdona al culpable y la crueldad en el pu\u00f1o que golpea al inocente. Coinciden en ellas el coraz\u00f3n del hombre y la geograf\u00eda del universo. Dejan de ser eternamente otros y se encuentran en ese punto que no tiene medida. Ojo y comp\u00e1s de Dios, c\u00edrculo sin fin de la vida y de la muerte, fraternidad de las aguas y el ahogado que en ellas se adentr\u00f3.<br \/>\nIslas, equis marcadas en las cartas marinas para quien no fija un rumbo, corales que emergen cuando baja la marea y nada es m\u00e1s real que su alucinaci\u00f3n; lugar o promesa que m\u00e1s all\u00e1 de la noche nos deslumbra. Coordenadas sin retorno donde cierra sus p\u00e9talos la rosa de los vientos.<\/p>\n<p>El Juglar camina con la humilde disposici\u00f3n de quien est\u00e1 dispuesto ante todo a escuchar, a desvelar la profunda realidad de un mundo que vive a nuestro alrededor y est\u00e1 a la vez dentro de nosotros, que nos dice que las personas no somos un n\u00famero, ni una masa a la que manipular, un fr\u00edo dato de estad\u00edsticas, sino seres creados para amar y\u00a0 sufrir, hijos de la alegr\u00eda y de la ira, parte del maravilloso milagro de la existencia, estrofa en la infinita canci\u00f3n del universo.<\/p>\n<h4 style=\"padding-left: 40px;\"><strong>CANCI\u00d3N<\/strong><\/h4>\n<p style=\"padding-left: 40px;\">En esta canci\u00f3n levanto mi refugio,<br \/>\npongo a salvo una belleza que no es m\u00eda<br \/>\npero justifica la noche y su intemperie,<br \/>\nla paz en el coraz\u00f3n de la tormenta.<br \/>\nPregunto en ella a los augurios del cuervo,<br \/>\nlos infortunios de la sal que se derrama<br \/>\ny las promesas del tr\u00e9bol de cuatro hojas.<br \/>\nSobre las condiciones del amor en nuestros labios<br \/>\ncomo un pacto de sangre del cielo y de la tierra.<br \/>\nEn una canci\u00f3n olvido las torpes profec\u00edas<br \/>\nque necesitan un texto oscuro, un sacrifico,<br \/>\nuna clave oculta que es preciso descifrar.<br \/>\nElla me dice que el canto pasa por mi boca<br \/>\ncomo el aire y me respira,<br \/>\nguarda el horizonte azul de la memoria<br \/>\nen una \u00edntima conversaci\u00f3n entre mi duda y mi deseo.<br \/>\nUna flecha que busca en su diana<br \/>\nel sentido m\u00e1s all\u00e1 de la p\u00e9rdida.<br \/>\nComo un p\u00e1jaro que por su canto<br \/>\nllegara hasta el silencio.<br \/>\nPor \u00faltimo, el aspirante a Juglar debe saber que su vocaci\u00f3n, ese incierto Grial de la poes\u00eda al que aspira, no es una meta que \u00e9l escoge o rechaza, hacia la que camina con un itinerario previamente determinado, sino del que es elegido. Es un don, un regalo que nunca sabemos con certeza cu\u00e1ndo, d\u00f3nde, c\u00f3mo o qui\u00e9n nos entregar\u00e1. Y solo llega cuando, inesperada, surge la Canci\u00f3n de las Arenas y se detiene a escucharla<\/p>\n<h4 style=\"padding-left: 40px;\"><strong>LA CANCION DE LAS ARENAS<\/strong><\/h4>\n<p style=\"padding-left: 40px;\">Para o\u00edr la canci\u00f3n de las arenas<br \/>\nes preciso adentrarse en el desierto<br \/>\ny escuchar: Quiz\u00e1 suenen los violines<br \/>\nhist\u00e9ricos del viento entre las rocas.<br \/>\nUna atenta quietud nos servir\u00e1<br \/>\nlos dones del silencio, la tersura<br \/>\ncarnal de su latido, que resuena<br \/>\ncomo un eco en nuestra sangre, un aliento<br \/>\nque concierta los ritmos de la vida.<\/p>\n<p style=\"padding-left: 40px;\">Quiz\u00e1 para entonces sea de noche,<br \/>\nlos sentidos se afinen extremados<br \/>\ny canten, melodiosas, las arenas.<br \/>\nNo habr\u00e1 otra voz que iguale su dulzura<br \/>\nni cristal comparable a su armon\u00eda:<br \/>\nplenitud que se cumple en su extinci\u00f3n.<br \/>\nBuscaremos el exacto lugar<br \/>\nde este prodigio y ser\u00e1 en vano;<br \/>\nespejismo perdido entre la sed<br \/>\ny la ilusi\u00f3n de hipn\u00f3ticas serpientes.<\/p>\n<p style=\"padding-left: 40px;\">Las arenas no entregan su canci\u00f3n,<br \/>\nno deciden el premio ni el castigo,<br \/>\nsino que se dan luminosamente<br \/>\nen el misterio, esa realidad<br \/>\nsin c\u00f3digos ni pactos que la tasen.<br \/>\nHay en su voz sutilezas de brisa<br \/>\nque desandan la noche de los ecos.<br \/>\nNos salen al encuentro como el p\u00e1jaro<br \/>\nque en el cantar declara su sentido.<\/p>\n<p>Es la condici\u00f3n del Juglar, y aqu\u00ed en Fontiveros, arropados por la inspiraci\u00f3n y el ejemplo de nuestro Santo Patr\u00f3n, y por el cari\u00f1o de sus vecinos, ahora tambi\u00e9n los m\u00edos con la condici\u00f3n de hijo adoptivo recibida, la Academia encuentra su ra\u00edz, su <em>locus standi<\/em>, que dir\u00eda Santayana, su lugar para mirar el mundo con la serenidad de quien se sabe en su centro.<br \/>\nNadie piense que idealizo en ella a un grupo de, por poetas, locos maravillosos m\u00e1s o menos inofensivos. Hablo de hombres y mujeres que se dedican a la docencia, a la gesti\u00f3n cultural, al periodismo o al mundo de la empresa. Porque todos han forjado con su trabajo una s\u00f3lida y brillante obra po\u00e9tica y a trav\u00e9s de ellos se puede entender perfectamente la evoluci\u00f3n de la poes\u00eda espa\u00f1ola de los \u00faltimos cincuenta a\u00f1os. Desde sus diferentes ciudades, oficios e historias personales, acudieron a Fontiveros movidos por una misma inquietud, tras la senda del misterio que San Juan les abri\u00f3.<br \/>\nDesde la humildad de quien se sabe el \u00faltimo de todos, este reci\u00e9n llegado Juglar, es consciente del privilegio que se le concede y se compromete a trabajar a su lado para no defraudar la confianza en \u00e9l depositada.<br \/>\nMuchas gracias<\/p>\n<figure id=\"attachment_7402\" aria-describedby=\"caption-attachment-7402\" style=\"width: 640px\" class=\"wp-caption aligncenter\"><img loading=\"lazy\" decoding=\"async\" class=\"size-large wp-image-7402\" src=\"https:\/\/tiberiades.org\/wp-content\/uploads\/2022\/12\/3-Colinas-Aganzo-y-Pulido-brindando-1024x610.jpg\" alt=\"\" width=\"640\" height=\"381\" srcset=\"https:\/\/tiberiades.org\/wp-content\/uploads\/2022\/12\/3-Colinas-Aganzo-y-Pulido-brindando-1024x610.jpg 1024w, https:\/\/tiberiades.org\/wp-content\/uploads\/2022\/12\/3-Colinas-Aganzo-y-Pulido-brindando-300x179.jpg 300w, https:\/\/tiberiades.org\/wp-content\/uploads\/2022\/12\/3-Colinas-Aganzo-y-Pulido-brindando-768x458.jpg 768w, https:\/\/tiberiades.org\/wp-content\/uploads\/2022\/12\/3-Colinas-Aganzo-y-Pulido-brindando-1536x916.jpg 1536w, https:\/\/tiberiades.org\/wp-content\/uploads\/2022\/12\/3-Colinas-Aganzo-y-Pulido-brindando-2048x1221.jpg 2048w\" sizes=\"auto, (max-width: 640px) 100vw, 640px\" \/><figcaption id=\"caption-attachment-7402\" class=\"wp-caption-text\">Colinas, Aganzo y Pulido, brindando<\/figcaption><\/figure>\n<p><em>JOS\u00c9 PULIDO NAVAS. Nacido en Ja\u00e9n el 10 de enero de 1958. Periodista. Licenciado en CC de la Informaci\u00f3n por la Universidad Complutense de Madrid. Ha desarrollado su carrera profesional en Radio Nacional de Espa\u00f1a, donde dirigi\u00f3 las emisoras de Talavera de la Reina y de \u00c1vila y fui Jefe de Informativos de Castilla la Mancha. Reside desde hace treinta a\u00f1os en la ciudad de \u00c1vila.Como poeta, ha publicado tres libros en la colecci\u00f3n de poes\u00eda Melibea, que edita el Ayuntamiento de Talavera de la Reina, en la provincia de Toledo: \u201cViejos Rituales\u201d (1988), \u201cLa Ciudad y la Reina\u201d (2000), ambos fueron acc\u00e9sit del premio Rafael Morales, y \u201cMovimiento Circular\u201d, Premio Internacional de Poes\u00eda Rafael Morales 2007.\u00a0 Ese mismo a\u00f1o public\u00f3 el poemario \u201cEl Coraz\u00f3n Disperso\u201d en la colecci\u00f3n de poes\u00eda El Toro de Granito, de \u00c1vila. Posteriormente fue galardonado con el premio Nacional de Poes\u00eda Luis L\u00f3pez Anglada 2009 por el poemario \u201cLos Enigmas de la Esfinge\u201d. En 2013, gan\u00f3 el Premio Internacional de Poes\u00eda San Juan de la Cruz con el poemario \u201cLa L\u00ednea de la vida\u201d, publicado en la colecci\u00f3n Adonais, de la Editorial RIALP. En 2016 gan\u00f3 el premio Internacional de Poes\u00eda Pilar Fern\u00e1ndez Labrador, de Salamanca, con el poemario \u201cLa met\u00e1fora del coraz\u00f3n\u201d, publicado por la Diputaci\u00f3n de Salamanca. En 2017 public\u00f3 el poemario \u201cLas bodas de la Ara\u00f1a\u201d y en 2021 \u201cCanciones del ave en peligro de extinci\u00f3n\u201d. Ambos en la Editorial Vitruvio. En noviembre de 2021 gan\u00f3 el premio de poes\u00eda Avant-Ciudad de Ceuta con el poemario \u201cVoz Adentro\u201d publicado este a\u00f1o por la Editorial Avant. Ha colaborado en numerosas revistas literarias y participado en iniciativas como el encuentro de poetas Avila-Navarra en 2007,\u00a0 el Encuentro Iberoamericano de Poes\u00eda que organiza la Universidad de Salamanca en 2009, 2016 y 2021,\u00a0 la iniciativa Escritores por Ciudad Ju\u00e1rez 2012 y el homenaje a Fray Luis de Le\u00f3n de la Universidad de Salamanca 2013. Forma parte del Consejo Editorial de la Revista Literaria \u201cEl Cobaya\u201d, que edita el Excmo. Ayuntamiento de \u00c1vila y dirige el poeta Jos\u00e9 Maria Mu\u00f1oz Quir\u00f3s y ha coordinado los ciclos de poes\u00eda de la Galer\u00eda Cerd\u00e1n, de Talavera de la Reina entre 2014 y 2019.<\/em><\/p>\n<p>&nbsp;<\/p>\n<p>Foto de cabecera: Mu\u00f1oz Quir\u00f3s, Pulido Navas y P\u00e9rez Alencart<\/p>\n","protected":false},"excerpt":{"rendered":"<p>Tiber\u00edades agradece al poeta por permitirnos publicar su Discurso de ingreso, le\u00eddo en Fontiveros el pasado 14 de diciembre. &nbsp; Saludo:\u00a0 Se\u00f1or Alcalde de Fontiveros, se\u00f1or presidente de la Diputaci\u00f3n, se\u00f1or presidente de la Instituci\u00f3n Gran Duque de Alba, Presidente de la Academia, Juglares y Juglaresas, se\u00f1oras y se\u00f1ores\u2026 Comienzo mi intervenci\u00f3n expresando mi gratitud al Ayuntamiento y al pueblo [&hellip;]<\/p>\n","protected":false},"author":2,"featured_media":7400,"comment_status":"open","ping_status":"closed","sticky":false,"template":"","format":"standard","meta":{"footnotes":""},"categories":[3],"tags":[675],"class_list":["post-7405","post","type-post","status-publish","format-standard","has-post-thumbnail","hentry","category-colaboraciones","tag-jose-pulido-navas"],"_links":{"self":[{"href":"https:\/\/tiberiades.org\/index.php?rest_route=\/wp\/v2\/posts\/7405","targetHints":{"allow":["GET"]}}],"collection":[{"href":"https:\/\/tiberiades.org\/index.php?rest_route=\/wp\/v2\/posts"}],"about":[{"href":"https:\/\/tiberiades.org\/index.php?rest_route=\/wp\/v2\/types\/post"}],"author":[{"embeddable":true,"href":"https:\/\/tiberiades.org\/index.php?rest_route=\/wp\/v2\/users\/2"}],"replies":[{"embeddable":true,"href":"https:\/\/tiberiades.org\/index.php?rest_route=%2Fwp%2Fv2%2Fcomments&post=7405"}],"version-history":[{"count":1,"href":"https:\/\/tiberiades.org\/index.php?rest_route=\/wp\/v2\/posts\/7405\/revisions"}],"predecessor-version":[{"id":7406,"href":"https:\/\/tiberiades.org\/index.php?rest_route=\/wp\/v2\/posts\/7405\/revisions\/7406"}],"wp:featuredmedia":[{"embeddable":true,"href":"https:\/\/tiberiades.org\/index.php?rest_route=\/wp\/v2\/media\/7400"}],"wp:attachment":[{"href":"https:\/\/tiberiades.org\/index.php?rest_route=%2Fwp%2Fv2%2Fmedia&parent=7405"}],"wp:term":[{"taxonomy":"category","embeddable":true,"href":"https:\/\/tiberiades.org\/index.php?rest_route=%2Fwp%2Fv2%2Fcategories&post=7405"},{"taxonomy":"post_tag","embeddable":true,"href":"https:\/\/tiberiades.org\/index.php?rest_route=%2Fwp%2Fv2%2Ftags&post=7405"}],"curies":[{"name":"wp","href":"https:\/\/api.w.org\/{rel}","templated":true}]}}