{"id":7619,"date":"2023-02-17T12:50:08","date_gmt":"2023-02-17T11:50:08","guid":{"rendered":"https:\/\/tiberiades.org\/?p=7619"},"modified":"2023-02-23T19:18:41","modified_gmt":"2023-02-23T18:18:41","slug":"alfredo-perez-alencart-en-la-fiesta-del-codex-llevan-en-andas-al-obispo-dominguez-berrueta","status":"publish","type":"post","link":"https:\/\/tiberiades.org\/?p=7619","title":{"rendered":"\u2018En la fiesta del C\u00f3dex llevan en andas al obispo Dom\u00ednguez Berrueta\u2019"},"content":{"rendered":"<p>&nbsp;<\/p>\n<p><em>Agradecemos al poeta A. P. Alencart, profesor de la Universidad de Salamanca, por permitirnos difundir este relato seguido de poema, escrito desde la vertiente del humor, como homenaje a su buen amigo Miguel Dom\u00ednguez Berrueta, catedr\u00e1tico jubilado de Derecho Administrativo de la ocho veces centenaria Universidad de Salamanca. Estos textos se incluyeron como colof\u00f3n de la antolog\u00eda po\u00e9tica GAUDEAMUS (Edifsa, Salamanca, 2018), a\u00f1o de celebraci\u00f3n de las ocho centurias de tan prestigiosa Casa de Estudios.<\/em><\/p>\n<h3>\nI<\/h3>\n<p>No ha terminado el antes ni el ahora. Quiz\u00e1 por ello uno cierra los ojos y aparece pr\u00f3ximo a ese porvenir que junta sus alas al darte los buenos d\u00edas. Cierta ma\u00f1ana de un fr\u00edo febrero me sorprendi\u00f3 un jolgorio a quemarropa: era la fiesta del Codex, de los alumnos que terminaban su licenciatura de Derecho. Me sum\u00e9 a quienes, por las calles de Salamanca, curiosean por la procesi\u00f3n que llevaba en andas al patrono San Raimundo de Pe\u00f1afort.<\/p>\n<p>Disfrazados de magistrados y sacerdotes dominicos, los alumnos del quinto curso disfrutaban a m\u00e1s no poder: irrump\u00edan en las aulas de Medicina y, meg\u00e1fono en mano, voceaban humoradas y dem\u00e1s iron\u00edas contra dicha Facultad, pero tambi\u00e9n hacia pol\u00edticos locales y a sus propios profesores de Leyes.<\/p>\n<p>Llegados al Campo de San Francisco, la comitiva hizo una parada, dejaron al santo entre los \u00e1rboles y subieron en andas a un hombre, vestido no como un obispo cualquiera, con sotana negra y botones morados, anillo pastoral o solideo morado. No, desde sus zapatos rojos indicaban m\u00e1s alta jerarqu\u00eda: mitra, una casulla lujosamente bordada, un llamativo b\u00e1culo, una cruz pectoral. La profusa barba le serv\u00eda de eficaz disfraz.<\/p>\n<p>Pude acercarme a pocos metros de \u00e9l, mientras uno de los responsables de la Delegaci\u00f3n de Estudiantes le inquir\u00eda para saber si el preg\u00f3n que deb\u00eda dar minutos m\u00e1s tarde en la Plaza Mayor ser\u00eda sobre \u201cLos tribunales de honor y la Constituci\u00f3n de 1978\u201d o en torno a \u201cLa informaci\u00f3n reservada en el art\u00edculo 28 del reglamento de r\u00e9gimen disciplinario de los funcionarios de la administraci\u00f3n del Estado de 10 de enero de 1986\u201d. Ante el silencio, el empoll\u00f3n (o pelotas) quiso seguir tentando \u201c\u00bfNo ser\u00e1 sobre el incumplimiento en la concesi\u00f3n de servicio p\u00fablico, o bien unas reflexiones relativas a la Ley Org\u00e1nica para la Igualdad Efectiva de Mujeres y Hombres?\u201d<\/p>\n<p>El presunto Obispo no pudo m\u00e1s, y dijo: \u201c\u00a1Qu\u00e9 co\u00f1azo! Llevadme a la Plaza y alejadme de este aprendiz de leguleyo\u201d.<\/p>\n<p>Solo despu\u00e9s de o\u00edr su voz reconoc\u00ed al vicedecano de Derecho. Por vez primera \u2013y \u00faltima, creo entender- un profesor fue llevado en andas para el regocijo de sus alumnos. Cuando pasaba por mi lado, pude gritarle entre el bullicio: \u201c\u00a1Monse\u00f1or!\u201d. Gir\u00f3 su cabeza y atin\u00f3 a gui\u00f1arme el ojo derecho, como se\u00f1al de complicidad. Luego empez\u00f3 a cantar: \u201cGaudeamus igitur,\/ iuvenes dum sumus\u201d. Hizo un bis y se call\u00f3.<\/p>\n<p>Cuando la procesi\u00f3n pasaba por el Palacio de Monterrey, volvi\u00f3 a entonar el himno, pero desde una estrofa que parec\u00eda encantarle, por el vigor que pon\u00eda en su empe\u00f1o: \u201cVivant omnes virgines,\/ faciles, formosae\/ vivant et mulieres\/ tenerae, amabiles\/ bonae, laboriosae\u2026\u201d.<\/p>\n<p>Me desped\u00ed con un gesto de manos, pues sabemos que en alg\u00fan momento termina el juego de la vida.<\/p>\n<figure id=\"attachment_7615\" aria-describedby=\"caption-attachment-7615\" style=\"width: 2560px\" class=\"wp-caption aligncenter\"><img loading=\"lazy\" decoding=\"async\" class=\"size-full wp-image-7615\" src=\"https:\/\/tiberiades.org\/wp-content\/uploads\/2023\/02\/2-Alencart-besando-el-anillo-pontificio-del-obispo-Dominguez-Berrueta-foto-de-Jose-Amador-Martin-scaled.jpg\" alt=\"\" width=\"2560\" height=\"1863\" srcset=\"https:\/\/tiberiades.org\/wp-content\/uploads\/2023\/02\/2-Alencart-besando-el-anillo-pontificio-del-obispo-Dominguez-Berrueta-foto-de-Jose-Amador-Martin-scaled.jpg 2560w, https:\/\/tiberiades.org\/wp-content\/uploads\/2023\/02\/2-Alencart-besando-el-anillo-pontificio-del-obispo-Dominguez-Berrueta-foto-de-Jose-Amador-Martin-300x218.jpg 300w, https:\/\/tiberiades.org\/wp-content\/uploads\/2023\/02\/2-Alencart-besando-el-anillo-pontificio-del-obispo-Dominguez-Berrueta-foto-de-Jose-Amador-Martin-1024x745.jpg 1024w, https:\/\/tiberiades.org\/wp-content\/uploads\/2023\/02\/2-Alencart-besando-el-anillo-pontificio-del-obispo-Dominguez-Berrueta-foto-de-Jose-Amador-Martin-768x559.jpg 768w, https:\/\/tiberiades.org\/wp-content\/uploads\/2023\/02\/2-Alencart-besando-el-anillo-pontificio-del-obispo-Dominguez-Berrueta-foto-de-Jose-Amador-Martin-1536x1118.jpg 1536w, https:\/\/tiberiades.org\/wp-content\/uploads\/2023\/02\/2-Alencart-besando-el-anillo-pontificio-del-obispo-Dominguez-Berrueta-foto-de-Jose-Amador-Martin-2048x1491.jpg 2048w\" sizes=\"auto, (max-width: 2560px) 100vw, 2560px\" \/><figcaption id=\"caption-attachment-7615\" class=\"wp-caption-text\">Alencart besando el anillo pontificio del obispo Dom\u00ednguez Berrueta (foto de Jos\u00e9 Amador Mart\u00edn)<\/figcaption><\/figure>\n<h3 style=\"padding-left: 40px;\"><strong>II<\/strong><\/h3>\n<p style=\"padding-left: 40px;\"><em>As\u00ed es como se cuentan los d\u00edas,<br \/>\ndesde la parte remansada del Otro tiempo,<br \/>\ncuando Miguel me instalaba en la jungla del gozo<br \/>\ny arrancaba mis carcajadas de meteco<br \/>\napenas llegado a la vieja Castilla.<\/em><\/p>\n<p style=\"padding-left: 40px;\"><em>As\u00ed es como una Facultad se alegra y est\u00e1 de fiesta<br \/>\nhasta la capea de Rodasviejas.<\/em><\/p>\n<p style=\"padding-left: 40px;\"><em>As\u00ed es como la estalactita del humor<br \/>\nmerma en parte el esfuerzo<br \/>\nde aprenderse c\u00f3digos y centones.<\/em><\/p>\n<p style=\"padding-left: 40px;\"><em>As\u00ed es como aprietan y aprietan los recuerdos<br \/>\no la imaginaci\u00f3n.<\/em><\/p>\n<p><em><br \/>\n<img loading=\"lazy\" decoding=\"async\" class=\"aligncenter size-full wp-image-7616\" src=\"https:\/\/tiberiades.org\/wp-content\/uploads\/2023\/02\/3-scaled.jpg\" alt=\"\" width=\"2560\" height=\"1144\" srcset=\"https:\/\/tiberiades.org\/wp-content\/uploads\/2023\/02\/3-scaled.jpg 2560w, https:\/\/tiberiades.org\/wp-content\/uploads\/2023\/02\/3-300x134.jpg 300w, https:\/\/tiberiades.org\/wp-content\/uploads\/2023\/02\/3-1024x458.jpg 1024w, https:\/\/tiberiades.org\/wp-content\/uploads\/2023\/02\/3-768x343.jpg 768w, https:\/\/tiberiades.org\/wp-content\/uploads\/2023\/02\/3-1536x686.jpg 1536w, https:\/\/tiberiades.org\/wp-content\/uploads\/2023\/02\/3-2048x915.jpg 2048w\" sizes=\"auto, (max-width: 2560px) 100vw, 2560px\" \/><br \/>\n<\/em><\/p>\n<figure id=\"attachment_7618\" aria-describedby=\"caption-attachment-7618\" style=\"width: 2560px\" class=\"wp-caption aligncenter\"><img loading=\"lazy\" decoding=\"async\" class=\"size-full wp-image-7618\" src=\"https:\/\/tiberiades.org\/wp-content\/uploads\/2023\/02\/5-Reencuentro-de-los-amigos-Alencart-y-Berruetafoto-de-Jose-Amador-Martin-scaled.jpg\" alt=\"\" width=\"2560\" height=\"1545\" srcset=\"https:\/\/tiberiades.org\/wp-content\/uploads\/2023\/02\/5-Reencuentro-de-los-amigos-Alencart-y-Berruetafoto-de-Jose-Amador-Martin-scaled.jpg 2560w, https:\/\/tiberiades.org\/wp-content\/uploads\/2023\/02\/5-Reencuentro-de-los-amigos-Alencart-y-Berruetafoto-de-Jose-Amador-Martin-300x181.jpg 300w, https:\/\/tiberiades.org\/wp-content\/uploads\/2023\/02\/5-Reencuentro-de-los-amigos-Alencart-y-Berruetafoto-de-Jose-Amador-Martin-1024x618.jpg 1024w, https:\/\/tiberiades.org\/wp-content\/uploads\/2023\/02\/5-Reencuentro-de-los-amigos-Alencart-y-Berruetafoto-de-Jose-Amador-Martin-768x463.jpg 768w, https:\/\/tiberiades.org\/wp-content\/uploads\/2023\/02\/5-Reencuentro-de-los-amigos-Alencart-y-Berruetafoto-de-Jose-Amador-Martin-1536x927.jpg 1536w, https:\/\/tiberiades.org\/wp-content\/uploads\/2023\/02\/5-Reencuentro-de-los-amigos-Alencart-y-Berruetafoto-de-Jose-Amador-Martin-2048x1236.jpg 2048w\" sizes=\"auto, (max-width: 2560px) 100vw, 2560px\" \/><figcaption id=\"caption-attachment-7618\" class=\"wp-caption-text\">Reencuentro de los amigos Alencart y Berrueta (foto de Jos\u00e9 Amador Mart\u00edn)<\/figcaption><\/figure>\n<p><em>\u00a0<\/em><\/p>\n","protected":false},"excerpt":{"rendered":"<p>&nbsp; Agradecemos al poeta A. P. Alencart, profesor de la Universidad de Salamanca, por permitirnos difundir este relato seguido de poema, escrito desde la vertiente del humor, como homenaje a su buen amigo Miguel Dom\u00ednguez Berrueta, catedr\u00e1tico jubilado de Derecho Administrativo de la ocho veces centenaria Universidad de Salamanca. Estos textos se incluyeron como colof\u00f3n de la antolog\u00eda po\u00e9tica GAUDEAMUS [&hellip;]<\/p>\n","protected":false},"author":2,"featured_media":7614,"comment_status":"open","ping_status":"closed","sticky":false,"template":"","format":"standard","meta":{"footnotes":""},"categories":[4],"tags":[148],"class_list":["post-7619","post","type-post","status-publish","format-standard","has-post-thumbnail","hentry","category-alfredo-perez-alencart","tag-alfredo-perez-alencart"],"_links":{"self":[{"href":"https:\/\/tiberiades.org\/index.php?rest_route=\/wp\/v2\/posts\/7619","targetHints":{"allow":["GET"]}}],"collection":[{"href":"https:\/\/tiberiades.org\/index.php?rest_route=\/wp\/v2\/posts"}],"about":[{"href":"https:\/\/tiberiades.org\/index.php?rest_route=\/wp\/v2\/types\/post"}],"author":[{"embeddable":true,"href":"https:\/\/tiberiades.org\/index.php?rest_route=\/wp\/v2\/users\/2"}],"replies":[{"embeddable":true,"href":"https:\/\/tiberiades.org\/index.php?rest_route=%2Fwp%2Fv2%2Fcomments&post=7619"}],"version-history":[{"count":2,"href":"https:\/\/tiberiades.org\/index.php?rest_route=\/wp\/v2\/posts\/7619\/revisions"}],"predecessor-version":[{"id":7637,"href":"https:\/\/tiberiades.org\/index.php?rest_route=\/wp\/v2\/posts\/7619\/revisions\/7637"}],"wp:featuredmedia":[{"embeddable":true,"href":"https:\/\/tiberiades.org\/index.php?rest_route=\/wp\/v2\/media\/7614"}],"wp:attachment":[{"href":"https:\/\/tiberiades.org\/index.php?rest_route=%2Fwp%2Fv2%2Fmedia&parent=7619"}],"wp:term":[{"taxonomy":"category","embeddable":true,"href":"https:\/\/tiberiades.org\/index.php?rest_route=%2Fwp%2Fv2%2Fcategories&post=7619"},{"taxonomy":"post_tag","embeddable":true,"href":"https:\/\/tiberiades.org\/index.php?rest_route=%2Fwp%2Fv2%2Ftags&post=7619"}],"curies":[{"name":"wp","href":"https:\/\/api.w.org\/{rel}","templated":true}]}}