{"id":7702,"date":"2023-03-13T20:55:19","date_gmt":"2023-03-13T19:55:19","guid":{"rendered":"https:\/\/tiberiades.org\/?p=7702"},"modified":"2023-03-13T20:55:19","modified_gmt":"2023-03-13T19:55:19","slug":"luis-felipe-castro-mendes-mi-travesia-poetica","status":"publish","type":"post","link":"https:\/\/tiberiades.org\/?p=7702","title":{"rendered":"Luis Felipe Castro Mendes: Mi traves\u00eda po\u00e9tica"},"content":{"rendered":"<p>&nbsp;<\/p>\n<p><em>Tiber\u00edades agradece al poeta Alfredo P\u00e9rez Alencart por permitirnos difundir la traducci\u00f3n que ha hecho de uno de los escritos albergados en el libro UM ESTRANHO ANIMAL DE DUAS CABE\u00c7AS. O ESCRITOR DIPLOMATA (Editora Labirinto, Fafe, 2022), del destacado poeta y diplom\u00e1tico lusitano Luis Filipe Castro Mendes, recientemente presentado en Lisboa.<\/em><\/p>\n<p>&nbsp;<\/p>\n<p>Desde ni\u00f1o las sonoridades y los sentidos de la poes\u00eda supieron atraerme y fascinarme. Querer escribir surgi\u00f3 simplemente desde ese amor, que mucho me motivaba, por las palabras de la poes\u00eda.<\/p>\n<p>Posiblemente, en este poema que escrib\u00ed hace dos a\u00f1os, cuando nacieron mis nietas Alexandra y Clara, haya podido transmitir algo de ese principio del mundo que la poes\u00eda es:<\/p>\n<p style=\"padding-left: 40px;\"><em>El reci\u00e9n nacido es quien se aproxima el principio del mundo.<\/em><\/p>\n<p style=\"padding-left: 40px;\"><em>Conservan los poetas ese asombro original,<br \/>\nesa incomprensi\u00f3n, bravo furor y breve alegr\u00eda,<br \/>\nde lo que sienten dem\u00e1s o no llegan a sentir,<br \/>\nde lo que piensan antes de otros<br \/>\no que no se puede pensar y de lo que, por lo tanto,<br \/>\nno se deber\u00eda hablar.<\/em><\/p>\n<p style=\"padding-left: 40px;\"><em>El reci\u00e9n nacido se balancea entre el sue\u00f1o de la raz\u00f3n<br \/>\ny la furia de estar vivo, El poeta ve los monstruos<br \/>\nque en coral se dibujan fr\u00edos y finos y que pueblan<br \/>\nen el fondo de los mares.<\/em><\/p>\n<p style=\"padding-left: 40px;\"><em>Algo ocultan los poetas, no de los ni\u00f1os, no,<br \/>\npero s\u00ed de los reci\u00e9n nacidos: este asombro puro<br \/>\nque nos hace querer perdurar entre el enojo de nacer<br \/>\ny la alegr\u00eda de estar vivos.<\/em><\/p>\n<p style=\"padding-left: 40px;\"><em>As\u00ed los mejores nos escriben del principio del mundo.<\/em><\/p>\n<p>La poes\u00eda se hace con palabras, m\u00e1s la experiencia de lo que vivimos, de lo que so\u00f1amos, de lo que leemos, o\u00edmos o, simplemente, imaginamos, siempre encuentra alguna forma de resonar en ellas. Una vez escrib\u00ed, en mi libro <em>Lendas da India,<\/em> donde respond\u00eda al mundo con poemas:<\/p>\n<p style=\"padding-left: 40px;\"><em>Solo se responder a la vida con poemas:<br \/>\ny la alternativa es vivir la vida<br \/>\nsin dar por ella,<\/em><\/p>\n<p style=\"padding-left: 40px;\"><em>sin responderle, fingiendo<br \/>\nno darle cambio,<br \/>\nescabuy\u00e9ndome entre sus vueltas<\/em><\/p>\n<p style=\"padding-left: 40px;\"><em>para poder no escribir.<br \/>\nPorque si yo hubiese aprendido algo,<br \/>\nsi yo tuviese al menos<br \/>\nalguna cosa que decir,<\/em><\/p>\n<p style=\"padding-left: 40px;\"><em>por cierto, no responder\u00eda a la vida con poemas.<\/em><\/p>\n<p>Y con poemas fui respondiendo, mejor o peor, a lo que la vida me trajo y a las experiencias que viv\u00ed. Al amor, por cierto:<\/p>\n<p style=\"padding-left: 40px;\"><em>Amor, tengo nostalgia de otra vida<br \/>\nhecha solo de mil d\u00edas transparentes;<br \/>\nno te olvides de m\u00ed si ves perdida<br \/>\ntoda voz en las palabras m\u00e1s ausentes.<\/em><\/p>\n<p style=\"padding-left: 40px;\"><em>Porque es cerca de la muerte que escribimos,<br \/>\ncada verso contiene una amenaza<br \/>\ny la ternura mayor que nos decimos<br \/>\nest\u00e1 hecha de penumbra fr\u00eda y opaca.<\/em><\/p>\n<p style=\"padding-left: 40px;\"><em>Si la voz se da en el verso y en la medida,<br \/>\nes miedo, mi amor, m\u00e1s que voluntad:<br \/>\nel verso nada puede contra la vida;<br \/>\nsaberlo es nuestra libertad.<\/em><\/p>\n<p style=\"padding-left: 40px;\"><em>Es miedo que en versos exorciso,<br \/>\ncomo risa vibrando en la oscuridad.<\/em><\/p>\n<p><em> <img loading=\"lazy\" decoding=\"async\" class=\"aligncenter wp-image-7699 \" src=\"https:\/\/tiberiades.org\/wp-content\/uploads\/2023\/03\/2-1-678x1024.jpg\" alt=\"\" width=\"556\" height=\"840\" srcset=\"https:\/\/tiberiades.org\/wp-content\/uploads\/2023\/03\/2-1-678x1024.jpg 678w, https:\/\/tiberiades.org\/wp-content\/uploads\/2023\/03\/2-1-199x300.jpg 199w, https:\/\/tiberiades.org\/wp-content\/uploads\/2023\/03\/2-1-768x1160.jpg 768w, https:\/\/tiberiades.org\/wp-content\/uploads\/2023\/03\/2-1-1017x1536.jpg 1017w, https:\/\/tiberiades.org\/wp-content\/uploads\/2023\/03\/2-1.jpg 1356w\" sizes=\"auto, (max-width: 556px) 100vw, 556px\" \/><\/em><\/p>\n<p>Un amor que puede ser compartido en una simple caminata matinal:<\/p>\n<p style=\"padding-left: 40px;\"><em>\u00bfQui\u00e9n me dice que en las ma\u00f1anas claras<br \/>\nda el ritmo al verso y aire al coraz\u00f3n?<br \/>\n\u00bfQui\u00e9n duerme en la perla del agua m\u00e1s rara<br \/>\ny aguza el silencio para decir la negaci\u00f3n?<\/em><\/p>\n<p>Pero tambi\u00e9n nuestra vida, como seres sociales o <em>animales pol\u00edticos,<\/em> al decir de Arist\u00f3teles, puede hacer resonar en los versos experiencias como esta de la crisis econ\u00f3mica-financiera que atravesamos entre 2008 y 2015:<\/p>\n<p style=\"padding-left: 40px;\"><em>Nosotros vivimos de la misericordia de los mercados.<br \/>\nNosotros hacemos falta.<br \/>\nEl capital se regula a s\u00ed mismo y las leyes<br \/>\nson simples consecuencias l\u00f3gicas de esa regulaci\u00f3n,<br \/>\ntan sublime que algunos ven en ellas el dedo de Dios.<br \/>\nSe enga\u00f1an.<br \/>\nLos mercados son a la vez el creador y la propia creaci\u00f3n.<br \/>\nNosotros somos quienes no hacemos falta.<\/em><\/p>\n<p>O Tambi\u00e9n esa extra\u00f1a forma de vida en pandemia que recientemente atravesamos:<\/p>\n<p style=\"padding-left: 40px;\"><em>La noche y el d\u00eda pueden confundirse.<br \/>\nLa luz que viene de fuera no ilumina<br \/>\ny lo oscuro que est\u00e1 all\u00e1 fuera nada explica.<br \/>\nLos vivos se visten como si fuesen para estar junto a la muerte,<br \/>\nsin poder siquiera jugar ajedrez con ella.<br \/>\nUna sala de espera en un consultorio m\u00e9dico,<br \/>\na esto se limita hoy nuestra experiencia.<br \/>\nPor eso es tan importante decir \u201cuna rosa\u201d,<br \/>\ninvocar la flor azul, la ausente de todos los ramos<br \/>\ny encontrar abiertas en el poema las florister\u00edas<br \/>\ncon los ramos hecho deprisa y los tallos mal cortados.<\/em><\/p>\n<p>La poes\u00eda no puede quedar alejada de los vientos de la guerra que ahora se desencadenan sobre nosotros:<\/p>\n<p style=\"padding-left: 40px;\"><em>UCRANIA O EL CORAZ\u00d3N DEL MUNDO<\/em><\/p>\n<p style=\"padding-left: 40px;\"><em>Es de las v\u00edctimas el coraz\u00f3n del mundo.<br \/>\nPoco m\u00e1s tienen: se arrastran por los caminos<br \/>\ncon maletas hechas apresuradamente y ni\u00f1os atemorizados<br \/>\ny tener con ellas el coraz\u00f3n del mundo no las salva<br \/>\nde las bombas y de los disparos<br \/>\nni de la ira tremenda que las hace morir.<\/em><\/p>\n<p style=\"padding-left: 40px;\"><em>Vibra m\u00e1s alto, coraz\u00f3n del mundo.<br \/>\nNadie podr\u00e1 dar a las v\u00edctimas lo que perdieron,<br \/>\nNing\u00fan consuelo podr\u00e1 darse a quien todo dej\u00f3<\/em><\/p>\n<p style=\"padding-left: 40px;\"><em>Y sec\u00f3 con las l\u00e1grimas perdidas los ojos vac\u00edos.<br \/>\nPero t\u00fa continuas, coraz\u00f3n del mundo,<br \/>\nHaci\u00e9ndonos creer que somos humanos.<\/em><\/p>\n<p>Hay siempre muchas cosas detr\u00e1s de un poema. Pero frente al poema est\u00e1 su lector. Y es en cada lector donde el poema encuentra su eco, su resonancia y su destino. Porque, como dec\u00eda Agustina Bessa-Lu\u00eds, cada voz est\u00e1 sola y \u00fanica y es contra el coraz\u00f3n de los dem\u00e1s donde ella vertiginosamente resuena.<\/p>\n<p>Es as\u00ed la voz de los poetas, la cual solamente vive en el coraz\u00f3n de cada lector.<\/p>\n<p><em>(Versi\u00f3n libre del texto de una autopresentaci\u00f3n que publiqu\u00e9 en el bolet\u00edn mensual del Gremio Literario). Nota del autor.<\/em><\/p>\n<p><em>Traducci\u00f3n. A. P. Alencart<\/em><\/p>\n<figure id=\"attachment_7697\" aria-describedby=\"caption-attachment-7697\" style=\"width: 960px\" class=\"wp-caption aligncenter\"><img loading=\"lazy\" decoding=\"async\" class=\"size-full wp-image-7697\" src=\"https:\/\/tiberiades.org\/wp-content\/uploads\/2023\/03\/3-Parte-del-publico-asistente-a-la-presentacion-del-libro.jpg\" alt=\"\" width=\"960\" height=\"720\" srcset=\"https:\/\/tiberiades.org\/wp-content\/uploads\/2023\/03\/3-Parte-del-publico-asistente-a-la-presentacion-del-libro.jpg 960w, https:\/\/tiberiades.org\/wp-content\/uploads\/2023\/03\/3-Parte-del-publico-asistente-a-la-presentacion-del-libro-300x225.jpg 300w, https:\/\/tiberiades.org\/wp-content\/uploads\/2023\/03\/3-Parte-del-publico-asistente-a-la-presentacion-del-libro-768x576.jpg 768w\" sizes=\"auto, (max-width: 960px) 100vw, 960px\" \/><figcaption id=\"caption-attachment-7697\" class=\"wp-caption-text\">Parte del p\u00fablico asistente a la presentaci\u00f3n del libro<\/figcaption><\/figure>\n<figure id=\"attachment_7698\" aria-describedby=\"caption-attachment-7698\" style=\"width: 576px\" class=\"wp-caption aligncenter\"><img loading=\"lazy\" decoding=\"async\" class=\"size-full wp-image-7698\" src=\"https:\/\/tiberiades.org\/wp-content\/uploads\/2023\/03\/4-Alencart-leyendo-la-traduccion-de-un-poema-de-Castro-Mendes-en-el-Teatro-Liceo-de-Salamanca-foto-de-Jose-Amador-Martin.jpg\" alt=\"\" width=\"576\" height=\"698\" srcset=\"https:\/\/tiberiades.org\/wp-content\/uploads\/2023\/03\/4-Alencart-leyendo-la-traduccion-de-un-poema-de-Castro-Mendes-en-el-Teatro-Liceo-de-Salamanca-foto-de-Jose-Amador-Martin.jpg 576w, https:\/\/tiberiades.org\/wp-content\/uploads\/2023\/03\/4-Alencart-leyendo-la-traduccion-de-un-poema-de-Castro-Mendes-en-el-Teatro-Liceo-de-Salamanca-foto-de-Jose-Amador-Martin-248x300.jpg 248w\" sizes=\"auto, (max-width: 576px) 100vw, 576px\" \/><figcaption id=\"caption-attachment-7698\" class=\"wp-caption-text\">Alencart leyendo la traducci\u00f3n de un poema de Castro Mendes en el Teatro Liceo de Salamanca (foto de Jos\u00e9 Amador Mart\u00edn)<\/figcaption><\/figure>\n<p><em>Poeta portugu\u00eas, diplomata de carreira, Lu\u00eds Filipe Castro Mendes nasceu em 1950 e, ainda muito jovem, entre 1965 e 1967, foi colaborador do jornal Di\u00e1rio de Lisboa-Juvenil. Em 1974, licenciou-se em Direito pela Universidade de Lisboa. Teve atividade pol\u00edtica militante antes do 25 de abril, no movimento estudantil antifascista. Foi nomeadamente c\u00f4nsul geral no Rio de Janeiro, embaixador de Portugal em Budapeste, Nova Deli, UNESCO-Paris e finalmente junto do Conselho da Europa em Estrasburgo. Foi Ministro da Cultura entre 2016 e 2018. Publica o seu primeiro livro de poesia, Recados, em 1983, a que se seguiram Seis Elegias e Outros Poemas (1985), galardoado com o pr\u00e9mio da Associa\u00e7\u00e3o de Jornalistas e Homens de Letras do Porto, A Ilha dos Mortos (1991), que teve o pr\u00e9mio de poesia do PEN Club, O Jogo de Fazer Versos (1994), que teve o Pr\u00e9mio D Diniz, Modos de m\u00fasica (1996) e Outras Can\u00e7\u00f5es (1998). Em 1999 publica em Portugal e no Brasil a primeira colet\u00e2nea dos seus poemas (Poesia Reunida). De 2001 \u00e9 o livro Os Dias Inventados e em 2011 publica Lendas da \u00cdndia (Pr\u00e9mio Ant\u00f3nio Quadros, da funda\u00e7\u00e3o com o mesmo nome), em 2014, A Miseric\u00f3rdia dos Mercados e em 2016 Outro Ulisses regressa a casa. Em 2018 publica uma nova colet\u00e2nea dos seus Poemas Reunidos, que teve o Pr\u00e9mio Teixeira de Pascoaes da Associa\u00e7\u00e3o Portuguesa de Escritores em 2020. Em 2021 publicou um novo libro, Voltar.<\/em><\/p>\n<figure id=\"attachment_7701\" aria-describedby=\"caption-attachment-7701\" style=\"width: 2048px\" class=\"wp-caption aligncenter\"><img loading=\"lazy\" decoding=\"async\" class=\"size-full wp-image-7701\" src=\"https:\/\/tiberiades.org\/wp-content\/uploads\/2023\/03\/Luis-Castro-Mendes-dedicando-libro.jpeg\" alt=\"\" width=\"2048\" height=\"1153\" srcset=\"https:\/\/tiberiades.org\/wp-content\/uploads\/2023\/03\/Luis-Castro-Mendes-dedicando-libro.jpeg 2048w, https:\/\/tiberiades.org\/wp-content\/uploads\/2023\/03\/Luis-Castro-Mendes-dedicando-libro-300x169.jpeg 300w, https:\/\/tiberiades.org\/wp-content\/uploads\/2023\/03\/Luis-Castro-Mendes-dedicando-libro-1024x577.jpeg 1024w, https:\/\/tiberiades.org\/wp-content\/uploads\/2023\/03\/Luis-Castro-Mendes-dedicando-libro-768x432.jpeg 768w, https:\/\/tiberiades.org\/wp-content\/uploads\/2023\/03\/Luis-Castro-Mendes-dedicando-libro-1536x865.jpeg 1536w\" sizes=\"auto, (max-width: 2048px) 100vw, 2048px\" \/><figcaption id=\"caption-attachment-7701\" class=\"wp-caption-text\">Luis Castro Mendes dedicando libro<\/figcaption><\/figure>\n<p>&nbsp;<\/p>\n<p>Imagen de cabecera: El poeta Luis Castro Mendes, al centro, flanqueado por el poeta y pol\u00edtico Pompeu Martins y por el editor Joao Artur Pinto<\/p>\n<div class=\"ms-editor-squiggler\"><\/div>\n","protected":false},"excerpt":{"rendered":"<p>&nbsp; Tiber\u00edades agradece al poeta Alfredo P\u00e9rez Alencart por permitirnos difundir la traducci\u00f3n que ha hecho de uno de los escritos albergados en el libro UM ESTRANHO ANIMAL DE DUAS CABE\u00c7AS. O ESCRITOR DIPLOMATA (Editora Labirinto, Fafe, 2022), del destacado poeta y diplom\u00e1tico lusitano Luis Filipe Castro Mendes, recientemente presentado en Lisboa. &nbsp; Desde ni\u00f1o las sonoridades y los sentidos [&hellip;]<\/p>\n","protected":false},"author":2,"featured_media":7700,"comment_status":"open","ping_status":"closed","sticky":false,"template":"","format":"standard","meta":{"footnotes":""},"categories":[4],"tags":[701],"class_list":["post-7702","post","type-post","status-publish","format-standard","has-post-thumbnail","hentry","category-alfredo-perez-alencart","tag-luis-castro-mendes"],"_links":{"self":[{"href":"https:\/\/tiberiades.org\/index.php?rest_route=\/wp\/v2\/posts\/7702","targetHints":{"allow":["GET"]}}],"collection":[{"href":"https:\/\/tiberiades.org\/index.php?rest_route=\/wp\/v2\/posts"}],"about":[{"href":"https:\/\/tiberiades.org\/index.php?rest_route=\/wp\/v2\/types\/post"}],"author":[{"embeddable":true,"href":"https:\/\/tiberiades.org\/index.php?rest_route=\/wp\/v2\/users\/2"}],"replies":[{"embeddable":true,"href":"https:\/\/tiberiades.org\/index.php?rest_route=%2Fwp%2Fv2%2Fcomments&post=7702"}],"version-history":[{"count":2,"href":"https:\/\/tiberiades.org\/index.php?rest_route=\/wp\/v2\/posts\/7702\/revisions"}],"predecessor-version":[{"id":7705,"href":"https:\/\/tiberiades.org\/index.php?rest_route=\/wp\/v2\/posts\/7702\/revisions\/7705"}],"wp:featuredmedia":[{"embeddable":true,"href":"https:\/\/tiberiades.org\/index.php?rest_route=\/wp\/v2\/media\/7700"}],"wp:attachment":[{"href":"https:\/\/tiberiades.org\/index.php?rest_route=%2Fwp%2Fv2%2Fmedia&parent=7702"}],"wp:term":[{"taxonomy":"category","embeddable":true,"href":"https:\/\/tiberiades.org\/index.php?rest_route=%2Fwp%2Fv2%2Fcategories&post=7702"},{"taxonomy":"post_tag","embeddable":true,"href":"https:\/\/tiberiades.org\/index.php?rest_route=%2Fwp%2Fv2%2Ftags&post=7702"}],"curies":[{"name":"wp","href":"https:\/\/api.w.org\/{rel}","templated":true}]}}