{"id":7743,"date":"2023-03-27T19:39:52","date_gmt":"2023-03-27T18:39:52","guid":{"rendered":"https:\/\/tiberiades.org\/?p=7743"},"modified":"2023-03-27T19:43:12","modified_gmt":"2023-03-27T18:43:12","slug":"sonia-luz-carrillo-por-si-acaso-y-otros-poemas","status":"publish","type":"post","link":"https:\/\/tiberiades.org\/?p=7743","title":{"rendered":"Sonia Luz Carrillo: \u2018Por si acaso\u2019 y otros poemas"},"content":{"rendered":"<p><em>Tiber\u00edades tiene la satisfacci\u00f3n de publicar siete poemas de la destacada poeta peruana Sonia Luz Carrillo, quien hoy cumple a\u00f1os. Ella ha sido poeta invitada en los Encuentros de Poetas Iberoamericanos de Salamanca. Los poemas han sido seleccionados por el poeta A. P. Alencart.<\/em><\/p>\n<h4 style=\"padding-left: 40px;\">POR SI ACASO&#8230;<\/h4>\n<p style=\"padding-left: 40px;\">&#8230; Por si acaso ma\u00f1ana<br \/>\nse detiene este tr\u00e1fago<br \/>\nr\u00e1pida sucesi\u00f3n<br \/>\nde im\u00e1genes y sentidos<br \/>\nabsurda repetici\u00f3n<br \/>\nde apuros torpes,<br \/>\n\u2026<br \/>\nquede aqu\u00ed<br \/>\neste fuego<br \/>\nesta alucinada costumbre<br \/>\nde mirar en lo oscuro<br \/>\ny sumergirme\u00a0\u00a0 hondo<br \/>\nen lo apenas perceptible.<\/p>\n<p style=\"padding-left: 40px;\">Por si acaso<br \/>\nma\u00f1ana<br \/>\nquede el libro a la mitad,<br \/>\nlas llamadas sin respuesta,<br \/>\nlas tareas en suspenso,<br \/>\nla p\u00e1gina en espera,<br \/>\ny toda atadura salte<br \/>\nrota,<br \/>\naqu\u00ed quede el latido<br \/>\nlo \u00fanico importante<br \/>\nel trazo<br \/>\nde pronto interrumpido<br \/>\nporque as\u00ed es<br \/>\ny no hay vuelta que darle&#8230;<\/p>\n<h4 style=\"padding-left: 40px;\">EQUILIBRIO<\/h4>\n<p style=\"padding-left: 40px;\">Escudri\u00f1ar l\u00edneas<br \/>\nadentr\u00e1ndose en la<br \/>\nimagen<\/p>\n<p style=\"padding-left: 40px;\">(seda, niebla escurridiza)<\/p>\n<p style=\"padding-left: 40px;\">como quien avanza<br \/>\nde puntillas<br \/>\npor la cuerda<br \/>\nfloja<\/p>\n<p style=\"padding-left: 40px;\">Avanzar<br \/>\nla mirada<br \/>\nen soslayo<br \/>\nintentando<br \/>\namablemente<br \/>\ndesplazar m\u00e1scaras<br \/>\nsin perder el misterio<br \/>\npor exceso de luz<\/p>\n<p style=\"padding-left: 40px;\">Caminar<br \/>\no detenerse a contemplar<br \/>\npaisajes<\/p>\n<p style=\"padding-left: 40px;\">(p\u00e1ginas, oscuros pozos)<\/p>\n<p style=\"padding-left: 40px;\">Expandirse<br \/>\naferrando<br \/>\ns\u00edlabas<\/p>\n<p style=\"padding-left: 40px;\">Anidar<br \/>\nen p\u00e1ginas ajenas<\/p>\n<p style=\"padding-left: 40px;\">Sorteando<br \/>\na cada paso<br \/>\nel riesgo<br \/>\nde perder<br \/>\nel equilibrio.<\/p>\n<figure id=\"attachment_7736\" aria-describedby=\"caption-attachment-7736\" style=\"width: 1397px\" class=\"wp-caption aligncenter\"><img loading=\"lazy\" decoding=\"async\" class=\"size-full wp-image-7736\" src=\"https:\/\/tiberiades.org\/wp-content\/uploads\/2023\/03\/1-Sonia-Luz-Carrillo-y-Pilar-Fernandez-Labrador-foto-de-Jose-Amador-Martin.jpg\" alt=\"\" width=\"1397\" height=\"1063\" srcset=\"https:\/\/tiberiades.org\/wp-content\/uploads\/2023\/03\/1-Sonia-Luz-Carrillo-y-Pilar-Fernandez-Labrador-foto-de-Jose-Amador-Martin.jpg 1397w, https:\/\/tiberiades.org\/wp-content\/uploads\/2023\/03\/1-Sonia-Luz-Carrillo-y-Pilar-Fernandez-Labrador-foto-de-Jose-Amador-Martin-300x228.jpg 300w, https:\/\/tiberiades.org\/wp-content\/uploads\/2023\/03\/1-Sonia-Luz-Carrillo-y-Pilar-Fernandez-Labrador-foto-de-Jose-Amador-Martin-1024x779.jpg 1024w, https:\/\/tiberiades.org\/wp-content\/uploads\/2023\/03\/1-Sonia-Luz-Carrillo-y-Pilar-Fernandez-Labrador-foto-de-Jose-Amador-Martin-768x584.jpg 768w\" sizes=\"auto, (max-width: 1397px) 100vw, 1397px\" \/><figcaption id=\"caption-attachment-7736\" class=\"wp-caption-text\">Sonia Luz Carrillo y Pilar Fern\u00e1ndez Labrador (foto de Jos\u00e9 Amador Mart\u00edn)<\/figcaption><\/figure>\n<h4 style=\"padding-left: 40px;\">T\u00da<\/h4>\n<p style=\"padding-left: 40px; text-align: right;\"><em>Yo quiero comprenderte como<br \/>\nte comprende la tierra<br \/>\nMadurando<br \/>\n<\/em>R.M. Rilke<\/p>\n<p style=\"padding-left: 40px;\">T\u00fa que colmas la soledad<br \/>\nla haces fecunda<br \/>\ny en medio del caos me apacientas<\/p>\n<p style=\"padding-left: 40px;\">T\u00fa que en m\u00ed<br \/>\nenciendes la fuerza<br \/>\nque no tengo<\/p>\n<p style=\"padding-left: 40px;\">T\u00fa que al instante de la ira<br \/>\nentibias mi coraz\u00f3n entre tus manos<br \/>\ny me limpias la frente<br \/>\npones sosiego a mis palabras<br \/>\ntal serenidad<br \/>\nque a m\u00ed misma sorprende.<\/p>\n<p style=\"padding-left: 40px;\">Oh poderosa ternura<br \/>\ncon la que abres mi entendimiento<br \/>\na los misterios<br \/>\ny me haces saber<br \/>\nque as\u00ed me quieres:<br \/>\ndando frutos<br \/>\ndesde mi peque\u00f1ez<br \/>\ndesde mi tr\u00e9mula libertad<br \/>\nque T\u00fa alimentas.<\/p>\n<h4 style=\"padding-left: 40px;\">ENTONCES\u2026<\/h4>\n<p style=\"padding-left: 40px;\">La frente<br \/>\nsin ataduras<br \/>\nel pecho<br \/>\ntranquilo<br \/>\npropicio el rededor<br \/>\nubicado<br \/>\ncada sonido<br \/>\noportuna<br \/>\nla luz<br \/>\nprecisos los aromas<br \/>\nplenas<br \/>\nlas palabras,<br \/>\nlas indispensables,<\/p>\n<p style=\"padding-left: 40px;\">sopesada toda evidencia<br \/>\nla piel<br \/>\ncalma<br \/>\nentonces<br \/>\nel amor<br \/>\nel saber<br \/>\no el poema.<\/p>\n<figure id=\"attachment_7738\" aria-describedby=\"caption-attachment-7738\" style=\"width: 2560px\" class=\"wp-caption aligncenter\"><img loading=\"lazy\" decoding=\"async\" class=\"size-full wp-image-7738\" src=\"https:\/\/tiberiades.org\/wp-content\/uploads\/2023\/03\/3-Jacqueline-Alencar-y-Sonia-Luz-Carrillo-en-Salamanca-scaled.jpg\" alt=\"\" width=\"2560\" height=\"1646\" srcset=\"https:\/\/tiberiades.org\/wp-content\/uploads\/2023\/03\/3-Jacqueline-Alencar-y-Sonia-Luz-Carrillo-en-Salamanca-scaled.jpg 2560w, https:\/\/tiberiades.org\/wp-content\/uploads\/2023\/03\/3-Jacqueline-Alencar-y-Sonia-Luz-Carrillo-en-Salamanca-300x193.jpg 300w, https:\/\/tiberiades.org\/wp-content\/uploads\/2023\/03\/3-Jacqueline-Alencar-y-Sonia-Luz-Carrillo-en-Salamanca-1024x658.jpg 1024w, https:\/\/tiberiades.org\/wp-content\/uploads\/2023\/03\/3-Jacqueline-Alencar-y-Sonia-Luz-Carrillo-en-Salamanca-768x494.jpg 768w, https:\/\/tiberiades.org\/wp-content\/uploads\/2023\/03\/3-Jacqueline-Alencar-y-Sonia-Luz-Carrillo-en-Salamanca-1536x988.jpg 1536w, https:\/\/tiberiades.org\/wp-content\/uploads\/2023\/03\/3-Jacqueline-Alencar-y-Sonia-Luz-Carrillo-en-Salamanca-2048x1317.jpg 2048w\" sizes=\"auto, (max-width: 2560px) 100vw, 2560px\" \/><figcaption id=\"caption-attachment-7738\" class=\"wp-caption-text\">Jacqueline Alencar y Sonia Luz Carrillo, en Salamanca<\/figcaption><\/figure>\n<h4 style=\"padding-left: 40px;\">CONCURSO DE BELLEZA<\/h4>\n<p style=\"padding-left: 40px;\">El ganado est\u00e1 en fila<br \/>\nmuy bien alienado,<br \/>\nde sus graciosas patas delanteras<br \/>\nhan colgado un numerito<\/p>\n<p style=\"padding-left: 40px;\">Luego<br \/>\nceremoniosa<br \/>\ndignamente<br \/>\nser\u00e1n medidas sus ubres<br \/>\ny sus ancas.<\/p>\n<p style=\"padding-left: 40px;\">Ha salido ganador<br \/>\nel ejemplar<br \/>\nque se asemeja<br \/>\nal prototipo que impone la metr\u00f3poli.<\/p>\n<p style=\"padding-left: 40px;\">Dentro de poco<br \/>\nser\u00e1 exhibido,<br \/>\nen el circo de Bob Hope<br \/>\nall\u00e1, en el Vietnam.<\/p>\n<p><em>\u00a0<\/em><\/p>\n<p><em>Sonia Luz Carrillo (Bellavista, Callao 1948), poeta, miembro de la Generaci\u00f3n po\u00e9tica de los a\u00f1os 70\u2019, ha publicado los poemarios Sin nombre propio (1973), Poemas (1976), \u2026 y el coraz\u00f3n ardiendo (1979), La realidad en c\u00e1mara oscura (1981), Tierra de todos (1989), Las frutas sobre la mesa (1998) y Callada fuente (2011).\u00a0 Su obra ha sido difundida en antolog\u00edas del Per\u00fa y el exterior, como Por ocho centurias. XXI Encuentro de poetas iberoamericanos. Antolog\u00eda Internacional en homenaje a las universidades de Salamanca y San Marcos de Lima, y a los poetas Diego de Torres Villarroel y Alejandro Romualdo, Salamanca, 2018. Anteriormente, en la preparada por el estudioso franc\u00e9s Claude Couffon Poesie peruvienne du XX siecle d\u2019expression espagnole (Geneve, 2000) y Trilog\u00eda po\u00e9tica de las Mujeres en Hispanoam\u00e9rica, Tomo III (M\u00e9xico D.F., 2004), entre otras, as\u00ed como en revistas especializadas, libros y suplementos literarios del Per\u00fa y el extranjero. Sus poemas han sido traducidos a distintos idiomas. En el 2008 represent\u00f3 al Per\u00fa en el XI Encuentro de poetas Iberoamericanos realizado en Salamanca, Espa\u00f1a, y su obra forma parte de la antolog\u00eda internacional El huerto magn\u00edfico de todos (Salamanca, 2008).<br \/>\nIgualmente, figura en una selecci\u00f3n de poes\u00eda universal de todos los tiempos, en el portal titulado El paisaje del alma que incluy\u00f3 poemas de \u00cdtalo Calvino, Eugenio Montale, Jorge Luis Borges, Nazin Himet, Katherine Mansfield, Cesare Pavese, Emily Dickinson, Fernando Pessoa, entre otros.\u00a0 Profesora Principal de la Facultad de Letras y Ciencias Humanas de la Universidad Nacional Mayor de San Marcos, donde curs\u00f3 estudios de Maestr\u00eda y Doctorado en Literatura Peruana y Latinoamericana, ha publicado en medios acad\u00e9micos numerosos estudios literarios y tambi\u00e9n ensayos sobre comunicaciones y cultura. Ha ejercido la docencia en distintas universidades de Lima y ha sido profesora visitante en el exterior. En el campo de la investigaci\u00f3n, es autora de los libros: Di\u00e1logo entre los pueblos. Nuevo Orden Internacional de la Informaci\u00f3n (1985), ampliado y reeditado en 1990; Curso de realidad. Proceso po\u00e9tico 1945-1980 (coautora, 1987); Las profesionales de la comunicaci\u00f3n. Estudio centrado en el sujeto emisor directo (1994); Literatura y Periodismo. El relato period\u00edstico y la narrativa literaria (1999) y Juegos de verdad y mentira. Publicidad y adolescentes en la TV lime\u00f1a (2000).\u00a0 Publica sus estudios literarios y de comunicaci\u00f3n y cultura en revistas acad\u00e9micas del pa\u00eds y del exterior.\u00a0 En la Universidad Nacional Mayor de San Marcos, en la que trabaja desde hace 42 a\u00f1os, tiene a su cargo distintas c\u00e1tedras, destacan entre ellas las de Comunicaci\u00f3n y Literatura, as\u00ed como los Seminarios de Tesis.<\/em><\/p>\n<figure id=\"attachment_7739\" aria-describedby=\"caption-attachment-7739\" style=\"width: 800px\" class=\"wp-caption aligncenter\"><img loading=\"lazy\" decoding=\"async\" class=\"size-full wp-image-7739\" src=\"https:\/\/tiberiades.org\/wp-content\/uploads\/2023\/03\/4-Romualdo-en-casa-de-Ricardo-Falla-y-Sonia-Luz-Carrillo-con-Jacqueline-Alencar-y-A.-P.-Alencart.jpg\" alt=\"\" width=\"800\" height=\"515\" srcset=\"https:\/\/tiberiades.org\/wp-content\/uploads\/2023\/03\/4-Romualdo-en-casa-de-Ricardo-Falla-y-Sonia-Luz-Carrillo-con-Jacqueline-Alencar-y-A.-P.-Alencart.jpg 800w, https:\/\/tiberiades.org\/wp-content\/uploads\/2023\/03\/4-Romualdo-en-casa-de-Ricardo-Falla-y-Sonia-Luz-Carrillo-con-Jacqueline-Alencar-y-A.-P.-Alencart-300x193.jpg 300w, https:\/\/tiberiades.org\/wp-content\/uploads\/2023\/03\/4-Romualdo-en-casa-de-Ricardo-Falla-y-Sonia-Luz-Carrillo-con-Jacqueline-Alencar-y-A.-P.-Alencart-768x494.jpg 768w\" sizes=\"auto, (max-width: 800px) 100vw, 800px\" \/><figcaption id=\"caption-attachment-7739\" class=\"wp-caption-text\">Romualdo en casa de Ricardo Falla y Sonia Luz Carrillo, con Jacqueline Alencar y A. P. Alencart<\/figcaption><\/figure>\n<figure id=\"attachment_7740\" aria-describedby=\"caption-attachment-7740\" style=\"width: 2153px\" class=\"wp-caption aligncenter\"><img loading=\"lazy\" decoding=\"async\" class=\"size-full wp-image-7740\" src=\"https:\/\/tiberiades.org\/wp-content\/uploads\/2023\/03\/5-Juan-Cameron-Sonia-Luz-Carrillo-Miguel-Aguilar-junto-al-catedratico-Alfonso-Ortega-en-Salamanca-foto-de-Jacqueline-Alencar.jpg\" alt=\"\" width=\"2153\" height=\"2166\" srcset=\"https:\/\/tiberiades.org\/wp-content\/uploads\/2023\/03\/5-Juan-Cameron-Sonia-Luz-Carrillo-Miguel-Aguilar-junto-al-catedratico-Alfonso-Ortega-en-Salamanca-foto-de-Jacqueline-Alencar.jpg 2153w, https:\/\/tiberiades.org\/wp-content\/uploads\/2023\/03\/5-Juan-Cameron-Sonia-Luz-Carrillo-Miguel-Aguilar-junto-al-catedratico-Alfonso-Ortega-en-Salamanca-foto-de-Jacqueline-Alencar-298x300.jpg 298w, https:\/\/tiberiades.org\/wp-content\/uploads\/2023\/03\/5-Juan-Cameron-Sonia-Luz-Carrillo-Miguel-Aguilar-junto-al-catedratico-Alfonso-Ortega-en-Salamanca-foto-de-Jacqueline-Alencar-1018x1024.jpg 1018w, https:\/\/tiberiades.org\/wp-content\/uploads\/2023\/03\/5-Juan-Cameron-Sonia-Luz-Carrillo-Miguel-Aguilar-junto-al-catedratico-Alfonso-Ortega-en-Salamanca-foto-de-Jacqueline-Alencar-150x150.jpg 150w, https:\/\/tiberiades.org\/wp-content\/uploads\/2023\/03\/5-Juan-Cameron-Sonia-Luz-Carrillo-Miguel-Aguilar-junto-al-catedratico-Alfonso-Ortega-en-Salamanca-foto-de-Jacqueline-Alencar-768x773.jpg 768w, https:\/\/tiberiades.org\/wp-content\/uploads\/2023\/03\/5-Juan-Cameron-Sonia-Luz-Carrillo-Miguel-Aguilar-junto-al-catedratico-Alfonso-Ortega-en-Salamanca-foto-de-Jacqueline-Alencar-1527x1536.jpg 1527w, https:\/\/tiberiades.org\/wp-content\/uploads\/2023\/03\/5-Juan-Cameron-Sonia-Luz-Carrillo-Miguel-Aguilar-junto-al-catedratico-Alfonso-Ortega-en-Salamanca-foto-de-Jacqueline-Alencar-2036x2048.jpg 2036w\" sizes=\"auto, (max-width: 2153px) 100vw, 2153px\" \/><figcaption id=\"caption-attachment-7740\" class=\"wp-caption-text\">Juan Cameron, Sonia Luz Carrillo, Miguel Aguilar, junto al catedr\u00e1tico Alfonso Ortega, en Salamanca (foto de Jacqueline Alencar)<\/figcaption><\/figure>\n<figure id=\"attachment_7741\" aria-describedby=\"caption-attachment-7741\" style=\"width: 2560px\" class=\"wp-caption aligncenter\"><img loading=\"lazy\" decoding=\"async\" class=\"size-full wp-image-7741\" src=\"https:\/\/tiberiades.org\/wp-content\/uploads\/2023\/03\/6-Ricardo-Falla-y-Sonia-Luz-Carrillo-en-la-Casona-de-San-Marcos-foto-de-Jacqueline-Alencar-scaled.jpg\" alt=\"\" width=\"2560\" height=\"1920\" srcset=\"https:\/\/tiberiades.org\/wp-content\/uploads\/2023\/03\/6-Ricardo-Falla-y-Sonia-Luz-Carrillo-en-la-Casona-de-San-Marcos-foto-de-Jacqueline-Alencar-scaled.jpg 2560w, https:\/\/tiberiades.org\/wp-content\/uploads\/2023\/03\/6-Ricardo-Falla-y-Sonia-Luz-Carrillo-en-la-Casona-de-San-Marcos-foto-de-Jacqueline-Alencar-300x225.jpg 300w, https:\/\/tiberiades.org\/wp-content\/uploads\/2023\/03\/6-Ricardo-Falla-y-Sonia-Luz-Carrillo-en-la-Casona-de-San-Marcos-foto-de-Jacqueline-Alencar-1024x768.jpg 1024w, https:\/\/tiberiades.org\/wp-content\/uploads\/2023\/03\/6-Ricardo-Falla-y-Sonia-Luz-Carrillo-en-la-Casona-de-San-Marcos-foto-de-Jacqueline-Alencar-768x576.jpg 768w, https:\/\/tiberiades.org\/wp-content\/uploads\/2023\/03\/6-Ricardo-Falla-y-Sonia-Luz-Carrillo-en-la-Casona-de-San-Marcos-foto-de-Jacqueline-Alencar-1536x1152.jpg 1536w, https:\/\/tiberiades.org\/wp-content\/uploads\/2023\/03\/6-Ricardo-Falla-y-Sonia-Luz-Carrillo-en-la-Casona-de-San-Marcos-foto-de-Jacqueline-Alencar-2048x1536.jpg 2048w\" sizes=\"auto, (max-width: 2560px) 100vw, 2560px\" \/><figcaption id=\"caption-attachment-7741\" class=\"wp-caption-text\">Ricardo Falla y Sonia Luz Carrillo en la Casona de San Marcos (foto de Jacqueline Alencar)<\/figcaption><\/figure>\n<figure id=\"attachment_7742\" aria-describedby=\"caption-attachment-7742\" style=\"width: 2560px\" class=\"wp-caption aligncenter\"><img loading=\"lazy\" decoding=\"async\" class=\"size-full wp-image-7742\" src=\"https:\/\/tiberiades.org\/wp-content\/uploads\/2023\/03\/7-Sonia-Luz-Carrillo-A.-P.-Alencart-y-Ricardo-Falla-dias-atras-scaled.jpg\" alt=\"\" width=\"2560\" height=\"1920\" srcset=\"https:\/\/tiberiades.org\/wp-content\/uploads\/2023\/03\/7-Sonia-Luz-Carrillo-A.-P.-Alencart-y-Ricardo-Falla-dias-atras-scaled.jpg 2560w, https:\/\/tiberiades.org\/wp-content\/uploads\/2023\/03\/7-Sonia-Luz-Carrillo-A.-P.-Alencart-y-Ricardo-Falla-dias-atras-300x225.jpg 300w, https:\/\/tiberiades.org\/wp-content\/uploads\/2023\/03\/7-Sonia-Luz-Carrillo-A.-P.-Alencart-y-Ricardo-Falla-dias-atras-1024x768.jpg 1024w, https:\/\/tiberiades.org\/wp-content\/uploads\/2023\/03\/7-Sonia-Luz-Carrillo-A.-P.-Alencart-y-Ricardo-Falla-dias-atras-768x576.jpg 768w, https:\/\/tiberiades.org\/wp-content\/uploads\/2023\/03\/7-Sonia-Luz-Carrillo-A.-P.-Alencart-y-Ricardo-Falla-dias-atras-1536x1152.jpg 1536w, https:\/\/tiberiades.org\/wp-content\/uploads\/2023\/03\/7-Sonia-Luz-Carrillo-A.-P.-Alencart-y-Ricardo-Falla-dias-atras-2048x1536.jpg 2048w\" sizes=\"auto, (max-width: 2560px) 100vw, 2560px\" \/><figcaption id=\"caption-attachment-7742\" class=\"wp-caption-text\">Sonia Luz Carrillo, A. P. Alencart y Ricardo Falla, d\u00edas atr\u00e1s<\/figcaption><\/figure>\n<p><em>Imagen de cabecera: La poeta Sonia Luz Carrillo (foto de Jacqueline Alencar)<\/em><\/p>\n","protected":false},"excerpt":{"rendered":"<p>Tiber\u00edades tiene la satisfacci\u00f3n de publicar siete poemas de la destacada poeta peruana Sonia Luz Carrillo, quien hoy cumple a\u00f1os. Ella ha sido poeta invitada en los Encuentros de Poetas Iberoamericanos de Salamanca. Los poemas han sido seleccionados por el poeta A. P. Alencart. POR SI ACASO&#8230; &#8230; Por si acaso ma\u00f1ana se detiene este tr\u00e1fago r\u00e1pida sucesi\u00f3n de im\u00e1genes [&hellip;]<\/p>\n","protected":false},"author":2,"featured_media":7735,"comment_status":"open","ping_status":"closed","sticky":false,"template":"","format":"standard","meta":{"footnotes":""},"categories":[19],"tags":[704],"class_list":["post-7743","post","type-post","status-publish","format-standard","has-post-thumbnail","hentry","category-poemas-de","tag-sonia-luz-carrillo"],"_links":{"self":[{"href":"https:\/\/tiberiades.org\/index.php?rest_route=\/wp\/v2\/posts\/7743","targetHints":{"allow":["GET"]}}],"collection":[{"href":"https:\/\/tiberiades.org\/index.php?rest_route=\/wp\/v2\/posts"}],"about":[{"href":"https:\/\/tiberiades.org\/index.php?rest_route=\/wp\/v2\/types\/post"}],"author":[{"embeddable":true,"href":"https:\/\/tiberiades.org\/index.php?rest_route=\/wp\/v2\/users\/2"}],"replies":[{"embeddable":true,"href":"https:\/\/tiberiades.org\/index.php?rest_route=%2Fwp%2Fv2%2Fcomments&post=7743"}],"version-history":[{"count":4,"href":"https:\/\/tiberiades.org\/index.php?rest_route=\/wp\/v2\/posts\/7743\/revisions"}],"predecessor-version":[{"id":7747,"href":"https:\/\/tiberiades.org\/index.php?rest_route=\/wp\/v2\/posts\/7743\/revisions\/7747"}],"wp:featuredmedia":[{"embeddable":true,"href":"https:\/\/tiberiades.org\/index.php?rest_route=\/wp\/v2\/media\/7735"}],"wp:attachment":[{"href":"https:\/\/tiberiades.org\/index.php?rest_route=%2Fwp%2Fv2%2Fmedia&parent=7743"}],"wp:term":[{"taxonomy":"category","embeddable":true,"href":"https:\/\/tiberiades.org\/index.php?rest_route=%2Fwp%2Fv2%2Fcategories&post=7743"},{"taxonomy":"post_tag","embeddable":true,"href":"https:\/\/tiberiades.org\/index.php?rest_route=%2Fwp%2Fv2%2Ftags&post=7743"}],"curies":[{"name":"wp","href":"https:\/\/api.w.org\/{rel}","templated":true}]}}