{"id":7775,"date":"2023-03-31T09:51:22","date_gmt":"2023-03-31T08:51:22","guid":{"rendered":"https:\/\/tiberiades.org\/?p=7775"},"modified":"2023-03-31T10:17:53","modified_gmt":"2023-03-31T09:17:53","slug":"a-perez-alencar-yordan-arroyo-tres-poemas-escritos-por-las-montanas-de-asturias","status":"publish","type":"post","link":"https:\/\/tiberiades.org\/?p=7775","title":{"rendered":"J. A. P\u00e9rez Alencar \/ Yordan Arroyo: Tres poemas escritos por las monta\u00f1as de Asturias"},"content":{"rendered":"<p><em>Tiber\u00edades tiene la satisfacci\u00f3n de publicar tres poemas in\u00e9ditos escritos por los poetas Jos\u00e9 Alfredo P\u00e9rez Alencar (Espa\u00f1a) y Yordan Arroyo (Costa Rica), ambientados en las monta\u00f1as de Asturias. Al final de la entrada pueden ver a los poetas recitando sus poemas en sendos v\u00eddeos.<\/em><\/p>\n<h3><strong>Poemas de Jos\u00e9 Alfredo P\u00e9rez Alencar<\/strong><\/h3>\n<h4 style=\"padding-left: 40px;\">TE TOCAR\u00c9, ASTURIAS<\/h4>\n<p style=\"padding-left: 40px;\">En las nuevas sorpresas te tocar\u00e9, Asturias,<br \/>\nsin importar el incorregible defecto<br \/>\nde la grandeza on\u00edrica,<br \/>\npues ya tus cumbres<br \/>\nme regalaron la probidad de los instantes.<\/p>\n<p style=\"padding-left: 40px;\">Te tocar\u00e9, sin alterar tus palpitaciones,<br \/>\nporque en ellas viven los abrazos a la prosapia<br \/>\nque a\u00fan desconoc\u00eda.<\/p>\n<p style=\"padding-left: 40px;\">Te tocar\u00e9, con cada sentencia de mis labios,<br \/>\npatria de la creada imaginaci\u00f3n<br \/>\ndonde el lejano alabastro se posa en mis ojos,<br \/>\nrefulgiendo los di\u00e1logos entre piedra y tacto<br \/>\npara revelar historias de voces cotidianas.<\/p>\n<p style=\"padding-left: 40px;\">As\u00ed, los r\u00edos juegan con tu significado,<br \/>\ndesboc\u00e1ndose el mar<br \/>\nsobre la mirada del continente.<\/p>\n<p style=\"padding-left: 40px;\">Asturias, desde la espont\u00e1nea lejan\u00eda,<br \/>\narribo en los lazos perdidos<br \/>\nde gentes sin edad.<\/p>\n<p style=\"padding-left: 40px;\">Te tocar\u00e9, Asturias,<br \/>\nen la brillante soledad de las urbes ajenas,<br \/>\ncuando el alma sumergida en tus callejones<br \/>\nexhala refugios como si fueran para\u00edsos.<\/p>\n<p style=\"padding-left: 40px;\">Solo las musas sabr\u00e1n<br \/>\nlos misterios que rasgan el coraz\u00f3n<br \/>\ncuando no se desea la noche<br \/>\nal arrastrar el silencio de los sepelios.<\/p>\n<p style=\"padding-left: 40px;\">Asturias del ahora, eres entierro y bienvenida,<br \/>\nagonizante ventura que retumba<br \/>\nen aquel barco de ilusiones.<\/p>\n<p style=\"padding-left: 40px;\">Te tocar\u00e9, Asturias.<\/p>\n<p><em><br \/>\n(Para toda mi familia asturiana, pues el tiempo nos se\u00f1ala<br \/>\nlos necesarios reencuentros. Asturias, marzo de 2023).<\/em><\/p>\n<p>&nbsp;<\/p>\n<figure id=\"attachment_7770\" aria-describedby=\"caption-attachment-7770\" style=\"width: 1191px\" class=\"wp-caption aligncenter\"><img loading=\"lazy\" decoding=\"async\" class=\"size-full wp-image-7770\" src=\"https:\/\/tiberiades.org\/wp-content\/uploads\/2023\/03\/2-Jose-Alfredo-Perez-Alencar-en-Santa-Maria-del-Naranco.jpeg\" alt=\"\" width=\"1191\" height=\"743\" srcset=\"https:\/\/tiberiades.org\/wp-content\/uploads\/2023\/03\/2-Jose-Alfredo-Perez-Alencar-en-Santa-Maria-del-Naranco.jpeg 1191w, https:\/\/tiberiades.org\/wp-content\/uploads\/2023\/03\/2-Jose-Alfredo-Perez-Alencar-en-Santa-Maria-del-Naranco-300x187.jpeg 300w, https:\/\/tiberiades.org\/wp-content\/uploads\/2023\/03\/2-Jose-Alfredo-Perez-Alencar-en-Santa-Maria-del-Naranco-1024x639.jpeg 1024w, https:\/\/tiberiades.org\/wp-content\/uploads\/2023\/03\/2-Jose-Alfredo-Perez-Alencar-en-Santa-Maria-del-Naranco-768x479.jpeg 768w\" sizes=\"auto, (max-width: 1191px) 100vw, 1191px\" \/><figcaption id=\"caption-attachment-7770\" class=\"wp-caption-text\">Jos\u00e9 Alfredo P\u00e9rez Alencar en Santa Mar\u00eda del Naranco<\/figcaption><\/figure>\n<h4 style=\"padding-left: 40px;\"><strong>SIGLOS ENJAULADOS<\/strong><\/h4>\n<p style=\"padding-left: 40px;\">Sobre el tronar esmeralda<br \/>\nvoces calladas emigran.<\/p>\n<p style=\"padding-left: 40px;\">Desde las profundidades,<br \/>\nclama el herido adi\u00f3s<br \/>\ny la inesperada bienvenida.<\/p>\n<p style=\"padding-left: 40px;\">Descienden paisajes inalcanzables,<br \/>\ny el creador est\u00e1 en la lluvia<br \/>\nmientras oc\u00e9anos de niebla<br \/>\ntraen consigo los esot\u00e9ricos retratos<br \/>\nde quienes arribaron<br \/>\nen los trabajos de oro y caucho.<\/p>\n<p style=\"padding-left: 40px;\">Esas herencias me devuelven la mirada<br \/>\na trav\u00e9s de siglos enjaulados<br \/>\nen una b\u00f3veda de idilios.<\/p>\n<p style=\"padding-left: 40px;\">Nos quitamos<br \/>\nlas m\u00e1scaras<br \/>\narden las \u00e9pocas<br \/>\ny el furor de las identidades<br \/>\npernocta en la lengua de las generaciones,<br \/>\nque hallan comuni\u00f3n<br \/>\nen la mesa de los descubrimientos.<\/p>\n<p style=\"padding-left: 40px;\"><em>Asturias en el camino, 2023<\/em><\/p>\n<p><em>Jos\u00e9 Alfredo P\u00e9rez Alencar (Salamanca, 1994). Poeta, egresado en Derecho por la Universidad de Salamanca y cr\u00edtico de cine. En poes\u00eda ha publicado el libro \u2018Tambores en el Abismo \/ Tambores no Abismo\u2019 (Labirinto, Fafe, Portugal, 2022, en edici\u00f3n biling\u00fce y traducci\u00f3n de Leoc\u00e1dia Regalo).&nbsp; Cuando ni\u00f1o la imprenta Kadmos le public\u00f3 una carpeta de poemas titulada \u2018El barco de las ilusiones\u2019 (2002, con 17 acuarelas del pintor Miguel El\u00edas). Posteriormente public\u00f3 el cuaderno \u2018Madre\u2019 (Trilce, Salamanca, 2021. Dos poemas traducidos a 12 idiomas). Poemas suyos han aparecido en diversas antolog\u00edas y revistas de Espa\u00f1a e Iberoam\u00e9rica. Tambi\u00e9n ha publicado los libros \u2018Pasiones cin\u00e9filas\u2019 (Trilce, Salamanca, 2020) y Iuris Tantum (Betania, Madrid, 2020). Sus cr\u00edticas de cine se publican en las revistas literarias Crear en Salamanca y Tiber\u00edades, mientras que sus art\u00edculos de contenido jur\u00eddico y social se dan a conocer el su blog Iuris tantum, que mantiene en el peri\u00f3dico digital Salamanca al D\u00eda.<\/em><\/p>\n<figure id=\"attachment_7771\" aria-describedby=\"caption-attachment-7771\" style=\"width: 1740px\" class=\"wp-caption aligncenter\"><img loading=\"lazy\" decoding=\"async\" class=\"size-full wp-image-7771\" src=\"https:\/\/tiberiades.org\/wp-content\/uploads\/2023\/03\/3-Yordan-Arroyo-en-Oviedo.jpeg\" alt=\"\" width=\"1740\" height=\"1626\" srcset=\"https:\/\/tiberiades.org\/wp-content\/uploads\/2023\/03\/3-Yordan-Arroyo-en-Oviedo.jpeg 1740w, https:\/\/tiberiades.org\/wp-content\/uploads\/2023\/03\/3-Yordan-Arroyo-en-Oviedo-300x280.jpeg 300w, https:\/\/tiberiades.org\/wp-content\/uploads\/2023\/03\/3-Yordan-Arroyo-en-Oviedo-1024x957.jpeg 1024w, https:\/\/tiberiades.org\/wp-content\/uploads\/2023\/03\/3-Yordan-Arroyo-en-Oviedo-768x718.jpeg 768w, https:\/\/tiberiades.org\/wp-content\/uploads\/2023\/03\/3-Yordan-Arroyo-en-Oviedo-1536x1435.jpeg 1536w\" sizes=\"auto, (max-width: 1740px) 100vw, 1740px\" \/><figcaption id=\"caption-attachment-7771\" class=\"wp-caption-text\">Yordan Arroyo en Oviedo<\/figcaption><\/figure>\n<h3><strong>Poema de Yordan Arroyo<\/strong><\/h3>\n<h4 style=\"padding-left: 40px;\">ASTUR<\/h4>\n<p style=\"padding-left: 40px;\">Vengo de aquellas praderas<br \/>\ndonde las aves recitan a Lis\u00edmaco<br \/>\ny todo es similar a estos campos<br \/>\ndonde los mastines protegen<br \/>\npoemas con pieles de oveja<br \/>\ny de las vacas carre\u00f1as<br \/>\nsaltan quesos y cachopos<br \/>\nque alimentan mis manos<br \/>\ny las de Gamoneda.<\/p>\n<p style=\"padding-left: 40px;\">Llegu\u00e9 con el verde de los \u00e1rboles<br \/>\ncolgado en las ramas de mis ojos<br \/>\nque de tanto leer cielos y paisajes<br \/>\npodr\u00edan quedarse ciegas<br \/>\ncomo las pupilas del C\u00f3ndor<br \/>\nquien de tanto comer papeles<br \/>\nlas vio convertirse en cabras<br \/>\ndespu\u00e9s en luci\u00e9rnagas.<\/p>\n<p style=\"padding-left: 40px;\">Es hora de despedirme de estos valles<br \/>\ndonde no nac\u00ed por no llamarme Alfredo,<br \/>\npero amante de los libros y la agricultura<br \/>\nsembr\u00e9 un poema en mi boca de mimosa<br \/>\ny hoy sus p\u00e9talos florecen en aeropuertos.<\/p>\n<p><em><br \/>\nNaci\u00f3 en San Ram\u00f3n de Alajuela, Costa Rica (1994), tierras en donde los granos de caf\u00e9 se dedican a escribir poemas y los atardeceres se encargan de recitarlos en voz de sus mejores cerros. M\u00e1ster por la Universidad de Salamanca. Dirige y colabora en revistas literarias y acad\u00e9micas. Es presidente de la Uni\u00f3n Hispanomundial de Escritores en Costa Rica. Sus poemas aparecen publicados en varias revistas y en antolog\u00edas, principalmente de Espa\u00f1a. Posee comentarios y publicaciones sobre arte y literatura en diferentes medios.<\/em><\/p>\n<figure id=\"attachment_7772\" aria-describedby=\"caption-attachment-7772\" style=\"width: 905px\" class=\"wp-caption aligncenter\"><img loading=\"lazy\" decoding=\"async\" class=\"size-full wp-image-7772\" src=\"https:\/\/tiberiades.org\/wp-content\/uploads\/2023\/03\/4-Yordan-Arroyo-y-Jose-Alfredo-Perez-Alencar-en-Cabanaquinta-Asturias.jpeg\" alt=\"\" width=\"905\" height=\"491\" srcset=\"https:\/\/tiberiades.org\/wp-content\/uploads\/2023\/03\/4-Yordan-Arroyo-y-Jose-Alfredo-Perez-Alencar-en-Cabanaquinta-Asturias.jpeg 905w, https:\/\/tiberiades.org\/wp-content\/uploads\/2023\/03\/4-Yordan-Arroyo-y-Jose-Alfredo-Perez-Alencar-en-Cabanaquinta-Asturias-300x163.jpeg 300w, https:\/\/tiberiades.org\/wp-content\/uploads\/2023\/03\/4-Yordan-Arroyo-y-Jose-Alfredo-Perez-Alencar-en-Cabanaquinta-Asturias-768x417.jpeg 768w\" sizes=\"auto, (max-width: 905px) 100vw, 905px\" \/><figcaption id=\"caption-attachment-7772\" class=\"wp-caption-text\">Yordan Arroyo y Jos\u00e9 Alfredo P\u00e9rez Alencar en Caba\u00f1aquinta (Asturias)<\/figcaption><\/figure>\n<figure id=\"attachment_7773\" aria-describedby=\"caption-attachment-7773\" style=\"width: 1261px\" class=\"wp-caption aligncenter\"><img loading=\"lazy\" decoding=\"async\" class=\"size-full wp-image-7773\" src=\"https:\/\/tiberiades.org\/wp-content\/uploads\/2023\/03\/5-Gabina-Perez-Carballo-y-Jose-Alfredo-Perez-Alencar-en-el-puente-sobre-el-rio-Aller.jpeg\" alt=\"\" width=\"1261\" height=\"721\" srcset=\"https:\/\/tiberiades.org\/wp-content\/uploads\/2023\/03\/5-Gabina-Perez-Carballo-y-Jose-Alfredo-Perez-Alencar-en-el-puente-sobre-el-rio-Aller.jpeg 1261w, https:\/\/tiberiades.org\/wp-content\/uploads\/2023\/03\/5-Gabina-Perez-Carballo-y-Jose-Alfredo-Perez-Alencar-en-el-puente-sobre-el-rio-Aller-300x172.jpeg 300w, https:\/\/tiberiades.org\/wp-content\/uploads\/2023\/03\/5-Gabina-Perez-Carballo-y-Jose-Alfredo-Perez-Alencar-en-el-puente-sobre-el-rio-Aller-1024x585.jpeg 1024w, https:\/\/tiberiades.org\/wp-content\/uploads\/2023\/03\/5-Gabina-Perez-Carballo-y-Jose-Alfredo-Perez-Alencar-en-el-puente-sobre-el-rio-Aller-768x439.jpeg 768w\" sizes=\"auto, (max-width: 1261px) 100vw, 1261px\" \/><figcaption id=\"caption-attachment-7773\" class=\"wp-caption-text\">Gabina P\u00e9rez Carballo y Jos\u00e9 Alfredo P\u00e9rez Alencar, en el puente sobre el r\u00edo Aller<\/figcaption><\/figure>\n<p><em>&nbsp;<\/em><\/p>\n<div style=\"width: 640px;\" class=\"wp-video\"><video class=\"wp-video-shortcode\" id=\"video-7775-1\" width=\"640\" height=\"352\" preload=\"metadata\" controls=\"controls\"><source type=\"video\/mp4\" src=\"https:\/\/tiberiades.org\/wp-content\/uploads\/2023\/03\/yordan.mp4?_=1\" \/><a href=\"https:\/\/tiberiades.org\/wp-content\/uploads\/2023\/03\/yordan.mp4\">https:\/\/tiberiades.org\/wp-content\/uploads\/2023\/03\/yordan.mp4<\/a><\/video><\/div>\n<p><em>&nbsp;<\/em><\/p>\n<p><em>&nbsp;<\/em><\/p>\n<div style=\"width: 640px;\" class=\"wp-video\"><video class=\"wp-video-shortcode\" id=\"video-7775-2\" width=\"640\" height=\"352\" preload=\"metadata\" controls=\"controls\"><source type=\"video\/mp4\" src=\"https:\/\/tiberiades.org\/wp-content\/uploads\/2023\/03\/josealfredo.mp4?_=2\" \/><a href=\"https:\/\/tiberiades.org\/wp-content\/uploads\/2023\/03\/josealfredo.mp4\">https:\/\/tiberiades.org\/wp-content\/uploads\/2023\/03\/josealfredo.mp4<\/a><\/video><\/div>\n<p><em>&nbsp;<\/em><\/p>\n<p>&nbsp;<\/p>\n","protected":false},"excerpt":{"rendered":"<p>Tiber\u00edades tiene la satisfacci\u00f3n de publicar tres poemas in\u00e9ditos escritos por los poetas Jos\u00e9 Alfredo P\u00e9rez Alencar (Espa\u00f1a) y Yordan Arroyo (Costa Rica), ambientados en las monta\u00f1as de Asturias. Al final de la entrada pueden ver a los poetas recitando sus poemas en sendos v\u00eddeos. Poemas de Jos\u00e9 Alfredo P\u00e9rez Alencar TE TOCAR\u00c9, ASTURIAS En las nuevas sorpresas te tocar\u00e9, [&hellip;]<\/p>\n","protected":false},"author":2,"featured_media":7778,"comment_status":"open","ping_status":"closed","sticky":false,"template":"","format":"standard","meta":{"footnotes":""},"categories":[19],"tags":[312,133,652],"class_list":["post-7775","post","type-post","status-publish","format-standard","has-post-thumbnail","hentry","category-poemas-de","tag-jose-alfredo-alencar","tag-jose-alfredo-perez-alencar","tag-yordan-arroyo"],"_links":{"self":[{"href":"https:\/\/tiberiades.org\/index.php?rest_route=\/wp\/v2\/posts\/7775","targetHints":{"allow":["GET"]}}],"collection":[{"href":"https:\/\/tiberiades.org\/index.php?rest_route=\/wp\/v2\/posts"}],"about":[{"href":"https:\/\/tiberiades.org\/index.php?rest_route=\/wp\/v2\/types\/post"}],"author":[{"embeddable":true,"href":"https:\/\/tiberiades.org\/index.php?rest_route=\/wp\/v2\/users\/2"}],"replies":[{"embeddable":true,"href":"https:\/\/tiberiades.org\/index.php?rest_route=%2Fwp%2Fv2%2Fcomments&post=7775"}],"version-history":[{"count":3,"href":"https:\/\/tiberiades.org\/index.php?rest_route=\/wp\/v2\/posts\/7775\/revisions"}],"predecessor-version":[{"id":7779,"href":"https:\/\/tiberiades.org\/index.php?rest_route=\/wp\/v2\/posts\/7775\/revisions\/7779"}],"wp:featuredmedia":[{"embeddable":true,"href":"https:\/\/tiberiades.org\/index.php?rest_route=\/wp\/v2\/media\/7778"}],"wp:attachment":[{"href":"https:\/\/tiberiades.org\/index.php?rest_route=%2Fwp%2Fv2%2Fmedia&parent=7775"}],"wp:term":[{"taxonomy":"category","embeddable":true,"href":"https:\/\/tiberiades.org\/index.php?rest_route=%2Fwp%2Fv2%2Fcategories&post=7775"},{"taxonomy":"post_tag","embeddable":true,"href":"https:\/\/tiberiades.org\/index.php?rest_route=%2Fwp%2Fv2%2Ftags&post=7775"}],"curies":[{"name":"wp","href":"https:\/\/api.w.org\/{rel}","templated":true}]}}