{"id":7831,"date":"2023-04-11T09:10:10","date_gmt":"2023-04-11T08:10:10","guid":{"rendered":"https:\/\/tiberiades.org\/?p=7831"},"modified":"2023-04-11T09:36:01","modified_gmt":"2023-04-11T08:36:01","slug":"enrique-solinas-el-adios-y-otros-poemas","status":"publish","type":"post","link":"https:\/\/tiberiades.org\/?p=7831","title":{"rendered":"Enrique Solinas: \u201cEl adi\u00f3s\u201d y otros poemas"},"content":{"rendered":"<p><em>Tiber\u00edades agradece al poeta argentino Enrique Solinas, por permitirnos difundir una muestra de sus poemas publicados en el libro &#8216;El pozo y la cima&#8217; (Pre-Textos, Espa\u00f1a, 2022).<br \/>\nSerie Libros enviados y\/o dedicados a Alfredo P\u00e9rez Alencart<\/em><\/p>\n<h4 style=\"padding-left: 40px;\"><strong>El adi\u00f3s<\/strong><\/h4>\n<p style=\"padding-left: 40px;\">\u201cPueden pasar<br \/>\na despedirse\u201d, dijo,<br \/>\ny las palabras<br \/>\nque proven\u00edan del t\u00fanel<br \/>\nde la esperanza,<br \/>\nse conectaban<br \/>\ncon su boca abierta<br \/>\nla cabeza levemente<br \/>\ninclinada hacia atr\u00e1s<br \/>\ny los ojos,<br \/>\nque miraban sin mirar<br \/>\nel escenario quieto<br \/>\ndel cielo,<br \/>\nobservaban<br \/>\nesta historia<br \/>\nreci\u00e9n amanecida<br \/>\ny claro,<br \/>\nall\u00ed estaba yo,<br \/>\ntestigo oscuro,<br \/>\nun detalle del paisaje, apenas<br \/>\nun sue\u00f1o imposible que so\u00f1aba<br \/>\ncon poemas y canciones de amor.<\/p>\n<p style=\"padding-left: 40px;\">Porque todas las personas que amo<br \/>\nhan nacido para desaparecer;<\/p>\n<p style=\"padding-left: 40px;\">porque todo se vuelve inalcanzable<br \/>\npara los que se van sin despedirse.<\/p>\n<p style=\"padding-left: 40px;\">\n<h4 style=\"padding-left: 40px;\"><strong>Coraz\u00f3n, coraz\u00f3n<\/strong><\/h4>\n<p style=\"padding-left: 40px;\">Situado en el centro<br \/>\nde mi pecho,<br \/>\ndomina el sentimiento<br \/>\nla raz\u00f3n. Piadoso<br \/>\ny sin piedad existe,<br \/>\nsu esp\u00edritu es tan fiel<br \/>\ncomo esos galgos buenos<br \/>\nque siempre me acompa\u00f1an.<\/p>\n<p style=\"padding-left: 40px;\">A veces en su latido<br \/>\nhay dolor,<br \/>\nprobablemente sean las flechas<br \/>\nque alguien lanz\u00f3 al azar y se resiste<br \/>\na morir con raz\u00f3n,<br \/>\na dejar de existir,<br \/>\na vestirse de olvido<br \/>\nen esta tarde amarga.<\/p>\n<p style=\"padding-left: 40px;\">He aqu\u00ed la belleza,<br \/>\nhe aqu\u00ed el terror:<br \/>\nabrazar contra el pecho la certeza<br \/>\nque todo ha de morir,<br \/>\nque el mundo es ef\u00edmero y fugaz;<br \/>\nque amar y ser amado es una condici\u00f3n<br \/>\nde un instante, de un d\u00eda, de una hora,<br \/>\nun momento cualquiera<br \/>\nen alg\u00fan rec\u00f3ndito lugar<br \/>\ndel universo.<\/p>\n<p style=\"padding-left: 40px;\">Ay, coraz\u00f3n, coraz\u00f3n,<br \/>\nno hay nada m\u00e1s triste<br \/>\nque saber<\/p>\n<p style=\"padding-left: 40px;\">que todo ha de morir,<\/p>\n<p style=\"padding-left: 40px;\">que todo ha de morir<br \/>\ny que es inevitable.<\/p>\n<h4 style=\"padding-left: 40px;\"><strong>Tres muertes<\/strong><\/h4>\n<p style=\"padding-left: 160px;\"><em>a Mascha kal\u00e9ko<\/em><\/p>\n<p style=\"padding-left: 40px;\">La primera vez que mor\u00ed fue<br \/>\ncuando muri\u00f3 mi madre.<br \/>\nEl hospital era negro como el cielo<br \/>\ny su respiraci\u00f3n ces\u00f3<br \/>\ncomo cuando el viento calla.<\/p>\n<p style=\"padding-left: 40px;\">La segunda vez que mor\u00ed fue<br \/>\ncuando muri\u00f3 mi padre.<br \/>\nEl hospital era claro como el sol<br \/>\ny todos ten\u00edamos la certeza<br \/>\nde lo que iba a suceder.<\/p>\n<p style=\"padding-left: 40px;\">Pero la tercera vez que mor\u00ed,<br \/>\na\u00fan sigue sucediendo.<br \/>\nTodo fue de repente<br \/>\ny el amor no alcanz\u00f3<br \/>\npara que te quedaras.<br \/>\nEnterr\u00e9 tu memoria<br \/>\nen mi coraz\u00f3n<br \/>\ny all\u00ed existe intacta.<\/p>\n<p style=\"padding-left: 40px;\">Ahora s\u00e9 que no s\u00e9<br \/>\n\u2013y esto es seguro\u2013<br \/>\nsi estar\u00e9 muerto<br \/>\ny no me he dado cuenta<br \/>\no si mor\u00ed tantas veces,<br \/>\npero tantas veces,<br \/>\nque ya no muero m\u00e1s.<\/p>\n<h4 style=\"padding-left: 40px;\"><strong>Broken night<\/strong><\/h4>\n<p style=\"padding-left: 40px;\">Desconecten los \u00e1rboles<br \/>\ny mi coraz\u00f3n<br \/>\nen el invierno<br \/>\nde esta tarde.<\/p>\n<p style=\"padding-left: 40px;\">Ya no<br \/>\nQUIERO<br \/>\nesta oscuridad<br \/>\nen mi voz,<\/p>\n<p style=\"padding-left: 40px;\">le he dado<br \/>\nlo mejor de m\u00ed<br \/>\na los muertos.<\/p>\n<p style=\"padding-left: 40px;\">Y ahora<br \/>\ns\u00f3lo busco<\/p>\n<p style=\"padding-left: 40px;\">el resplandor<br \/>\nquebrado<br \/>\nde la noche<\/p>\n<p style=\"padding-left: 40px;\">en la soledad<br \/>\ndel asfalto.<\/p>\n<p style=\"padding-left: 40px;\">\n<h4 style=\"padding-left: 40px;\"><strong>Dejarse ir<\/strong><\/h4>\n<p style=\"padding-left: 40px;\">Suelta el cuerpo su alma, suelta<br \/>\nlas teor\u00edas sabias, la armadura del tiempo, suelta<br \/>\nlo material que ya no te pertenece,<br \/>\nel aroma del miedo en el filo de esta tarde.<\/p>\n<p style=\"padding-left: 40px;\">Suelta tu coraz\u00f3n, los sue\u00f1os inconclusos, suelta,<br \/>\nya no habr\u00e1 ma\u00f1ana para vivir.<br \/>\nY aunque parezca triste esto que digo, suelta<br \/>\nla raz\u00f3n que no contenta a nadie.<\/p>\n<p style=\"padding-left: 40px;\">Porque morir es terminar<br \/>\ny soltar el mundo<br \/>\nconocido.<\/p>\n<p style=\"padding-left: 40px;\">Porque morir es empezar<br \/>\nde nuevo la vida<br \/>\notra vez.<\/p>\n<p><strong>\u00a0<\/strong><\/p>\n<h4 style=\"padding-left: 40px;\"><strong>El cuerpo de la desaparici\u00f3n<\/strong><\/h4>\n<p style=\"padding-left: 40px;\">Donde hubo un cuerpo ahora<br \/>\nest\u00e1 su ausencia<br \/>\ny dibujo con mis manos<br \/>\nel contorno de lo que fue,<br \/>\ny espero a que el azar<br \/>\ndevuelva con su magia<br \/>\nlo desaparecido.<\/p>\n<p style=\"padding-left: 40px;\">Siempre hemos de esperar<br \/>\nlo que no va a suceder.<br \/>\nSiempre esperamos<br \/>\nel milagro de la vida<br \/>\nen la desolaci\u00f3n del instante.<\/p>\n<p style=\"padding-left: 40px;\">Cr\u00e9eme: Cuando tu cuerpo desapareci\u00f3<br \/>\npara m\u00ed fue demasiado<br \/>\ny golpe\u00e9 todas las puertas<br \/>\nde la tierra y el cielo,<br \/>\npara poder acompa\u00f1arte<br \/>\ny traerte de nuevo.<\/p>\n<p style=\"padding-left: 40px;\">Cr\u00e9eme: a\u00fan espero en casa<br \/>\ntu regreso.<\/p>\n<p style=\"padding-left: 40px;\">S\u00e9 que alg\u00fan d\u00eda vendr\u00e1s,<br \/>\nsin que te espere,<br \/>\na buscarme para ir<br \/>\na la morada \u00faltima<br \/>\ndel tiempo.<\/p>\n<p style=\"padding-left: 40px;\">S\u00e9 que vendr\u00e1s,<br \/>\nlo s\u00e9.<\/p>\n<p style=\"padding-left: 40px;\">Pleno de luz,<br \/>\ncomo una barca silenciosa<br \/>\npara as\u00ed navegar<br \/>\nlas aguas<br \/>\nde este coraz\u00f3n perdido.<\/p>\n<p><img loading=\"lazy\" decoding=\"async\" class=\"aligncenter size-full wp-image-7830\" src=\"https:\/\/tiberiades.org\/wp-content\/uploads\/2023\/04\/2.jpg\" alt=\"\" width=\"600\" height=\"933\" srcset=\"https:\/\/tiberiades.org\/wp-content\/uploads\/2023\/04\/2.jpg 600w, https:\/\/tiberiades.org\/wp-content\/uploads\/2023\/04\/2-193x300.jpg 193w\" sizes=\"auto, (max-width: 600px) 100vw, 600px\" \/><br \/>\n<em>ENRIQUE SOLINAS (Buenos Aires, 1969). Es escritor, docente, traductor e investigador. Desde 1989 colabora con publicaciones de Argentina y del exterior. Como investigador se especializa en Poesia latinoamericana, Antolog\u00edas po\u00e9ticas y en Poes\u00eda y M\u00edstica. Public\u00f3 hasta la fecha: Signos Oscuros (Buenos Aires, 1995), El Gru\u00f1ido (Buenos Aires, 1997), El Lugar del Principio (Buenos Aires, 1998), Jard\u00edn en Movimiento (Buenos Aires, 2003), Noche de San Juan (2008), El gru\u00f1ido y otros poemas (Antolog\u00eda po\u00e9tica, Buenos Aires, 2011), Coraz\u00f3n Sagrado (Buenos Aires 2014), Barcas sobre la zarza ardiente (2016), El Libro de las Plegarias (2019), El pozo y la cima (2022); The way time goes and others poems \/ La manera en que el tiempo se va (USA, Antolog\u00eda po\u00e9tica ingl\u00e9s-espa\u00f1ol, 2017), <\/em><em>\u65f6\u5149\u5c31\u8fd9\u6837\u6d41\u901d<\/em><em> (traducci\u00f3n al chino de la antolog\u00eda po\u00e9tica The way time goes \u2013 La manera en que el tiempo se va, Shanghai, 2017), Le grognement\u00a0 (traducci\u00f3n al franc\u00e9s de la antolog\u00eda po\u00e9tica El gru\u00f1ido y otros poemas, Par\u00eds, 2021). En colaboraci\u00f3n, Dificultades de la poes\u00eda (ensayo, 2010), Invocaciones \u2013cuatro poetas en la voz del mito- (poes\u00eda, 2012), Antolog\u00edas Argentinas \u2013 Intervenciones sobre el canon y emergencias del imaginario (Editorial Teseo, Buenos Aires, 2017). En narrativa: La muerte y su conversaci\u00f3n (cuentos, 2007).<br \/>\nPor su labor literaria obtuvo varios premios, entre ellos, el 1er. Premio Nacional Iniciaci\u00f3n Bienio 1992\/1993, de la Secretar\u00eda de Cultura de la Naci\u00f3n Argentina; el 1er. Premio Direcci\u00f3n General de Bibliotecas Municipales de Buenos Aires 1993; Menci\u00f3n en los Premios Municipales de la Ciudad de Buenos Aires a la Producci\u00f3n 1994\/1995; Subsidio Nacional de Creaci\u00f3n de la Fundaci\u00f3n Antorchas, Concurso 1997 de Becas y Subsidios para las Artes y Subsidio de Investigaci\u00f3n en Poes\u00eda Argentina Contempor\u00e1nea, Concurso 1997 de Becas y Subsidios para las Artes; 1er. Premio Est\u00edmulo a la Creaci\u00f3n, A\u00f1o 2000, Secretar\u00eda de Cultura de la Naci\u00f3n; Finalista del Premio Internacional de Poes\u00eda \u201cPilar Fern\u00e1ndez Labrador\u201d 2017, en Salamanca, etc. Ha obtenido la Beca de Residencia Shanghai Writing Program 2014, otorgada por el Gobierno de China a trav\u00e9s de Shanghai Writing Association. Su obra forma de parte de antolog\u00edas nacionales e internacionales, siendo traducido al ingl\u00e9s, al chino, al italiano, al franc\u00e9s, al griego, al rumano, al portugu\u00e9s y al talimi.<\/em><\/p>\n","protected":false},"excerpt":{"rendered":"<p>Tiber\u00edades agradece al poeta argentino Enrique Solinas, por permitirnos difundir una muestra de sus poemas publicados en el libro &#8216;El pozo y la cima&#8217; (Pre-Textos, Espa\u00f1a, 2022). Serie Libros enviados y\/o dedicados a Alfredo P\u00e9rez Alencart El adi\u00f3s \u201cPueden pasar a despedirse\u201d, dijo, y las palabras que proven\u00edan del t\u00fanel de la esperanza, se conectaban con su boca abierta la [&hellip;]<\/p>\n","protected":false},"author":2,"featured_media":7829,"comment_status":"open","ping_status":"closed","sticky":false,"template":"","format":"standard","meta":{"footnotes":""},"categories":[19],"tags":[710],"class_list":["post-7831","post","type-post","status-publish","format-standard","has-post-thumbnail","hentry","category-poemas-de","tag-enrique-solinas"],"_links":{"self":[{"href":"https:\/\/tiberiades.org\/index.php?rest_route=\/wp\/v2\/posts\/7831","targetHints":{"allow":["GET"]}}],"collection":[{"href":"https:\/\/tiberiades.org\/index.php?rest_route=\/wp\/v2\/posts"}],"about":[{"href":"https:\/\/tiberiades.org\/index.php?rest_route=\/wp\/v2\/types\/post"}],"author":[{"embeddable":true,"href":"https:\/\/tiberiades.org\/index.php?rest_route=\/wp\/v2\/users\/2"}],"replies":[{"embeddable":true,"href":"https:\/\/tiberiades.org\/index.php?rest_route=%2Fwp%2Fv2%2Fcomments&post=7831"}],"version-history":[{"count":2,"href":"https:\/\/tiberiades.org\/index.php?rest_route=\/wp\/v2\/posts\/7831\/revisions"}],"predecessor-version":[{"id":7833,"href":"https:\/\/tiberiades.org\/index.php?rest_route=\/wp\/v2\/posts\/7831\/revisions\/7833"}],"wp:featuredmedia":[{"embeddable":true,"href":"https:\/\/tiberiades.org\/index.php?rest_route=\/wp\/v2\/media\/7829"}],"wp:attachment":[{"href":"https:\/\/tiberiades.org\/index.php?rest_route=%2Fwp%2Fv2%2Fmedia&parent=7831"}],"wp:term":[{"taxonomy":"category","embeddable":true,"href":"https:\/\/tiberiades.org\/index.php?rest_route=%2Fwp%2Fv2%2Fcategories&post=7831"},{"taxonomy":"post_tag","embeddable":true,"href":"https:\/\/tiberiades.org\/index.php?rest_route=%2Fwp%2Fv2%2Ftags&post=7831"}],"curies":[{"name":"wp","href":"https:\/\/api.w.org\/{rel}","templated":true}]}}