{"id":7837,"date":"2023-04-15T09:22:00","date_gmt":"2023-04-15T08:22:00","guid":{"rendered":"https:\/\/tiberiades.org\/?p=7837"},"modified":"2023-04-15T09:22:29","modified_gmt":"2023-04-15T08:22:29","slug":"mariana-bernardez-me-levanto-al-rezo-del-alba-y-otros-poemas-i-encuentro-de-poetas-iberoamericanos-sede-mexico","status":"publish","type":"post","link":"https:\/\/tiberiades.org\/?p=7837","title":{"rendered":"Mariana Bern\u00e1rdez: \u201cMe levanto al rezo del alba\u201d y otros poemas. I Encuentro de Poetas Iberoamericanos (Sede M\u00e9xico)"},"content":{"rendered":"<p><em>Tiber\u00edades tiene la satisfacci\u00f3n de difundir tres poemas de la destacada poeta mexicana Mariana Bern\u00e1rdez, invitada al I Encuentro de Poetas Iberoamericanos que dirige la poeta hispano-mexicana Carmen Nozal, el cual se celebrar\u00e1 en la ciudad de M\u00e9xico. Los mismos forman parte<\/em><em> d<\/em><em>e<\/em><em> \u201cBlanco y Negro\u201d, <\/em><em>incluidos <\/em><em>en Escr\u00edbeme en los ojos<strong>.<\/strong> M\u00e9xico: Ed. Del Lirio, 2013.<\/em><em> Los mismos se publicar\u00e1n en la antolog\u00eda de dicho Encuentro, patrocinado por la empresa Konesh y cuya matriz est\u00e1 en los Encuentros de Poetas Iberoamericanos de Salamanca.<\/em><\/p>\n<p style=\"padding-left: 40px;\"><span style=\"color: #800000;\"><strong>Me levanto al rezo del alba<\/strong><\/span><br \/>\nel vaho de la bruma roza el ventanal<br \/>\nNo hay luz ni sombra<br \/>\nson los minutos preciados de la quietud<br \/>\ndonde la conciencia a\u00fan adormilada<br \/>\nno ense\u00f1orea el sigilo de su dominio<br \/>\ntu pierna en remolino sobre mi espalda<br \/>\ny el padecer que recorre el tr\u00e1nsito<br \/>\nson c\u00edrculo y cerco que ceden su l\u00edmite<br \/>\ncuando la cifra del latido<br \/>\nes un r\u00edo que quema con sus aguas<br \/>\nla duda que derruye el consuelo<br \/>\nM\u00e1s all\u00e1 de ti y de m\u00ed<br \/>\nel silbo insondable revela el contorno<br \/>\nde nuestra figura.<\/p>\n<p style=\"padding-left: 40px;\"><strong><span style=\"color: #800000;\">Con la diestra<\/span><br \/>\n<\/strong>sostengo la imagen<br \/>\nen blanco y negro<br \/>\nAl fondo hay una rueca en espiral luminosa<br \/>\nque franquea una ventana apenas adivinada<br \/>\na lo lejos lo remoto es un acertijo<br \/>\nque no habr\u00e1 de ser acertado<br \/>\nes pleno verano y el calor confunde los sentidos<br \/>\nCon la zurda<br \/>\nsopeso las dos chinillas recogidas<br \/>\nentre los riscos que acogen el mar<br \/>\ny son avistados desde el monte<br \/>\nde Santa Luc\u00eda en Viana<br \/>\nBien-digo el d\u00eda<br \/>\nque desanuda el estero de luz<br \/>\ncuando recuerdas el camino<br \/>\nque seduce la palabra en r\u00e1faga de rel\u00e1mpago<br \/>\n<em>cuerpo luminoso<\/em> en caudal del roce<br \/>\nHerirnos<br \/>\ndecirse no decirse<br \/>\nescuchar tu voz<br \/>\nen el claro que perfila<br \/>\nel lienzo naciente del t\u00e1lamo<br \/>\ndesde siempre<br \/>\nla s\u00e1bana blanqu\u00edsima<br \/>\nblanco<br \/>\n\u00bfd\u00f3nde?<br \/>\ndon de blanco<br \/>\nEl caos se form\u00f3 en el am\u00e1ndose de los cuerpos.<\/p>\n<p style=\"padding-left: 40px;\"><span style=\"color: #800000;\"><strong>Zozobra el eco<\/strong><\/span><br \/>\ncuando el fr\u00edo se adentra<br \/>\nen polvo del desierto<br \/>\nMovimiento primario<br \/>\nde quien extrema el p\u00e1lpito<br \/>\nen la ventura inicial del temblor<br \/>\nAnudarse es un ritual que corona<br \/>\nen<em> Ciervo vulnerado<\/em><\/p>\n<p style=\"padding-left: 40px;\">\u2014una flor al margen del vac\u00edo<br \/>\ncuya finura retiene lo ef\u00edmero<br \/>\ncomo el levante de tu boca al pronunciarme<br \/>\ndonde Dios escribe el infinito de su Nombre<\/p>\n<p style=\"padding-left: 40px;\"><em>el amor comienza en el cuerpo<a href=\"#_ftn1\" name=\"_ftnref1\"><strong>[1]<\/strong><\/a><\/em><\/p>\n<p style=\"padding-left: 40px;\">Ha cesado la lluvia<br \/>\npresiento la orilla del viento<br \/>\nque trae consigo el olor de \u00c1frica<br \/>\ny un mar que s\u00f3lo existe en tu latido<br \/>\ncuando tus labios vencen el tiempo<br \/>\ny el olvido desgrana su equ\u00edvoco<br \/>\ny de mi vientre<br \/>\nse desatan los d\u00edas sin nombre.<\/p>\n<p><img loading=\"lazy\" decoding=\"async\" class=\"aligncenter size-full wp-image-7836\" src=\"https:\/\/tiberiades.org\/wp-content\/uploads\/2023\/04\/2-Mariana-Bernardez-por-Gabriela-Bautista-scaled.jpg\" alt=\"\" width=\"2560\" height=\"1707\" srcset=\"https:\/\/tiberiades.org\/wp-content\/uploads\/2023\/04\/2-Mariana-Bernardez-por-Gabriela-Bautista-scaled.jpg 2560w, https:\/\/tiberiades.org\/wp-content\/uploads\/2023\/04\/2-Mariana-Bernardez-por-Gabriela-Bautista-300x200.jpg 300w, https:\/\/tiberiades.org\/wp-content\/uploads\/2023\/04\/2-Mariana-Bernardez-por-Gabriela-Bautista-1024x683.jpg 1024w, https:\/\/tiberiades.org\/wp-content\/uploads\/2023\/04\/2-Mariana-Bernardez-por-Gabriela-Bautista-768x512.jpg 768w, https:\/\/tiberiades.org\/wp-content\/uploads\/2023\/04\/2-Mariana-Bernardez-por-Gabriela-Bautista-1536x1024.jpg 1536w, https:\/\/tiberiades.org\/wp-content\/uploads\/2023\/04\/2-Mariana-Bernardez-por-Gabriela-Bautista-2048x1366.jpg 2048w, https:\/\/tiberiades.org\/wp-content\/uploads\/2023\/04\/2-Mariana-Bernardez-por-Gabriela-Bautista-272x182.jpg 272w\" sizes=\"auto, (max-width: 2560px) 100vw, 2560px\" \/><\/p>\n<p><em>Mariana Bern\u00e1rdez, (ciudad de M\u00e9xico) poeta y ensayista, tiene el grado de maestr\u00eda y doctorado en Letras Modernas y de maestr\u00eda en Filosof\u00eda. Sus diferentes oficios le han acercado a autores definitivos en la literatura mexicana como Dolores Castro, Ram\u00f3n Xirau, Ra\u00fal Ren\u00e1n, Angelina Mu\u00f1iz Huberman, entre otros. Su trayectoria enlaza la creaci\u00f3n po\u00e9tica con el \u00e1mbito acad\u00e9mico y el editorial. Imparte seminarios y talleres en diversas instituciones sobre el tema de \u201cpoes\u00eda y conocimiento\u201d.\u00a0 Ha sido traducida al ingl\u00e9s, italiano, portugu\u00e9s, catal\u00e1n, franc\u00e9s, rumano y griego; cuenta con m\u00e1s de\u00a0una treintena de libros publicados entre poes\u00eda y ensayo. Sus libros m\u00e1s recientes son Angostura: en defensa del leer, 2021; Memorial del fulgor, 2022; y Ram\u00f3n Xirau: a la orilla de sus palabras, 2022.<\/em><\/p>\n<p><a href=\"#_ftnref1\" name=\"_ftn1\">[1]<\/a> Octavio Paz \u201cCantata\u201d, en <em>Carta de creencia<\/em>, publicado por Papeles Privados, 1987.<\/p>\n","protected":false},"excerpt":{"rendered":"<p>Tiber\u00edades tiene la satisfacci\u00f3n de difundir tres poemas de la destacada poeta mexicana Mariana Bern\u00e1rdez, invitada al I Encuentro de Poetas Iberoamericanos que dirige la poeta hispano-mexicana Carmen Nozal, el cual se celebrar\u00e1 en la ciudad de M\u00e9xico. Los mismos forman parte de \u201cBlanco y Negro\u201d, incluidos en Escr\u00edbeme en los ojos. M\u00e9xico: Ed. Del Lirio, 2013. Los mismos se [&hellip;]<\/p>\n","protected":false},"author":2,"featured_media":7838,"comment_status":"open","ping_status":"closed","sticky":false,"template":"","format":"standard","meta":{"footnotes":""},"categories":[19],"tags":[712,711],"class_list":["post-7837","post","type-post","status-publish","format-standard","has-post-thumbnail","hentry","category-poemas-de","tag-encuentros-de-poetas-iberoamericanos-de-salamanca","tag-mariana-bernardez"],"_links":{"self":[{"href":"https:\/\/tiberiades.org\/index.php?rest_route=\/wp\/v2\/posts\/7837","targetHints":{"allow":["GET"]}}],"collection":[{"href":"https:\/\/tiberiades.org\/index.php?rest_route=\/wp\/v2\/posts"}],"about":[{"href":"https:\/\/tiberiades.org\/index.php?rest_route=\/wp\/v2\/types\/post"}],"author":[{"embeddable":true,"href":"https:\/\/tiberiades.org\/index.php?rest_route=\/wp\/v2\/users\/2"}],"replies":[{"embeddable":true,"href":"https:\/\/tiberiades.org\/index.php?rest_route=%2Fwp%2Fv2%2Fcomments&post=7837"}],"version-history":[{"count":2,"href":"https:\/\/tiberiades.org\/index.php?rest_route=\/wp\/v2\/posts\/7837\/revisions"}],"predecessor-version":[{"id":7840,"href":"https:\/\/tiberiades.org\/index.php?rest_route=\/wp\/v2\/posts\/7837\/revisions\/7840"}],"wp:featuredmedia":[{"embeddable":true,"href":"https:\/\/tiberiades.org\/index.php?rest_route=\/wp\/v2\/media\/7838"}],"wp:attachment":[{"href":"https:\/\/tiberiades.org\/index.php?rest_route=%2Fwp%2Fv2%2Fmedia&parent=7837"}],"wp:term":[{"taxonomy":"category","embeddable":true,"href":"https:\/\/tiberiades.org\/index.php?rest_route=%2Fwp%2Fv2%2Fcategories&post=7837"},{"taxonomy":"post_tag","embeddable":true,"href":"https:\/\/tiberiades.org\/index.php?rest_route=%2Fwp%2Fv2%2Ftags&post=7837"}],"curies":[{"name":"wp","href":"https:\/\/api.w.org\/{rel}","templated":true}]}}