{"id":7853,"date":"2023-04-17T10:36:56","date_gmt":"2023-04-17T09:36:56","guid":{"rendered":"https:\/\/tiberiades.org\/?p=7853"},"modified":"2023-04-17T10:44:41","modified_gmt":"2023-04-17T09:44:41","slug":"dos-poemas-de-jorge-palma-invitado-al-i-encuentro-de-poetas-iberoamericanos-sede-mexico","status":"publish","type":"post","link":"https:\/\/tiberiades.org\/?p=7853","title":{"rendered":"Dos poemas de Jorge Palma, invitado al I Encuentro de Poetas Iberoamericanos (sede M\u00e9xico)"},"content":{"rendered":"<p><em>Tiber\u00edades tiene el privilegio de difundir dos poemas del uruguayo Jorge Palma, los cuales saldr\u00e1n publicados en la antolog\u00eda de dicho Encuentro, que se celebrar\u00e1 en Ciudad de M\u00e9xico, del 25 al 29 de septiembre pr\u00f3ximo.<\/em><\/p>\n<h4 style=\"padding-left: 40px;\">HAS UNA CASA DEL TAMA\u00d1O DE LA TIERRA<\/h4>\n<p style=\"padding-left: 40px;\">Cuando ya se hab\u00edan detenido<br \/>\ntodos los relojes de la casa<br \/>\ny el silencio anunciaba el fin<br \/>\nde todas las preguntas de la tierra,<br \/>\npregunt\u00e9 al cielo, y el cielo respondi\u00f3:<\/p>\n<p style=\"padding-left: 40px;\">Has una casa del tama\u00f1o de la tierra.<br \/>\nUna casa tan grande, que no la puedas<br \/>\nrecorrer en un solo d\u00eda, y ll\u00e9nala de cuartos,<br \/>\nuno por cada uno de los hombres de este mundo.<\/p>\n<p style=\"padding-left: 40px;\">Y que siempre est\u00e9 abierta, incluso<br \/>\npor las noches, para que se guarezcan<br \/>\nlos que caminan descalzos, mientras los dem\u00e1s duermen.<\/p>\n<p style=\"padding-left: 40px;\">Has una casa del tama\u00f1o de la tierra<br \/>\ny que siempre est\u00e9 abierta, incluso de noche.<br \/>\nUna casa tan grande que no la puedas recorrer<br \/>\nde una sola vez, y tengas que detenerte en cada cuarto,<br \/>\ny preguntar por cada uno de los hombres de este mundo.<\/p>\n<p style=\"padding-left: 40px;\">Has una casa que siempre tenga las puertas abiertas,<br \/>\nIncluso de noche,<br \/>\nY que no sea se nadie<br \/>\nY que no ocupe ning\u00fan sitio<br \/>\nY que no est\u00e9 en ninguna ciudad<br \/>\nY que no figure en ning\u00fan cruce de caminos<br \/>\nY que no pague tributos<br \/>\nen el nomencl\u00e1tor,<br \/>\nni califique en las gu\u00edas de turismo mundial.<\/p>\n<p style=\"padding-left: 40px;\">Has una casa del tama\u00f1o de la tierra,<br \/>\nuna casa que no la puedas recorrer en un s\u00f3lo<br \/>\nd\u00eda,<br \/>\ny que siempre est\u00e9 abierta, incluso por las noches,<br \/>\npara que se guarezcan los m\u00e1s solos del mundo,<br \/>\nmientras todos los dem\u00e1s duermen.<\/p>\n<h4 style=\"padding-left: 40px;\">LAS CAMBIADAS ESTACIONES<\/h4>\n<p style=\"padding-left: 40px;\">El pan fresco dura media d\u00eda<br \/>\nY se vuelve piedra.<br \/>\nSe vuelve \u00e1spero o mohoso<br \/>\no se desintegra toscamente,<br \/>\nin\u00fatil,<br \/>\nsin funci\u00f3n ya para la masa<br \/>\npara lo que fue parido<br \/>\nen nombre del amor m\u00e1s alto.<br \/>\nEl pan, entonces, se vuelve<br \/>\ncontra su creador,<br \/>\nse vuelve lastre, esc\u00e1ndalo,<br \/>\navecilla muerta.<br \/>\nY tanto da lo que d\u00e9 ahora<br \/>\nPorque puede ser un pan<br \/>\no un zueco de madera<br \/>\no una piedra colmada de az\u00facar<br \/>\no ba\u00f1ada en licor<br \/>\nde otras regiones del cielo.<\/p>\n<p style=\"padding-left: 40px;\">El pan, entonces, no tiene casa.<br \/>\nQueda desclasado<br \/>\ndesacreditado<br \/>\nqueda manchado<br \/>\nya no tiene moral,<br \/>\ny no por \u00e9l, el pan,<br \/>\ny eso, acaso, sea lo peor,<br \/>\nporque no puede volverse gota de roc\u00edo,<br \/>\ntallo, espora,<br \/>\ntemblor y surco.<br \/>\nYa no.<\/p>\n<p style=\"padding-left: 40px;\">Es el esc\u00e1ndalo m\u00e1s absoluto<br \/>\nel pan duro<br \/>\nla piedra ahora<br \/>\nel bloque tirado<br \/>\nen plena calle,<br \/>\nque nadie sabe bien<br \/>\nqu\u00e9 hacer con \u00e9l.<\/p>\n<p><img loading=\"lazy\" decoding=\"async\" class=\"aligncenter  wp-image-7852\" src=\"https:\/\/tiberiades.org\/wp-content\/uploads\/2023\/04\/2-1.jpg\" alt=\"\" width=\"538\" height=\"358\" srcset=\"https:\/\/tiberiades.org\/wp-content\/uploads\/2023\/04\/2-1.jpg 752w, https:\/\/tiberiades.org\/wp-content\/uploads\/2023\/04\/2-1-300x199.jpg 300w, https:\/\/tiberiades.org\/wp-content\/uploads\/2023\/04\/2-1-272x182.jpg 272w\" sizes=\"auto, (max-width: 538px) 100vw, 538px\" \/><\/p>\n<p><em>Jorge Palma (Montevideo. Uruguay, 1961). Poeta, narrador, periodista y divulgador. Ha publicado seis libros de poes\u00eda. Entre el viento y la sombra, 1989. El Olvido, 1990. La V\u00eda l\u00e1ctea, 2006. Diarios del cielo, 2006. Lugar de las utop\u00edas, 2007. La voz de tus ojos es m\u00e1s profunda que todas las rosas, 2018. Narrativa: Para\u00edsos artificiales, 1990 (cuentos). Su poes\u00eda ha sido publicada en varias revistas latinoamericanas y de otros pa\u00edses del mundo. Letralia (Venezuela). UNAM (M\u00e9xico). Akzente (Alemania). Wasafiri (Inglaterra). Actualmente es coordinador para Uruguay de la revista Caravansary (Colombia). Su poes\u00eda est\u00e1 traducida al ingl\u00e9s, franc\u00e9s, italiano, \u00e1rabe, rumano, macedonio, h\u00fangaro, griego y alem\u00e1n. Ha participado en diversos festivales internacionales de poes\u00eda como los de La Habana (Cuba). Struga Poetry Evenings (Macedonia). Granada (Nicaragua). Africa Poetry (Durban\/Sud\u00e1frica). Trois-Rivieres (Canada) y Ciudad de los anillos (Santa Cruz de la Sierra\/Bolivia)<\/em><\/p>\n","protected":false},"excerpt":{"rendered":"<p>Tiber\u00edades tiene el privilegio de difundir dos poemas del uruguayo Jorge Palma, los cuales saldr\u00e1n publicados en la antolog\u00eda de dicho Encuentro, que se celebrar\u00e1 en Ciudad de M\u00e9xico, del 25 al 29 de septiembre pr\u00f3ximo. HAS UNA CASA DEL TAMA\u00d1O DE LA TIERRA Cuando ya se hab\u00edan detenido todos los relojes de la casa y el silencio anunciaba el [&hellip;]<\/p>\n","protected":false},"author":2,"featured_media":7854,"comment_status":"open","ping_status":"closed","sticky":false,"template":"","format":"standard","meta":{"footnotes":""},"categories":[72,19],"tags":[713,587],"class_list":["post-7853","post","type-post","status-publish","format-standard","has-post-thumbnail","hentry","category-jorge-palma","category-poemas-de","tag-i-encuentro-de-poetas-iberoamericanos-sede-mexico","tag-jorge-palma"],"_links":{"self":[{"href":"https:\/\/tiberiades.org\/index.php?rest_route=\/wp\/v2\/posts\/7853","targetHints":{"allow":["GET"]}}],"collection":[{"href":"https:\/\/tiberiades.org\/index.php?rest_route=\/wp\/v2\/posts"}],"about":[{"href":"https:\/\/tiberiades.org\/index.php?rest_route=\/wp\/v2\/types\/post"}],"author":[{"embeddable":true,"href":"https:\/\/tiberiades.org\/index.php?rest_route=\/wp\/v2\/users\/2"}],"replies":[{"embeddable":true,"href":"https:\/\/tiberiades.org\/index.php?rest_route=%2Fwp%2Fv2%2Fcomments&post=7853"}],"version-history":[{"count":2,"href":"https:\/\/tiberiades.org\/index.php?rest_route=\/wp\/v2\/posts\/7853\/revisions"}],"predecessor-version":[{"id":7856,"href":"https:\/\/tiberiades.org\/index.php?rest_route=\/wp\/v2\/posts\/7853\/revisions\/7856"}],"wp:featuredmedia":[{"embeddable":true,"href":"https:\/\/tiberiades.org\/index.php?rest_route=\/wp\/v2\/media\/7854"}],"wp:attachment":[{"href":"https:\/\/tiberiades.org\/index.php?rest_route=%2Fwp%2Fv2%2Fmedia&parent=7853"}],"wp:term":[{"taxonomy":"category","embeddable":true,"href":"https:\/\/tiberiades.org\/index.php?rest_route=%2Fwp%2Fv2%2Fcategories&post=7853"},{"taxonomy":"post_tag","embeddable":true,"href":"https:\/\/tiberiades.org\/index.php?rest_route=%2Fwp%2Fv2%2Ftags&post=7853"}],"curies":[{"name":"wp","href":"https:\/\/api.w.org\/{rel}","templated":true}]}}