{"id":7874,"date":"2023-04-20T09:23:55","date_gmt":"2023-04-20T08:23:55","guid":{"rendered":"https:\/\/tiberiades.org\/?p=7874"},"modified":"2023-04-20T09:23:55","modified_gmt":"2023-04-20T08:23:55","slug":"jose-angel-leyva-la-poesia-y-otros-poemas-i-encuentro-de-poetas-iberoamericanos-sede-mexico","status":"publish","type":"post","link":"https:\/\/tiberiades.org\/?p=7874","title":{"rendered":"Jos\u00e9 \u00c1ngel Leyva: \u2018La poes\u00eda\u2019 y otros poemas. I Encuentro de Poetas Iberoamericanos (Sede M\u00e9xico)"},"content":{"rendered":"<p>&nbsp;<\/p>\n<h4 style=\"padding-left: 40px;\">LA POES\u00cdA<\/h4>\n<p style=\"padding-left: 40px;\">Pasaban los \u00e1rboles veloces de mi infancia<br \/>\nEl autob\u00fas me arrancaba de los ojos<br \/>\nuno a uno los pinos y las nubes<br \/>\nDevoraba el asfalto tembloroso de la sierra<br \/>\nYo dije la palabra in\u00fatil<br \/>\ny vi la mirada de la muerte<br \/>\nSu tieso semblante y la rigidez<br \/>\ndel aire que no pesa y no camina<br \/>\n\u00bfDe qu\u00e9 est\u00e1n sembrados los sepulcros<br \/>\nque no echan hacia fuera gusanos sino flores?<br \/>\nToc toc toc<br \/>\ntoc toc toc<br \/>\nSon\u00f3 mi cr\u00e1neo o calavera hueca<br \/>\nAlguien llamaba desde el bosque<br \/>\nPasaban las sombras de los \u00e1rboles<br \/>\ny repet\u00ed con balbuceos la palabra aliento<br \/>\nUn velo en el cristal de la ventana<br \/>\nla coloc\u00f3 al rev\u00e9s y en forma de conjuro<br \/>\nEntonces las fosas de la tierra<br \/>\ndieron a luz mi propia lengua<\/p>\n<p style=\"padding-left: 40px;\">\n<h4 style=\"padding-left: 40px;\">SU NOMBRE ES BAGDAD<\/h4>\n<p style=\"padding-left: 40px;\">Atado a la mano de sus seis noviembres<br \/>\ncamino por abril sobre preguntas lilas<br \/>\nFr\u00e1giles revientan debajo de la suela del zapato<br \/>\nSu aroma luminoso asciende a la nariz<br \/>\nEstalla la ciudad poblada de presagios<\/p>\n<p style=\"padding-left: 40px;\">\u2014\u00bfLas bombas apagan el color del sol<br \/>\no le quitan la sombra a las personas?\u2014<br \/>\nMe pregunta el ni\u00f1o con su voz de sabio<\/p>\n<p style=\"padding-left: 40px;\">\u2014\u00bfLa guerra despinta el coraz\u00f3n<br \/>\no solo seca la sangre de la gente?<br \/>\n\u00bfPap\u00e1, c\u00f3mo se matan las sonrisas?\u2014<br \/>\nLas jacarandas son l\u00e1grimas a\u00e9reas<br \/>\nen la ciudad m\u00e1s grande del planeta<br \/>\ndonde el olvido desec\u00f3 sus lagos<br \/>\ny convirti\u00f3 en escombros a los dioses<br \/>\nde la lluvia del ma\u00edz de la creaci\u00f3n humana<\/p>\n<p style=\"padding-left: 40px;\">\u2014Pap\u00e1, \u00bfc\u00f3mo se llaman las voces que ordenan<br \/>\ndesde lejos la explosi\u00f3n del mundo?\u2014<br \/>\nEn esta primavera me quedo sin palabras<\/p>\n<p style=\"padding-left: 40px;\">\n<h4 style=\"padding-left: 40px;\"><strong>GUERRA FLORIDA<\/strong><\/h4>\n<h5 style=\"padding-left: 40px;\"><strong><em>El mito<\/em><\/strong><\/h5>\n<p style=\"padding-left: 40px;\">En la ventana un colibr\u00ed se enciende<br \/>\nchisporrotea<br \/>\nse apaga para siempre<br \/>\nQueda su aroma horizontal<br \/>\nde fuego nuevo<br \/>\nSe erige en mascar\u00f3n de proa<br \/>\nen rosa n\u00e1utica<br \/>\nen astrolabio y amuleto<br \/>\nEn el vaiv\u00e9n del d\u00eda<br \/>\ntitila el p\u00e1jaro de asombro<br \/>\nEspina en la palma del silencio<br \/>\nSe deshace en la boca la figura<br \/>\nantes de ser nombre<br \/>\nde tomar la forma del conjuro<br \/>\nEl colibr\u00ed no existe<br \/>\nes un presentimiento<br \/>\nsordo aleteo<br \/>\ndonde nadie es ma\u00f1ana<br \/>\ndonde otra vez se nace<\/p>\n<h5 style=\"padding-left: 40px;\"><strong><em>El canto<\/em><\/strong><\/h5>\n<p style=\"padding-left: 40px;\">A recoger flores violentas salgo en paz<br \/>\nDejo semillas en la hendidura del placer<br \/>\nindicios para el fuego<br \/>\nrastros de alg\u00fan abecedario<br \/>\npara nombrar la novedad<br \/>\nQui\u00e9n puede reconocerse en lo perdido<br \/>\nabrir las cajas negras<br \/>\ny mostrarse en el horror del triunfo<br \/>\nsoltar el nudo ciego<br \/>\ny mirar<br \/>\nmirar a fondo<br \/>\nNo hay nada debajo de nosotros<br \/>\nLa soledad es otro enga\u00f1o<br \/>\nNo hay nadie distinto en el olvido<br \/>\nDejo las huellas del deseo<br \/>\nun simple impulso de estar<br \/>\nsin renunciar a ser<br \/>\nen la otra parte<\/p>\n<h5 style=\"padding-left: 40px;\"><strong><em><br \/>\nLa flor<\/em><\/strong><\/h5>\n<p style=\"padding-left: 40px;\">\u00bfSer\u00e1 la vanidad el fruto<br \/>\nque muerda la inocencia?<br \/>\n\u00bfo un rumor de piedras levantar\u00e1<br \/>\nlos templos a la imagen<br \/>\nde un dios a semejanza nuestra?<br \/>\nEl miedo nos hace penitentes<br \/>\ncobra v\u00edctimas<br \/>\nCon dolor pagar\u00e1n el sufrimiento<br \/>\nToda ofrenda es un punto en la oscuridad<br \/>\ncon el que voy llenando la noche<br \/>\nNada nos salva del abismo<br \/>\nEn la ca\u00edda pongo adornos<br \/>\na la brevedad del aire<br \/>\nSon formas inasibles<br \/>\ncapaces de labrar la llama<br \/>\nde encender el agua<br \/>\nde tocar la carne<br \/>\ndando saltos y tumbos<br \/>\ngiros y empellones<br \/>\nFormas de qu\u00e9<br \/>\nsomos los frutos que comemos<br \/>\nlos gusanos del fruto<br \/>\nla semilla del gusano<br \/>\nfrutos del vientre<br \/>\ngravedad y sonido<br \/>\nagudo mineral<br \/>\nameba el\u00e1stica<br \/>\nS\u00f3lo formas inconformes<br \/>\nbuscando alg\u00fan destino<br \/>\nV\u00edctimas donde se purifica la hoja<br \/>\nque corta los suspiros<br \/>\nCuencos de asombro<br \/>\ny la noci\u00f3n de la nada<br \/>\n\u00bfSer\u00e1 la vanidad un golpe de tierra<br \/>\nun\u00a0 grito de batalla<br \/>\no la virtud sangrienta<br \/>\nde im\u00e1genes metidas en los huesos?<br \/>\nSer\u00e1 la vanidad la flor<br \/>\nser\u00e1 el espejo<br \/>\ndonde la muerte muere<\/p>\n<p><strong><em><br \/>\n<img loading=\"lazy\" decoding=\"async\" class=\"aligncenter size-full wp-image-7873\" src=\"https:\/\/tiberiades.org\/wp-content\/uploads\/2023\/04\/2-3-scaled.jpg\" alt=\"\" width=\"2560\" height=\"1552\" srcset=\"https:\/\/tiberiades.org\/wp-content\/uploads\/2023\/04\/2-3-scaled.jpg 2560w, https:\/\/tiberiades.org\/wp-content\/uploads\/2023\/04\/2-3-300x182.jpg 300w, https:\/\/tiberiades.org\/wp-content\/uploads\/2023\/04\/2-3-1024x621.jpg 1024w, https:\/\/tiberiades.org\/wp-content\/uploads\/2023\/04\/2-3-768x466.jpg 768w, https:\/\/tiberiades.org\/wp-content\/uploads\/2023\/04\/2-3-1536x931.jpg 1536w, https:\/\/tiberiades.org\/wp-content\/uploads\/2023\/04\/2-3-2048x1242.jpg 2048w\" sizes=\"auto, (max-width: 2560px) 100vw, 2560px\" \/><br \/>\n<\/em><\/strong><\/p>\n<p><strong><em>Jos\u00e9 \u00c1ngel Leyva<\/em><\/strong><em>, Durango, M\u00e9xico. Poeta, narrador, periodista, editor y promotor cultural. Dirige la editorial y la revista literaria La Otra y es colaborador habitual del suplemento cultural del diario La jornada. Ha publicado m\u00e1s de 25 libros de poes\u00eda, narrativa, divulgaci\u00f3n de la ciencia, periodismo y ensayo. Entre los que destacan: Libros de poes\u00eda: Catulo en el Destierro (M\u00e9xico 1993 y 2006; Francia, 2007; Colombia 2012);\u00a0 Entresue\u00f1os (1996); El Espinazo del Diablo (1998); Durangura\u00f1os (2007); Aguja (Espa\u00f1a, 2009; Italia, 2010; M\u00e9xico-Quebec,2011); Habitantos, Colombia 2010; Cristales S\u00f3lidos, Colombia, 2010; Carne de imagen (antolog\u00eda, en Monte \u00c1vila, Venezuela, 2011); Tres cuartas partes, Mantis, M\u00e9xico, 2012, Serbia, 2012, La Gar\u00faa, Barcelona 2020; Destiempo (antolog\u00eda personal, Col. Poemas y Ensayos de la UNAM), 2012; En el doblez del verbo, Caza de libro, Colombia, 2013; Luz y Cenizas, M\u00e9xico, 2019;\u00a0 Exorbitant, L\u2019Harmattan, Francia, 2020.\u00a0 Otros: Enrique Arturo Diemecke. Biograf\u00eda con m\u00fasica de Mahler, Siglo XXI editores, 2019; Anacr\u00f3nicas, Fondo de Cultura Econ\u00f3mica, 2021.<\/em> <em>Libros suyos han sido traducidos \u00edntegros <\/em><em>al franc\u00e9s, italiano, serbio, polaco y parcialmente al ingl\u00e9s, sueco, portugu\u00e9s, rumano, \u00e1rabe y turco.<\/em><\/p>\n<p>&nbsp;<\/p>\n<p>&nbsp;<\/p>\n<p>&nbsp;<\/p>\n<p>&nbsp;<\/p>\n","protected":false},"excerpt":{"rendered":"<p>&nbsp; LA POES\u00cdA Pasaban los \u00e1rboles veloces de mi infancia El autob\u00fas me arrancaba de los ojos uno a uno los pinos y las nubes Devoraba el asfalto tembloroso de la sierra Yo dije la palabra in\u00fatil y vi la mirada de la muerte Su tieso semblante y la rigidez del aire que no pesa y no camina \u00bfDe qu\u00e9 [&hellip;]<\/p>\n","protected":false},"author":2,"featured_media":7872,"comment_status":"open","ping_status":"closed","sticky":false,"template":"","format":"standard","meta":{"footnotes":""},"categories":[19],"tags":[713,718],"class_list":["post-7874","post","type-post","status-publish","format-standard","has-post-thumbnail","hentry","category-poemas-de","tag-i-encuentro-de-poetas-iberoamericanos-sede-mexico","tag-jose-angel-leyva"],"_links":{"self":[{"href":"https:\/\/tiberiades.org\/index.php?rest_route=\/wp\/v2\/posts\/7874","targetHints":{"allow":["GET"]}}],"collection":[{"href":"https:\/\/tiberiades.org\/index.php?rest_route=\/wp\/v2\/posts"}],"about":[{"href":"https:\/\/tiberiades.org\/index.php?rest_route=\/wp\/v2\/types\/post"}],"author":[{"embeddable":true,"href":"https:\/\/tiberiades.org\/index.php?rest_route=\/wp\/v2\/users\/2"}],"replies":[{"embeddable":true,"href":"https:\/\/tiberiades.org\/index.php?rest_route=%2Fwp%2Fv2%2Fcomments&post=7874"}],"version-history":[{"count":1,"href":"https:\/\/tiberiades.org\/index.php?rest_route=\/wp\/v2\/posts\/7874\/revisions"}],"predecessor-version":[{"id":7875,"href":"https:\/\/tiberiades.org\/index.php?rest_route=\/wp\/v2\/posts\/7874\/revisions\/7875"}],"wp:featuredmedia":[{"embeddable":true,"href":"https:\/\/tiberiades.org\/index.php?rest_route=\/wp\/v2\/media\/7872"}],"wp:attachment":[{"href":"https:\/\/tiberiades.org\/index.php?rest_route=%2Fwp%2Fv2%2Fmedia&parent=7874"}],"wp:term":[{"taxonomy":"category","embeddable":true,"href":"https:\/\/tiberiades.org\/index.php?rest_route=%2Fwp%2Fv2%2Fcategories&post=7874"},{"taxonomy":"post_tag","embeddable":true,"href":"https:\/\/tiberiades.org\/index.php?rest_route=%2Fwp%2Fv2%2Ftags&post=7874"}],"curies":[{"name":"wp","href":"https:\/\/api.w.org\/{rel}","templated":true}]}}