{"id":7891,"date":"2023-05-10T19:29:48","date_gmt":"2023-05-10T18:29:48","guid":{"rendered":"https:\/\/tiberiades.org\/?p=7891"},"modified":"2023-05-10T19:29:58","modified_gmt":"2023-05-10T18:29:58","slug":"elisa-diaz-castelo-lazaro-xi-y-otro-poema-i-encuentro-de-poetas-iberoamericanos-sede-mexico","status":"publish","type":"post","link":"https:\/\/tiberiades.org\/?p=7891","title":{"rendered":"Elisa D\u00edaz Castelo: \u2018L\u00e1zaro XI\u2019 y otro poema. I Encuentro de Poetas Iberoamericanos (sede M\u00e9xico)"},"content":{"rendered":"<p>&nbsp;<\/p>\n<h4 style=\"padding-left: 40px;\">L\u00e1zaro XI<\/h4>\n<p style=\"padding-left: 40px; text-align: right;\"><em>&nbsp;Ayer por fin dej\u00e9 de suicidarme.<\/em><br \/>\nHeiner M\u00fcller<\/p>\n<p style=\"padding-left: 40px;\">Quise morir. Es cierto. Estaba exhausta<br \/>\nde tanto&nbsp;despertar a contracuerpo y en mi piel<br \/>\nsiempre la mitad de la noche.<br \/>\nNo hab\u00eda lugar en mi vida<br \/>\npara nada que no fuera la muerte.<br \/>\nTodo era demasiado y me dol\u00eda<br \/>\nel m\u00e1s m\u00ednimo acorde, el color rojo.<br \/>\nQuise morir, aunque mi cuerpo<br \/>\nno quisiera, quise, a pesar de la sangre<br \/>\nque insiste en recorrerme, a pesar<br \/>\ndel crecimiento de mis u\u00f1as<br \/>\ny considerando, incluso, que el cuerpo<br \/>\nrespira por s\u00ed solo cada noche.<\/p>\n<p style=\"padding-left: 40px;\">Mi nombre hac\u00eda agua, sab\u00eda a tierra.<\/p>\n<p style=\"padding-left: 40px;\">Y hay en la vida ese qu\u00e9 ser\u00e1 de mamposter\u00eda<br \/>\ny mamparas, de escenario vac\u00edo<br \/>\nque culmina en su ausencia.<\/p>\n<p style=\"padding-left: 40px;\">Me dol\u00eda la saliva de mis ni\u00f1os,<br \/>\nsus noches de cuatro horas,<br \/>\nsu procenio. Su llanto que rompe anaranjado<br \/>\ncomo soles que sangran y coagulan.<\/p>\n<p style=\"padding-left: 40px;\">Son las veinticuatro horas abiertas,<br \/>\nsus corredores encendidos,<br \/>\nes la moneda inestable del afecto,<br \/>\nel reciclaje de la ternura.<br \/>\nEs saber que estamos regresando<br \/>\nhacia ning\u00fan lugar y no volvemos<br \/>\na encontrarnos con los que ya se han ido.<br \/>\nEs saber que todo el tiempo que me queda<br \/>\nno vale lo que un instante gris en la ventana<br \/>\nturbia de hace a\u00f1os. Es la vigilia descaminada<br \/>\nde los que mueren de sue\u00f1o<br \/>\ny no pueden dormir.<\/p>\n<p style=\"padding-left: 40px;\">Prefer\u00ed la muerte, ese com\u00fan denominador.<br \/>\nQuise esta muerte descastada, esta averiada muerte.<br \/>\nQuise morir. He dicho. Quise.<br \/>\nEso es suficiente a veces: querer algo.<br \/>\nQuise morir y dej\u00e9 el nombre de mis ni\u00f1os<br \/>\nen la sala de estar, camin\u00e9 de espaldas<br \/>\ny cerr\u00e9 la puerta. Quise vaciar mi deuda con la vida,<br \/>\ndesvestirme de la sangre, ese vestido rojo<br \/>\nque me abriga por dentro. Quise romper el l\u00edmite<br \/>\nentre el cuerpo y su sombra.<\/p>\n<p style=\"padding-left: 40px;\">Quise morir. No pude. Qu\u00e9 fracaso.<br \/>\nY me estorba la voz con la que he vuelto.<br \/>\nMi voz, este lugar absuelto.<br \/>\nVoz encanecida con su registro de naves incendiadas,<br \/>\nvoz digital, trasplantada voz de ra\u00edz roja.<br \/>\nMe cansa mi voz<br \/>\nsiniestra de palomas<br \/>\nque aletean su ruido en las iglesias,<br \/>\nvoz que es algo porque no enmarca nada<br \/>\nm\u00e1s que un vac\u00edo de c\u00fapulas y atrios.<br \/>\nA falta de \u00c9l hablo hasta por los codos.<br \/>\nPorque fui al otro lado y Dios estaba muerto.<br \/>\nTodos los dioses: muertos o cansados,<br \/>\ndescalabrados dioses de estatuillas.<br \/>\nS\u00f3lo tengo mi voz que me acompa\u00f1a,<br \/>\nsu ablaci\u00f3n malherida y oraciones<br \/>\ndesprovistas de nadie.<\/p>\n<p style=\"padding-left: 40px; text-align: right;\">(De <em>El reino de lo no lineal<\/em>, FCE 2020)<\/p>\n<h4 style=\"padding-left: 40px;\">\n<strong>Disertaci\u00f3n sobre el origen de la vista<\/strong><\/h4>\n<p style=\"padding-left: 40px;\">La primera vez que me miraste de ese modo,<br \/>\ntratando de descifrar el acertijo de mi cuerpo,<br \/>\nmi sangre se espes\u00f3 de pronto, fui piel<br \/>\nplenamente, a mediod\u00eda. A\u00f1os m\u00e1s tarde<br \/>\nsupe que nuestros ancestros submarinos<br \/>\ndesarrollaron en la piel un par de leves hendiduras<br \/>\nm\u00e1s sensibles. Eran los ojos: dos agujeros negros<br \/>\nen los que ca\u00eda el mundo. Lo que fue temperatura<br \/>\nse hizo luz, por primera vez vista, traducida del tacto.<\/p>\n<p style=\"padding-left: 40px;\">Pero yo ya lo sab\u00eda de alg\u00fan modo.<br \/>\nSin dec\u00edrmelo me mostraste<br \/>\nque mirar es tocar, una variante<br \/>\nque no precisa<br \/>\ncercan\u00eda. Ten\u00edas raz\u00f3n<br \/>\nen mis manos, mis labios,<br \/>\nmis alargadas clav\u00edculas, lo visible<br \/>\ny manso de mi cuerpo. Me conoc\u00edas<br \/>\na flor de vista, a golpe de ojo y sin saberlo,<br \/>\nes cierto, me tocabas. Que eso te consuele.<\/p>\n<p style=\"text-align: right;\">(De <em>Principia<\/em>, Tierra Adentro 2018<br \/>\nElefanta 2022)<\/p>\n<figure id=\"attachment_7887\" aria-describedby=\"caption-attachment-7887\" style=\"width: 1024px\" class=\"wp-caption aligncenter\"><img loading=\"lazy\" decoding=\"async\" class=\"size-full wp-image-7887\" src=\"https:\/\/tiberiades.org\/wp-content\/uploads\/2023\/05\/2-Elisa-Diaz-Castelofotode-Pascual-Borzelli.jpeg\" alt=\"\" width=\"1024\" height=\"870\" srcset=\"https:\/\/tiberiades.org\/wp-content\/uploads\/2023\/05\/2-Elisa-Diaz-Castelofotode-Pascual-Borzelli.jpeg 1024w, https:\/\/tiberiades.org\/wp-content\/uploads\/2023\/05\/2-Elisa-Diaz-Castelofotode-Pascual-Borzelli-300x255.jpeg 300w, https:\/\/tiberiades.org\/wp-content\/uploads\/2023\/05\/2-Elisa-Diaz-Castelofotode-Pascual-Borzelli-768x653.jpeg 768w\" sizes=\"auto, (max-width: 1024px) 100vw, 1024px\" \/><figcaption id=\"caption-attachment-7887\" class=\"wp-caption-text\">Elisa D\u00edaz Castelo(fotode Pascual-Borzelli)<\/figcaption><\/figure>\n<p><strong><em>Elisa D\u00edaz Castelo<\/em><\/strong><em>&nbsp;(Ciudad de M\u00e9xico,&nbsp;1986)<\/em><em>. <\/em><em>Autora de Proyecto Manhattan (Ant\u00edlope, 2021), ganadora del Premio Bellas Artes de Poes\u00eda Aguascalientes 2020 por El reino de lo no lineal, del Premio Nacional de Poes\u00eda Alonso Vidal 2017 por Principia y del Premio Bellas Artes de Traducci\u00f3n Literaria 2019 por Cielo nocturno con heridas de fuego, de Ocean Vuong y el premio Poetry International 2016. Con el apoyo de las becas Fulbright-COMEXUS y Goldwater, curs\u00f3 una maestr\u00eda en Escritura Creativa con especialidad en poes\u00eda en la Universidad de Nueva York (2013-2015).&nbsp;Poemas suyos aparecen en Letras Libres, Nexos, Hispam\u00e9rica, La Revista de la Universidad, Tierra Adentro, Este Pa\u00eds, y Peri\u00f3dico de Poes\u00eda, entre otras, han sido incluidos en la&nbsp; antolog\u00eda de poetas j\u00f3venes espa\u00f1oles y mexicanos&nbsp;Fuego de dos fraguas,&nbsp;en la antolog\u00eda&nbsp;Voces Nuevas&nbsp;2017 de la Editorial Torremozas y en la antolog\u00eda&nbsp;Liberoam\u00e9rica&nbsp;(Espa\u00f1a, 2018).&nbsp;Ha sido becaria del programa J\u00f3venes Creadores del FONCA&nbsp;en tres ocasiones y de la Fundaci\u00f3n Para las Letras Mexicanas durante dos a\u00f1os consecutivos. En 2018 fue seleccionada como una de las dos poetas j\u00f3venes de Am\u00e9rica Latina invitadas al Festival Internacional de Poes\u00eda que se celebra en Trois Rivi\u00e8res. Su primer libro de cuentos, El libro de las costumbres rojas, acaba de salir en Elefanta Editorial. <\/em><\/p>\n<p>&nbsp;<\/p>\n","protected":false},"excerpt":{"rendered":"<p>&nbsp; L\u00e1zaro XI &nbsp;Ayer por fin dej\u00e9 de suicidarme. Heiner M\u00fcller Quise morir. Es cierto. Estaba exhausta de tanto&nbsp;despertar a contracuerpo y en mi piel siempre la mitad de la noche. No hab\u00eda lugar en mi vida para nada que no fuera la muerte. Todo era demasiado y me dol\u00eda el m\u00e1s m\u00ednimo acorde, el color rojo. Quise morir, aunque [&hellip;]<\/p>\n","protected":false},"author":2,"featured_media":7890,"comment_status":"open","ping_status":"closed","sticky":false,"template":"","format":"standard","meta":{"footnotes":""},"categories":[19],"tags":[720,713],"class_list":["post-7891","post","type-post","status-publish","format-standard","has-post-thumbnail","hentry","category-poemas-de","tag-elisa-diaz-castelo","tag-i-encuentro-de-poetas-iberoamericanos-sede-mexico"],"_links":{"self":[{"href":"https:\/\/tiberiades.org\/index.php?rest_route=\/wp\/v2\/posts\/7891","targetHints":{"allow":["GET"]}}],"collection":[{"href":"https:\/\/tiberiades.org\/index.php?rest_route=\/wp\/v2\/posts"}],"about":[{"href":"https:\/\/tiberiades.org\/index.php?rest_route=\/wp\/v2\/types\/post"}],"author":[{"embeddable":true,"href":"https:\/\/tiberiades.org\/index.php?rest_route=\/wp\/v2\/users\/2"}],"replies":[{"embeddable":true,"href":"https:\/\/tiberiades.org\/index.php?rest_route=%2Fwp%2Fv2%2Fcomments&post=7891"}],"version-history":[{"count":2,"href":"https:\/\/tiberiades.org\/index.php?rest_route=\/wp\/v2\/posts\/7891\/revisions"}],"predecessor-version":[{"id":7893,"href":"https:\/\/tiberiades.org\/index.php?rest_route=\/wp\/v2\/posts\/7891\/revisions\/7893"}],"wp:featuredmedia":[{"embeddable":true,"href":"https:\/\/tiberiades.org\/index.php?rest_route=\/wp\/v2\/media\/7890"}],"wp:attachment":[{"href":"https:\/\/tiberiades.org\/index.php?rest_route=%2Fwp%2Fv2%2Fmedia&parent=7891"}],"wp:term":[{"taxonomy":"category","embeddable":true,"href":"https:\/\/tiberiades.org\/index.php?rest_route=%2Fwp%2Fv2%2Fcategories&post=7891"},{"taxonomy":"post_tag","embeddable":true,"href":"https:\/\/tiberiades.org\/index.php?rest_route=%2Fwp%2Fv2%2Ftags&post=7891"}],"curies":[{"name":"wp","href":"https:\/\/api.w.org\/{rel}","templated":true}]}}