{"id":7920,"date":"2023-05-26T09:25:01","date_gmt":"2023-05-26T08:25:01","guid":{"rendered":"https:\/\/tiberiades.org\/?p=7920"},"modified":"2023-05-26T09:25:01","modified_gmt":"2023-05-26T08:25:01","slug":"margarito-cuellar-un-palido-reflejo-en-la-ecuacion-del-agua-i-encuentro-de-poetas-iberoamericanos-sede-mexico","status":"publish","type":"post","link":"https:\/\/tiberiades.org\/?p=7920","title":{"rendered":"Margarito Cu\u00e9llar: \u2018Un p\u00e1lido reflejo en la ecuaci\u00f3n del agua\u2019. I Encuentro de poetas Iberoamericanos (Sede M\u00e9xico)"},"content":{"rendered":"<h3 style=\"padding-left: 40px;\">Un p\u00e1lido reflejo en la ecuaci\u00f3n del agua<\/h3>\n<h4 style=\"padding-left: 40px;\">Liminar<\/h4>\n<p style=\"padding-left: 40px;\">Thot, patr\u00f3n de los escribas, dios de la escritura<br \/>\ngracias por la dicha de ilustrar en su piel<br \/>\nlos manuscritos del Mar Muerto<br \/>\ny los l\u00edmites entre Umma y Lagash.<\/p>\n<p style=\"padding-left: 40px;\">Su piel, herencia del p\u00e9rgamo<br \/>\nm\u00e1s resistente que corteza de ant\u00edlope, gacela o avestruz.<br \/>\nM\u00e1s luminosa que vitela hecha de ternera joven<br \/>\nque al no absorber la tinta conserva los colores originales.<br \/>\nM\u00e1s resistente que el jade, la piedra y la corteza de abedul.<\/p>\n<p style=\"padding-left: 40px;\">\nLas l\u00edneas gruesas dejan constancia de la vida vegetal y animal<br \/>\nsi lo de su espalda o su vientre son plantas, osos o marsupiales.<br \/>\nMi estilete de punta cuadrada traza las partes que terminan en tri\u00e1ngulo.<br \/>\nLas l\u00edneas delgadas son para sus ingles y las ligaduras para caderas y espalda<br \/>\nlo que permite conservar las curvas y dar viveza y ardor a todo lo dem\u00e1s.<\/p>\n<p style=\"padding-left: 40px; text-align: right;\">Noviembre 9 de 2017<\/p>\n<h4 style=\"padding-left: 40px;\">2<\/h4>\n<p style=\"padding-left: 40px;\">El rasgo secreto de mi patria es la escritura<br \/>\ny se desborda<br \/>\nahora que mi burda caligraf\u00eda traza tu nombre.<br \/>\nMemoria y fuego me unen a ti como pasado remoto<br \/>\nque arrastra lo mismo la marea de tus pasos<br \/>\nque las ruinas de Ur.<\/p>\n<p style=\"padding-left: 40px;\">A cada l\u00ednea repaso tu desnudez<br \/>\ny el Sol de la Armon\u00eda ti\u00f1e los espacios en blanco.<br \/>\nSi el trazo es firme oigo el acento de las llamas<br \/>\ny las gotas del d\u00eda<br \/>\nse manifiestan en la caja de resonancia del aire.<\/p>\n<p style=\"padding-left: 40px;\">Los escribas ten\u00edan orejas en la espalda<br \/>\ny pon\u00edan atenci\u00f3n s\u00f3lo cuando sus dioses dec\u00edan algo.<br \/>\nMe parece, Terrible, est\u00e1n hablando de m\u00ed.<\/p>\n<h4 style=\"padding-left: 40px;\">3<\/h4>\n<p style=\"padding-left: 40px;\">Te recuestas entre la materia y mi esp\u00edritu\u2026<br \/>\ny del brazo que te extiendo nacen los manuscritos del mar<br \/>\ny las primeras aves<br \/>\ndesconocen los l\u00edmites de los nombres.<br \/>\nEl silencio es la prueba<br \/>\nde que la palabra lo profana todo.<br \/>\nPercibo tu respiraci\u00f3n como la piedra negra del F\u00f3rum<br \/>\ny r\u00eden de m\u00ed<br \/>\nporque quito al poema la costra de promesas<br \/>\ny soy c\u00ednico en vez de infeliz o sumiso.<br \/>\nY si para ti felicidad es el vac\u00edo de las interrogaciones<br \/>\nlas leyes de la vida te dan la raz\u00f3n<br \/>\ny quien cultiva el pensamiento<br \/>\nlimpia de basura los despojos del mundo.<\/p>\n<figure id=\"attachment_7922\" aria-describedby=\"caption-attachment-7922\" style=\"width: 640px\" class=\"wp-caption aligncenter\"><img loading=\"lazy\" decoding=\"async\" class=\"wp-image-7922 size-large\" src=\"https:\/\/tiberiades.org\/wp-content\/uploads\/2023\/05\/2-Retrato-de-Margarito-Cuellar-por-Miguel-Elias-822x1024.jpg\" alt=\"\" width=\"640\" height=\"797\" srcset=\"https:\/\/tiberiades.org\/wp-content\/uploads\/2023\/05\/2-Retrato-de-Margarito-Cuellar-por-Miguel-Elias-822x1024.jpg 822w, https:\/\/tiberiades.org\/wp-content\/uploads\/2023\/05\/2-Retrato-de-Margarito-Cuellar-por-Miguel-Elias-241x300.jpg 241w, https:\/\/tiberiades.org\/wp-content\/uploads\/2023\/05\/2-Retrato-de-Margarito-Cuellar-por-Miguel-Elias-768x956.jpg 768w, https:\/\/tiberiades.org\/wp-content\/uploads\/2023\/05\/2-Retrato-de-Margarito-Cuellar-por-Miguel-Elias-1233x1536.jpg 1233w, https:\/\/tiberiades.org\/wp-content\/uploads\/2023\/05\/2-Retrato-de-Margarito-Cuellar-por-Miguel-Elias-1645x2048.jpg 1645w\" sizes=\"auto, (max-width: 640px) 100vw, 640px\" \/><figcaption id=\"caption-attachment-7922\" class=\"wp-caption-text\">Retrato de Margarito Cu\u00e9llar , por Miguel El\u00edas<\/figcaption><\/figure>\n<p><em>Margarito Cu\u00e9llar (San Luis Potos\u00ed, M\u00e9xico, 1956). Estudi\u00f3 periodismo y la maestr\u00eda en artes en la Universidad Aut\u00f3noma de Nuevo Le\u00f3n (UANL). Es doctorando en artes y humanidades por la Universidad Jos\u00e9 Mart\u00ed de Latinoam\u00e9rica. Entre sus libros de poes\u00eda destacan: Nadie Salvo el mundo (Diputaci\u00f3n de Huelva, Espa\u00f1a, 2021); Se\u00f1ales luminosas bajo el suelo de cobre (2020); Poemas en los que nunca es de noche (2019); Teor\u00eda de la belleza (2018); Mol\u00e9culas en movimiento vibratorio alrededor de una posici\u00f3n de equilibrio (, 2016); Las edades terrestres (2016); Poemas para formar un r\u00edo (2016); Vigilias 2013) y Las edades felices (Hiperi\u00f3n\/ UANL, Espa\u00f1a-M\u00e9xico, 2013 y 2015). En 2012, la editorial Praxis y la UANL publicaron M\u00fasica de las piedras, poes\u00eda reunida 1982-2012. En 2003 obtuvo el premio de poes\u00eda convocado por Radio Francia Internacional y en 2014 el Premio Iberoamericano de Poes\u00eda Carlos Pellicer para Obra Publicada (INBA\/ Gobierno de Tabasco). En 2019 gan\u00f3 el Premio Hispanoamericano Festival de la Lira, convocado por el Banco del Austro (Cuenca, Ecuador). Miembro del Sistema Nacional de Creadores de Arte en el \u00e1rea de letras 2014-2016 y 2019-2022). Dirigi\u00f3 el Centro de Escritores de Nuevo Le\u00f3n y la revista Armas y Letras de la UANL. Con Nadie, salvo el mundo obtuvo el Premio Hispanoamericano de Poes\u00eda Juan Ram\u00f3n Jim\u00e9nez 2020 (Huelva, Espa\u00f1a. Desde 1973 radica en Monterrey<\/em>.<\/p>\n<p>&nbsp;<\/p>\n<p>&nbsp;<\/p>\n<p>&nbsp;<\/p>\n","protected":false},"excerpt":{"rendered":"<p>Un p\u00e1lido reflejo en la ecuaci\u00f3n del agua Liminar Thot, patr\u00f3n de los escribas, dios de la escritura gracias por la dicha de ilustrar en su piel los manuscritos del Mar Muerto y los l\u00edmites entre Umma y Lagash. Su piel, herencia del p\u00e9rgamo m\u00e1s resistente que corteza de ant\u00edlope, gacela o avestruz. M\u00e1s luminosa que vitela hecha de ternera [&hellip;]<\/p>\n","protected":false},"author":2,"featured_media":7921,"comment_status":"open","ping_status":"closed","sticky":false,"template":"","format":"standard","meta":{"footnotes":""},"categories":[19],"tags":[713,397],"class_list":["post-7920","post","type-post","status-publish","format-standard","has-post-thumbnail","hentry","category-poemas-de","tag-i-encuentro-de-poetas-iberoamericanos-sede-mexico","tag-margarito-cuellar"],"_links":{"self":[{"href":"https:\/\/tiberiades.org\/index.php?rest_route=\/wp\/v2\/posts\/7920","targetHints":{"allow":["GET"]}}],"collection":[{"href":"https:\/\/tiberiades.org\/index.php?rest_route=\/wp\/v2\/posts"}],"about":[{"href":"https:\/\/tiberiades.org\/index.php?rest_route=\/wp\/v2\/types\/post"}],"author":[{"embeddable":true,"href":"https:\/\/tiberiades.org\/index.php?rest_route=\/wp\/v2\/users\/2"}],"replies":[{"embeddable":true,"href":"https:\/\/tiberiades.org\/index.php?rest_route=%2Fwp%2Fv2%2Fcomments&post=7920"}],"version-history":[{"count":1,"href":"https:\/\/tiberiades.org\/index.php?rest_route=\/wp\/v2\/posts\/7920\/revisions"}],"predecessor-version":[{"id":7923,"href":"https:\/\/tiberiades.org\/index.php?rest_route=\/wp\/v2\/posts\/7920\/revisions\/7923"}],"wp:featuredmedia":[{"embeddable":true,"href":"https:\/\/tiberiades.org\/index.php?rest_route=\/wp\/v2\/media\/7921"}],"wp:attachment":[{"href":"https:\/\/tiberiades.org\/index.php?rest_route=%2Fwp%2Fv2%2Fmedia&parent=7920"}],"wp:term":[{"taxonomy":"category","embeddable":true,"href":"https:\/\/tiberiades.org\/index.php?rest_route=%2Fwp%2Fv2%2Fcategories&post=7920"},{"taxonomy":"post_tag","embeddable":true,"href":"https:\/\/tiberiades.org\/index.php?rest_route=%2Fwp%2Fv2%2Ftags&post=7920"}],"curies":[{"name":"wp","href":"https:\/\/api.w.org\/{rel}","templated":true}]}}