{"id":7987,"date":"2023-06-20T16:47:29","date_gmt":"2023-06-20T15:47:29","guid":{"rendered":"https:\/\/tiberiades.org\/?p=7987"},"modified":"2023-06-26T07:06:05","modified_gmt":"2023-06-26T06:06:05","slug":"david-huerta-antologia-minima-i-encuentro-de-poetas-iberoamericanos-sede-mexico","status":"publish","type":"post","link":"https:\/\/tiberiades.org\/?p=7987","title":{"rendered":"David Huerta:  Antolog\u00eda m\u00ednima. I Encuentro de Poetas Iberoamericanos (Sede M\u00e9xico)"},"content":{"rendered":"<p><em>Tiber\u00edades tiene la satisfacci\u00f3n de difundir una muestra po\u00e9tica de David Huerta (M\u00e9xico, 1949-2022), a quien se dedicara una menci\u00f3n especial durante el encuentro mexicano. La selecci\u00f3n ha sido hecha por Maximiliano Cid del Prado y la fotograf\u00eda fue tomada por Pascual Borzelli Iglesias.<\/em><\/p>\n<h3 style=\"padding-left: 40px;\"><strong><em>EL JARD\u00cdN DE LA LUZ<br \/>\n<\/em><\/strong><strong>(1972)<\/strong><\/h3>\n<h4 style=\"padding-left: 40px;\"><strong>ANATOMISTA <\/strong><\/h4>\n<p style=\"padding-left: 40px; text-align: right;\">&#8230; el anatomista no tiene por qu\u00e9 dar un juicio est\u00e9tico<br \/>\nsobre el cuerpo colocado en la mesa de disecci\u00f3n\u2026<br \/>\nSIMMEL<\/p>\n<p style=\"padding-left: 40px;\">Sabio con manos como alas. Incide, disecciona.<br \/>\nAbre el hermoso cuerpo<\/p>\n<p style=\"padding-left: 40px;\">de la muchacha<br \/>\n\u2014caderas tan perfectas<br \/>\nque la sombra no mancha<br \/>\nsu transparente carne.<br \/>\n\u201cElla es la luz que ya no veo<br \/>\nen el horrendo cuarto de la Prisa\u201d,<br \/>\npiensa el anatomista sudoroso<br \/>\ndestazando afanosa, puntualmente,<br \/>\nesa n\u00edtida,<br \/>\nlimpia carne sedosa.<\/p>\n<p style=\"padding-left: 40px;\">La muchacha es tan bella: Rubens<br \/>\nhubiera copiado sus facciones,<br \/>\nel gesto exento de sonrisa.<br \/>\nEl celebrado, el famoso anatomista<br \/>\naguza la feliz contemplaci\u00f3n<br \/>\nhasta volverla ciencia.<\/p>\n<h4 style=\"padding-left: 40px;\"><strong><br \/>\nCONVERSACI\u00d3N EN ADROGU\u00c9<\/strong><\/h4>\n<p style=\"padding-left: 40px;\">En la abigarrada biblioteca, el ni\u00f1o repasa vol\u00famenes espl\u00e9ndidos y conversa con fervor de sabio sobre alg\u00fan tema oriental. No sabe quiz\u00e1 que el anciano, distra\u00eddo, apenas lo oye: \u00e9l mismo ley\u00f3, hace ya tiempo y con id\u00e9ntica devoci\u00f3n, aquellos libros; y acaso ahora medita en la noche que lentamente domina el espacio de la finca o en la tarde que fue de oro y \u00e9l no pudo ver.<\/p>\n<h3 style=\"padding-left: 40px;\"><strong><em><br \/>\nVERSI\u00d3N<br \/>\n<\/em><\/strong><strong>(1978)<\/strong><\/h3>\n<h4 style=\"padding-left: 40px;\"><strong>INDEX<br \/>\n2<\/strong><\/h4>\n<p style=\"padding-left: 40px;\">Y es cierto: cada tema entra en el orden longil\u00edneo de estos signos,<br \/>\nen el espacio de los sentidos posibles,<br \/>\nen el \u00e1rea donde alguien supone que todo se entender\u00e1,<br \/>\ndispuesto as\u00ed, en renglones inequ\u00edvocos y sumisos al diccionario,<\/p>\n<p style=\"padding-left: 40px;\">a la biblioteca, a la tradici\u00f3n,<br \/>\ntodo el aire sucio y la saliva colocados cuidadosamente afuera<br \/>\nexpulsado el verano con su pegajoso sudor de tiempo, con sus<br \/>\narenas confusas \u2014y no hay otra manera de decirlo.<br \/>\nEscribir ser\u00eda o es una forma de la pobreza, una porquer\u00eda<br \/>\ndisculpable \u2014pero \u00bfhay que pedir perd\u00f3n por algo?\u2014:<br \/>\nArtaud ten\u00eda raz\u00f3n, siempre es mejor abrazarse a uno mismo y roer<br \/>\nestos huesos en un rinc\u00f3n aparte, no molestar a los dem\u00e1s,<br \/>\ninocentes y esquivos,<br \/>\nno perseguirlos con esas cuartillas que arder\u00edan tan bien durante<br \/>\nel invierno, en los suburbios.<\/p>\n<p><strong><em>\u00a0<\/em><\/strong><\/p>\n<h3 style=\"padding-left: 40px;\"><strong><em><br \/>\nINCURABLE<br \/>\n<\/em><\/strong><strong>(1987)<\/strong><\/h3>\n<h4 style=\"padding-left: 40px;\"><strong>CAP\u00cdTULO 6<\/strong><\/h4>\n<p style=\"padding-left: 40px;\"><strong>LOS \u00cdDOLOS Y LAS PASIONES<br \/>\n<\/strong>(Fragmento)<\/p>\n<p style=\"padding-left: 40px;\">Las pasiones nos llevan por las orejas como ni\u00f1os traviesos.<br \/>\nNos golpean con sus l\u00e1tigos de terciopelo y<br \/>\nesa rid\u00edcula hermosura que fingen puede cubrirnos la cara hasta<br \/>\nel ahogo, como si nos pusieran encima<br \/>\nuna almohada de hierro y oprimieran, oprimieran. Las pasiones son<br \/>\nun calor falso, una alhaja enloquecida. Rotura, lujo, germen<br \/>\ndel robo que cumplimos<br \/>\npara tener derecho \u2014seg\u00fan creemos\u2014 a un pedazo de realidad<br \/>\nun jard\u00edn esmerado, una casita en el campo, tres o cuatro<br \/>\namigos.<\/p>\n<p><img loading=\"lazy\" decoding=\"async\" class=\"wp-image-7985 aligncenter\" src=\"https:\/\/tiberiades.org\/wp-content\/uploads\/2023\/06\/2-3.jpg\" alt=\"\" width=\"523\" height=\"841\" srcset=\"https:\/\/tiberiades.org\/wp-content\/uploads\/2023\/06\/2-3.jpg 933w, https:\/\/tiberiades.org\/wp-content\/uploads\/2023\/06\/2-3-187x300.jpg 187w, https:\/\/tiberiades.org\/wp-content\/uploads\/2023\/06\/2-3-637x1024.jpg 637w, https:\/\/tiberiades.org\/wp-content\/uploads\/2023\/06\/2-3-768x1235.jpg 768w\" sizes=\"auto, (max-width: 523px) 100vw, 523px\" \/><\/p>\n<p><strong><em>\u00a0<\/em><\/strong><\/p>\n<h3 style=\"padding-left: 40px;\"><strong><em>LA SOMBRA DE LOS PERROS<\/em><\/strong><strong><br \/>\n(1996)<\/strong><\/h3>\n<h4 style=\"padding-left: 40px;\"><strong>OLVIDAR<\/strong><\/h4>\n<p style=\"padding-left: 40px;\">Aqu\u00ed est\u00e1n los nervios<br \/>\nque envuelven, como un papel fragante,<br \/>\nlas melod\u00edas obtusas del rencor.<\/p>\n<p style=\"padding-left: 40px;\">Y aqu\u00ed la risa<br \/>\ncomo un p\u00e1jaro ebrio&#8230;<\/p>\n<p style=\"padding-left: 40px;\">Escuchar. Olvidar. Dos neblinas.<br \/>\nLa espuma del sufrimiento<br \/>\ncala en el encaje n\u00e1ufrago<br \/>\nde mi silbido matinal.<\/p>\n<p style=\"padding-left: 40px;\">Aqu\u00ed est\u00e1n los sonidos<br \/>\nolvidadizos, las crepitaciones<br \/>\nque amarillean.<\/p>\n<p style=\"padding-left: 40px;\">Una vez m\u00e1s,<br \/>\ntodo ser\u00e1 escuchar<br \/>\nu olvidar.<\/p>\n<p style=\"padding-left: 40px;\">Olvidar\u00e9 estos doblados<br \/>\nenigmas, estos relojes<br \/>\nrectil\u00edneos de esperas, este cuerpo<br \/>\najeno<\/p>\n<p style=\"padding-left: 40px;\">en la llama de s\u00e1ndalo.<\/p>\n<p><strong><em>\u00a0<\/em><\/strong><\/p>\n<h3 style=\"padding-left: 40px;\"><strong><em>LA M\u00daSICA DE LO QUE PASA<br \/>\n<\/em><\/strong><strong>(1997)<\/strong><\/h3>\n<h4 style=\"padding-left: 40px;\"><strong>MI T\u00cdO MANUEL<\/strong><\/h4>\n<p style=\"padding-left: 40px; text-align: right;\"><em>One is always nearer by not keeping still<br \/>\n<\/em>THOM GUNN, \u00abOn the Move\u00bb,<br \/>\ncitado por OLIVER SACKS<br \/>\nen <em>Awakenings<\/em><\/p>\n<p style=\"padding-left: 40px;\">Mi t\u00edo Manuel fue el primer enfermo<br \/>\nde Parkinson (<em>Paralysis agitans<\/em>)<br \/>\nque me toc\u00f3 ver en la vida.<br \/>\nLa fragmentaci\u00f3n de sus movimientos corporales<br \/>\ny su falta de sentido, de <em>hacia<\/em>,<br \/>\nme intrig\u00f3 siempre. Ahora lo recuerdo<br \/>\ncomo un ser atravesado de parte a parte<br \/>\npor un minucioso cataclismo.<\/p>\n<p style=\"padding-left: 40px;\">No estaba loco ni su mente hab\u00eda sido segada,<br \/>\nanulada o destruida.<\/p>\n<p style=\"padding-left: 40px;\">Viv\u00eda, eso s\u00ed, en otra dimensi\u00f3n.<br \/>\nEl tiempo, el espacio<br \/>\ny el movimiento con el que poblamos<br \/>\nesas dos grandes categor\u00edas del Esp\u00edritu<br \/>\nhab\u00edan perdido para \u00e9l<br \/>\nlos \u00e1ngulos y las redondeces<br \/>\nque para el resto de nosotros tienen.<br \/>\nNo hab\u00eda extraviado su centro:<br \/>\nsu cuerpo ten\u00eda, en cambio, un millar discontinuo<br \/>\nde centros. Lo rememoro<br \/>\ncuando contemplo la ciudad y el mundo<br \/>\ncon una actitud\u00a0 \u2014no muy frecuente, debo reconocerlo\u2014<br \/>\nde templada piedad,<br \/>\nde l\u00e1stima y de aceptaci\u00f3n.<\/p>\n<p><img loading=\"lazy\" decoding=\"async\" class=\"aligncenter size-full wp-image-7986\" src=\"https:\/\/tiberiades.org\/wp-content\/uploads\/2023\/06\/3-scaled.jpeg\" alt=\"\" width=\"2560\" height=\"1947\" srcset=\"https:\/\/tiberiades.org\/wp-content\/uploads\/2023\/06\/3-scaled.jpeg 2560w, https:\/\/tiberiades.org\/wp-content\/uploads\/2023\/06\/3-300x228.jpeg 300w, https:\/\/tiberiades.org\/wp-content\/uploads\/2023\/06\/3-1024x779.jpeg 1024w, https:\/\/tiberiades.org\/wp-content\/uploads\/2023\/06\/3-768x584.jpeg 768w, https:\/\/tiberiades.org\/wp-content\/uploads\/2023\/06\/3-1536x1168.jpeg 1536w, https:\/\/tiberiades.org\/wp-content\/uploads\/2023\/06\/3-2048x1558.jpeg 2048w\" sizes=\"auto, (max-width: 2560px) 100vw, 2560px\" \/><\/p>\n<h3 style=\"padding-left: 40px;\"><strong><em>LOS CUADERNOS DE LA MIERDA<br \/>\n<\/em><\/strong><strong>(2001)<\/strong><\/h3>\n<h4 style=\"padding-left: 40px;\"><strong><br \/>\nLA ORDEN<\/strong><\/h4>\n<p style=\"padding-left: 40px;\">En este plato te sirvieron<br \/>\nlo que no quer\u00edas comer<br \/>\ny te ordenaron<br \/>\ncomerlo.<\/p>\n<p style=\"padding-left: 40px;\">No quiero saber<br \/>\nsi lo comiste,<\/p>\n<p style=\"padding-left: 40px;\">Hay demasiadas cosas<br \/>\nen el mundo para ocuparse<br \/>\nde aquel plato, de aquella<br \/>\norden, del alimento atroz<br \/>\nque te mandaron comer.<\/p>\n<p style=\"padding-left: 40px;\">Aun as\u00ed quiero saber<br \/>\nsi en el fondo de tu boca<br \/>\nhan seguido encendidas<br \/>\nalgunas palabras<br \/>\n\u2014t\u00fa sabes cu\u00e1les son<br \/>\ny lo que significan:<br \/>\nsoles raudos<br \/>\npara la noche del devenir\u2014<\/p>\n<p style=\"padding-left: 40px;\">o si aquel alimento<br \/>\ny aquella orden<br \/>\nlas apagaron para siempre.<\/p>\n<p><strong>\u00a0<\/strong><\/p>\n<h3 style=\"padding-left: 40px;\"><strong><br \/>\n<em>LA OLLA<br \/>\n<\/em>(2003)<\/strong><\/h3>\n<h4 style=\"padding-left: 40px;\"><strong>P\u00c1JAROS<\/strong><\/h4>\n<p style=\"text-align: right;\"><em>A Hitchcock<br \/>\nA Antonio Deltoro<\/em><\/p>\n<p style=\"padding-left: 40px;\">Copos de gorriones ahondan el horizonte.<br \/>\nEl ocaso es una c\u00f3ncava superficie llena de vuelos,<br \/>\nuna veladura de geometr\u00edas y cuidadosos colores<br \/>\nhecha de pura serenidad material.<br \/>\nLos p\u00e1jaros se deslizan en c\u00e1mara lenta<br \/>\ny trazan sus testimonios<br \/>\nde claro sonido y de gracia fluyente, suspendida.<br \/>\nBajo las flores y las ramas de abril,<br \/>\nel aire se satura de colibr\u00edes.<br \/>\nLa primavera es una antigua p\u00e1gina<br \/>\ndonde las golondrinas, aves instant\u00e1neas,<br \/>\ndejan \u2014como vio el poeta\u2014 su \u00abescritura hebrea\u00bb.<br \/>\n<em>Dr\u00edada de los bosques<\/em> les dijo John Keats al ruise\u00f1or<br \/>\nde voz eterna. Los p\u00e1jaros son m\u00ednimos h\u00e9roes<br \/>\nde la naturaleza \u00e9pica, ardientes divinidades<br \/>\nde finos nervios y grandiosa curiosidad.<br \/>\nMajestad y energ\u00eda los definen. M\u00edralos<br \/>\ncruzar el cielo, dominar el jard\u00edn, \u00abpeinar el viento\u00bb.<br \/>\nS\u00edlabas de la atm\u00f3sfera, chispazos en la blancura<br \/>\ndel silencio. Interroga a los p\u00e1jaros<br \/>\ncomo lo har\u00edas con un maestro zen.<br \/>\nEllos responder\u00e1n.<\/p>\n<h4 style=\"padding-left: 40px;\"><strong>MET\u00c1FORA<\/strong><\/h4>\n<p style=\"padding-left: 40px;\">La met\u00e1fora se que ayudaba a no pensar<br \/>\nse vuelve esta flor blanca<br \/>\nde un magnetismo bic\u00e9falo. Sombras<br \/>\nde p\u00e9talos desprendidos, negrura<br \/>\nde gemido, sopa de ayes: nada de esto<br \/>\nvibra en la met\u00e1fora enjuta<br \/>\nsino el ardor mondo de este u otro<br \/>\nconcepto: la muesca de la inmanencia<br \/>\nen el \u00e1mbito azul de los fen\u00f3menos,<br \/>\nla traves\u00eda de los verbos y los nombres<br \/>\npor la des\u00e9rtica espesura de los espejos<br \/>\nde la mente, su cielo caluroso e interno.<\/p>\n<p style=\"padding-left: 40px;\">Dos cauces \u00e1brense en la met\u00e1fora: uno,<br \/>\nel indicio indiviso<br \/>\nde un an\u00e1lisis en la sanguaza<br \/>\nde tiempo vivido, rezumante<br \/>\nde conflicto y contacto, sin huella<br \/>\nde psicolog\u00eda o piedad; dos,<br \/>\nlas elaboraciones y las hogueras<br \/>\ny la plenitud cronoc\u00e9ntrica<br \/>\nde las duraciones imaginarias,<\/p>\n<p style=\"padding-left: 40px;\">su densidad de chispazo,<br \/>\nsu desv\u00edo sublime.<\/p>\n<h3 style=\"padding-left: 40px;\"><strong><em>CANCIONES DE LA VIDA COM\u00daN<br \/>\n<\/em>(2008)<\/strong><\/h3>\n<h4 style=\"padding-left: 40px;\"><strong>GEMIDO EL \u00c1RBOL<\/strong><\/h4>\n<h4 style=\"padding-left: 40px;\">1<\/h4>\n<p style=\"padding-left: 40px;\">La voz de un \u00e1rbol debe tener ra\u00edces. Como en el poema de<br \/>\nVerlaine, ha de escucharse en ese timbre una serie puntual: frutos,<br \/>\nflores, hojas y ramas.<\/p>\n<p style=\"padding-left: 40px;\">La voz de un \u00e1rbol ser\u00e1 verde y azul: el cielo del silencio como<br \/>\nfondo, el verdor de los proferimientos como follaje.<\/p>\n<p style=\"padding-left: 40px;\">El gemido de un \u00e1rbol tendr\u00e1 la forma de ese p\u00e1jaro \u2014negro<br \/>\ny feroz\u2014 desprendido de la alta espesura con un susurro apenas,<br \/>\nuna queja, un quebradizo haz de fricativas.<\/p>\n<p style=\"padding-left: 40px;\">El gemido de un \u00e1rbol suena como un esbelto rechinido, un barniz<br \/>\ndeslizante de esfuerzo y pena.<\/p>\n<p><em>David Huerta (M\u00e9xico, 1949-2022) Poeta, ensayista y traductor. Traducido al ingl\u00e9s, franc\u00e9s, fin\u00e9s, entre otros idiomas. Becario del Centro Mexicano de Escritores y de la Fundaci\u00f3n Guggenheim. Premio Nacional de Ciencias y Artes en el 2015. Fue creador em\u00e9rito del Sistema Nacional de Creadores de Arte. Premio FIL de Literatura en Lenguas Romances en el 2019. Dio conferencias y lecturas de poes\u00eda en las universidades de Princeton, Harvard, Oxford y Cambridge.<\/em><\/p>\n","protected":false},"excerpt":{"rendered":"<p>Tiber\u00edades tiene la satisfacci\u00f3n de difundir una muestra po\u00e9tica de David Huerta (M\u00e9xico, 1949-2022), a quien se dedicara una menci\u00f3n especial durante el encuentro mexicano. La selecci\u00f3n ha sido hecha por Maximiliano Cid del Prado y la fotograf\u00eda fue tomada por Pascual Borzelli Iglesias. EL JARD\u00cdN DE LA LUZ (1972) ANATOMISTA &#8230; el anatomista no tiene por qu\u00e9 dar un [&hellip;]<\/p>\n","protected":false},"author":2,"featured_media":7984,"comment_status":"open","ping_status":"closed","sticky":false,"template":"","format":"standard","meta":{"footnotes":""},"categories":[19],"tags":[734,713],"class_list":["post-7987","post","type-post","status-publish","format-standard","has-post-thumbnail","hentry","category-poemas-de","tag-david-huerta","tag-i-encuentro-de-poetas-iberoamericanos-sede-mexico"],"_links":{"self":[{"href":"https:\/\/tiberiades.org\/index.php?rest_route=\/wp\/v2\/posts\/7987","targetHints":{"allow":["GET"]}}],"collection":[{"href":"https:\/\/tiberiades.org\/index.php?rest_route=\/wp\/v2\/posts"}],"about":[{"href":"https:\/\/tiberiades.org\/index.php?rest_route=\/wp\/v2\/types\/post"}],"author":[{"embeddable":true,"href":"https:\/\/tiberiades.org\/index.php?rest_route=\/wp\/v2\/users\/2"}],"replies":[{"embeddable":true,"href":"https:\/\/tiberiades.org\/index.php?rest_route=%2Fwp%2Fv2%2Fcomments&post=7987"}],"version-history":[{"count":2,"href":"https:\/\/tiberiades.org\/index.php?rest_route=\/wp\/v2\/posts\/7987\/revisions"}],"predecessor-version":[{"id":7993,"href":"https:\/\/tiberiades.org\/index.php?rest_route=\/wp\/v2\/posts\/7987\/revisions\/7993"}],"wp:featuredmedia":[{"embeddable":true,"href":"https:\/\/tiberiades.org\/index.php?rest_route=\/wp\/v2\/media\/7984"}],"wp:attachment":[{"href":"https:\/\/tiberiades.org\/index.php?rest_route=%2Fwp%2Fv2%2Fmedia&parent=7987"}],"wp:term":[{"taxonomy":"category","embeddable":true,"href":"https:\/\/tiberiades.org\/index.php?rest_route=%2Fwp%2Fv2%2Fcategories&post=7987"},{"taxonomy":"post_tag","embeddable":true,"href":"https:\/\/tiberiades.org\/index.php?rest_route=%2Fwp%2Fv2%2Ftags&post=7987"}],"curies":[{"name":"wp","href":"https:\/\/api.w.org\/{rel}","templated":true}]}}