{"id":8452,"date":"2023-12-13T16:48:18","date_gmt":"2023-12-13T15:48:18","guid":{"rendered":"https:\/\/tiberiades.org\/?p=8452"},"modified":"2023-12-13T17:15:07","modified_gmt":"2023-12-13T16:15:07","slug":"harold-alva-estrategia-materna-y-otros-poemas-xxvi-encuentro-de-poetas-iberoamericanos","status":"publish","type":"post","link":"https:\/\/tiberiades.org\/?p=8452","title":{"rendered":"Harold Alva: \u2018Estrategia materna\u2019 y otros poemas. XXVI Encuentro de Poetas Iberoamericanos"},"content":{"rendered":"<p><em>Esta selecci\u00f3n ha sido realizada por el poeta Alfredo P\u00e9rez Alencart, director de los Encuentros de Poetas Iberoamericanos de Salamanca, especialmente de la antolog\u00eda \u2018La caza puede esperar\u2019 (Lima, 2023) <\/em><\/p>\n<h4 style=\"padding-left: 40px;\">ESTRATEGIA MATERNA<\/h4>\n<p style=\"padding-left: 40px;\">Mam\u00e1 tocaba el mundo con su risa,<br \/>\nera su forma de abordarlo,<br \/>\nde ponerlo en nuestras manos<br \/>\ncon la convicci\u00f3n de un \u00e1ngel<br \/>\nque sab\u00eda del rel\u00e1mpago,<br \/>\npor eso nos eleg\u00eda el agua,<br \/>\nla transparencia del ox\u00edgeno,<br \/>\nla utop\u00eda de un zorzal<br \/>\nque, aunque desplum\u00e1ndose,<br \/>\ntrinaba al universo<br \/>\nla melod\u00eda m\u00e1s bella del planeta.<\/p>\n<p style=\"padding-left: 40px;\">Qu\u00e9 era entonces el desasosiego,<br \/>\nla hojarasca atenta<br \/>\na la vejez de los helechos,<br \/>\nqui\u00e9n el intr\u00e9pido fantasma<br \/>\nsi, con ella, no hab\u00eda casa<br \/>\nni zagu\u00e1n deshabitado.<\/p>\n<p style=\"padding-left: 40px;\">Mam\u00e1 poblaba el mundo con su risa:<br \/>\nera su forma de salvarlo.<\/p>\n<h4 style=\"padding-left: 40px;\">ARTE PO\u00c9TICA<\/h4>\n<p style=\"padding-left: 40px;\">Un hombre que ha muerto tantas veces<br \/>\ntiene claro que la vida es un espejismo,<br \/>\nun animal ins\u00f3lito en cuya piel afila el cielo.<\/p>\n<p style=\"padding-left: 40px;\">Por eso a\u00falla,<br \/>\npor eso el sauce es su met\u00e1fora perfecta.<\/p>\n<h4 style=\"padding-left: 40px;\">BREVE ESTUDIO DEL ABISMO<\/h4>\n<p style=\"padding-left: 40px;\">Una tormenta cae sobre la piel del jaguar,<br \/>\npero el jaguar duerme:<br \/>\nescribe en sus precipitaciones otra bit\u00e1cora,<br \/>\notro atentado contra su naturaleza,<br \/>\ncontra el filo de sus dientes.<\/p>\n<p style=\"padding-left: 40px;\">\u201cLa caza puede esperar\u201d, ruge<br \/>\nmientras toca el abismo con una de sus garras.<\/p>\n<h4 style=\"padding-left: 40px;\">SPLEEN<\/h4>\n<p style=\"padding-left: 40px;\">\u201cDuerme\u201d, sugiere el \u00e1ngel.<\/p>\n<p style=\"padding-left: 40px;\">y vuelve a tirar las cartas<br \/>\ny sale otra vez el rey de copas<br \/>\n\u201cNo puedo\u201d, responde el cuervo<br \/>\ny cruza el cielo el avi\u00f3n de bastos<br \/>\ny lo sitia la oscuridad de las cuatro<br \/>\ny quiere hacer trampa<br \/>\ny se quita la bufanda<br \/>\ny vuelve a mirar las cartas<br \/>\ny treinta de la ma\u00f1ana<br \/>\ny piensa si su vida responde a otra baraja.<\/p>\n<p style=\"padding-left: 40px;\">\u201cDuerme\u201d, repite el \u00e1ngel.<\/p>\n<p style=\"padding-left: 40px;\">\u201cNo puedo\u201d, piensa<br \/>\ny otra vez un avi\u00f3n<br \/>\ny de nuevo el rey de copas<br \/>\ny otra vez el \u00e1ngel<br \/>\ny toca,<br \/>\ny vuelve a tirar las cartas<br \/>\nla negra luz del cielo.<\/p>\n<figure id=\"attachment_8449\" aria-describedby=\"caption-attachment-8449\" style=\"width: 666px\" class=\"wp-caption aligncenter\"><img loading=\"lazy\" decoding=\"async\" class=\"wp-image-8449 size-full\" src=\"https:\/\/tiberiades.org\/wp-content\/uploads\/2023\/12\/2-Harold-Alva-con-sus-padres-y-hermanos.jpg\" alt=\"\" width=\"666\" height=\"365\" srcset=\"https:\/\/tiberiades.org\/wp-content\/uploads\/2023\/12\/2-Harold-Alva-con-sus-padres-y-hermanos.jpg 666w, https:\/\/tiberiades.org\/wp-content\/uploads\/2023\/12\/2-Harold-Alva-con-sus-padres-y-hermanos-300x164.jpg 300w\" sizes=\"auto, (max-width: 666px) 100vw, 666px\" \/><figcaption id=\"caption-attachment-8449\" class=\"wp-caption-text\">Harold Alva con sus padres y hermanos<\/figcaption><\/figure>\n<h4 style=\"padding-left: 40px;\">ESTRATEGIA PATERNA<\/h4>\n<p style=\"padding-left: 40px;\">Yo me cobijaba<br \/>\nen el follaje de sus manos,<br \/>\nen su sombra de gigante.<\/p>\n<p style=\"padding-left: 40px;\">Yo encend\u00eda la noche en sus canciones,<br \/>\ncon el ruido de su velocidad,<br \/>\ncon su filo.<\/p>\n<p style=\"padding-left: 40px;\">La vida era entonces un milagro,<br \/>\nun aleteo de felicidad:<br \/>\nvibraba con el idioma del hacha,<br \/>\nun ni\u00f1o en la soledad de la monta\u00f1a.<\/p>\n<h4 style=\"padding-left: 40px;\">UNA VENTANA QUE SE CIERRA<\/h4>\n<p style=\"padding-left: 40px;\">Estas horas de paz que me blasfeman,<br \/>\nestos silencios de piedra en mi mano,<br \/>\ngrit\u00e1ndome, otra vez, de modo insano,<br \/>\napuntan sin herir, pero me queman.<br \/>\nEsas lenguas al costado del poema,<br \/>\nsus sombras acerc\u00e1ndose macabras,<br \/>\nno me atacan ahora con palabras,<br \/>\nsino con el pu\u00f1al de otro dilema.<br \/>\nYo debo ser un muerto en el paisaje,<br \/>\nuna oraci\u00f3n ley\u00e9ndose en la guerra,<br \/>\nel estoico que empu\u00f1a su mensaje.<br \/>\nEse animal que a solas nos entierra<br \/>\nresucita tambi\u00e9n cuando el lenguaje<br \/>\nes solo una ventana que se cierra.<\/p>\n<p><em>Harold Alva (Piura, Per\u00fa, 1978). Escritor, editor y analista pol\u00edtico. Director de Editorial Summa y del suplemento ContraPoder que publica con el diario Expreso. Preside la organizaci\u00f3n del FIP Primavera Po\u00e9tica y la Fundaci\u00f3n Iberoamericana para las Artes. Es autor de los libros Ceremonia (2023), Tocado por la lluvia (2022), Regresiones (2020), Ciudad desierta (2014), Lima (2012), Sotto voce (2003), Morada &amp; sombras (1998), entre otros; de las antolog\u00edas personales La \u00e9pica del desastre (2020) y A tiempo completo (2022). Ha participado como expositor en diversas ferias de libros y festivales de poes\u00eda en Estados Unidos, M\u00e9xico, Colombia, Ecuador, Bolivia, Chile, Argentina, Espa\u00f1a y Portugal. Ant\u00f3logo de La primera l\u00ednea, y director de Poes\u00eda Iberoamericana, colecci\u00f3n de cien t\u00edtulos que public\u00f3 el 2020 con la Municipalidad de Lima. Ha sido director de diversas instituciones, conductor y productor de programas de radio y televisi\u00f3n, candidato a la alcald\u00eda de Lima (2017) y al Congreso de la Rep\u00fablica (2020). En 2021, el Ayuntamiento de Salamanca (Espa\u00f1a), lo declar\u00f3 Hu\u00e9sped Distinguido.<\/em><\/p>\n<figure id=\"attachment_8450\" aria-describedby=\"caption-attachment-8450\" style=\"width: 2560px\" class=\"wp-caption aligncenter\"><img loading=\"lazy\" decoding=\"async\" class=\"size-full wp-image-8450\" src=\"https:\/\/tiberiades.org\/wp-content\/uploads\/2023\/12\/3-Harold-Alva-Luis-Diaz-Granados-y-A.-P.-Alencart-en-el-Gimnasio-Moderno-de-Bogota-2022-scaled.jpg\" alt=\"\" width=\"2560\" height=\"1469\" srcset=\"https:\/\/tiberiades.org\/wp-content\/uploads\/2023\/12\/3-Harold-Alva-Luis-Diaz-Granados-y-A.-P.-Alencart-en-el-Gimnasio-Moderno-de-Bogota-2022-scaled.jpg 2560w, https:\/\/tiberiades.org\/wp-content\/uploads\/2023\/12\/3-Harold-Alva-Luis-Diaz-Granados-y-A.-P.-Alencart-en-el-Gimnasio-Moderno-de-Bogota-2022-300x172.jpg 300w, https:\/\/tiberiades.org\/wp-content\/uploads\/2023\/12\/3-Harold-Alva-Luis-Diaz-Granados-y-A.-P.-Alencart-en-el-Gimnasio-Moderno-de-Bogota-2022-1024x588.jpg 1024w, https:\/\/tiberiades.org\/wp-content\/uploads\/2023\/12\/3-Harold-Alva-Luis-Diaz-Granados-y-A.-P.-Alencart-en-el-Gimnasio-Moderno-de-Bogota-2022-768x441.jpg 768w, https:\/\/tiberiades.org\/wp-content\/uploads\/2023\/12\/3-Harold-Alva-Luis-Diaz-Granados-y-A.-P.-Alencart-en-el-Gimnasio-Moderno-de-Bogota-2022-1536x881.jpg 1536w, https:\/\/tiberiades.org\/wp-content\/uploads\/2023\/12\/3-Harold-Alva-Luis-Diaz-Granados-y-A.-P.-Alencart-en-el-Gimnasio-Moderno-de-Bogota-2022-2048x1175.jpg 2048w\" sizes=\"auto, (max-width: 2560px) 100vw, 2560px\" \/><figcaption id=\"caption-attachment-8450\" class=\"wp-caption-text\">Harold Alva, Luis D\u00edaz-Granados y A. P. Alencart, en el Gimnasio Moderno de Bogot\u00e1 (2022)<\/figcaption><\/figure>\n<p><img loading=\"lazy\" decoding=\"async\" class=\"aligncenter size-full wp-image-8451\" src=\"https:\/\/tiberiades.org\/wp-content\/uploads\/2023\/12\/4portada.png\" alt=\"\" width=\"594\" height=\"946\" srcset=\"https:\/\/tiberiades.org\/wp-content\/uploads\/2023\/12\/4portada.png 594w, https:\/\/tiberiades.org\/wp-content\/uploads\/2023\/12\/4portada-188x300.png 188w\" sizes=\"auto, (max-width: 594px) 100vw, 594px\" \/><\/p>\n<p>Imagen de cabecera: Harold Alva leyendo en el Teatro Liceo de Salamanca. Foto de \u00c1ngel Holgado<\/p>\n","protected":false},"excerpt":{"rendered":"<p>Esta selecci\u00f3n ha sido realizada por el poeta Alfredo P\u00e9rez Alencart, director de los Encuentros de Poetas Iberoamericanos de Salamanca, especialmente de la antolog\u00eda \u2018La caza puede esperar\u2019 (Lima, 2023) ESTRATEGIA MATERNA Mam\u00e1 tocaba el mundo con su risa, era su forma de abordarlo, de ponerlo en nuestras manos con la convicci\u00f3n de un \u00e1ngel que sab\u00eda del rel\u00e1mpago, por [&hellip;]<\/p>\n","protected":false},"author":2,"featured_media":8448,"comment_status":"open","ping_status":"closed","sticky":false,"template":"","format":"standard","meta":{"footnotes":""},"categories":[19],"tags":[659,761],"class_list":["post-8452","post","type-post","status-publish","format-standard","has-post-thumbnail","hentry","category-poemas-de","tag-harold-alva","tag-xxvi-encuentro-de-poetas-iberoamericanos"],"_links":{"self":[{"href":"https:\/\/tiberiades.org\/index.php?rest_route=\/wp\/v2\/posts\/8452","targetHints":{"allow":["GET"]}}],"collection":[{"href":"https:\/\/tiberiades.org\/index.php?rest_route=\/wp\/v2\/posts"}],"about":[{"href":"https:\/\/tiberiades.org\/index.php?rest_route=\/wp\/v2\/types\/post"}],"author":[{"embeddable":true,"href":"https:\/\/tiberiades.org\/index.php?rest_route=\/wp\/v2\/users\/2"}],"replies":[{"embeddable":true,"href":"https:\/\/tiberiades.org\/index.php?rest_route=%2Fwp%2Fv2%2Fcomments&post=8452"}],"version-history":[{"count":2,"href":"https:\/\/tiberiades.org\/index.php?rest_route=\/wp\/v2\/posts\/8452\/revisions"}],"predecessor-version":[{"id":8454,"href":"https:\/\/tiberiades.org\/index.php?rest_route=\/wp\/v2\/posts\/8452\/revisions\/8454"}],"wp:featuredmedia":[{"embeddable":true,"href":"https:\/\/tiberiades.org\/index.php?rest_route=\/wp\/v2\/media\/8448"}],"wp:attachment":[{"href":"https:\/\/tiberiades.org\/index.php?rest_route=%2Fwp%2Fv2%2Fmedia&parent=8452"}],"wp:term":[{"taxonomy":"category","embeddable":true,"href":"https:\/\/tiberiades.org\/index.php?rest_route=%2Fwp%2Fv2%2Fcategories&post=8452"},{"taxonomy":"post_tag","embeddable":true,"href":"https:\/\/tiberiades.org\/index.php?rest_route=%2Fwp%2Fv2%2Ftags&post=8452"}],"curies":[{"name":"wp","href":"https:\/\/api.w.org\/{rel}","templated":true}]}}