{"id":8516,"date":"2024-01-08T20:53:34","date_gmt":"2024-01-08T19:53:34","guid":{"rendered":"https:\/\/tiberiades.org\/?p=8516"},"modified":"2024-01-08T20:53:34","modified_gmt":"2024-01-08T19:53:34","slug":"frecuencia-cardiaca-y-otros-poemas-de-la-boliviana-valeria-sandi-pena-xxvi-encuentro-de-poetas-iberoamericanos","status":"publish","type":"post","link":"https:\/\/tiberiades.org\/?p=8516","title":{"rendered":"\u2018Frecuencia card\u00edaca\u2019 y otros poemas de la boliviana Valeria Sandi Pe\u00f1a. XXVI Encuentro de poetas Iberoamericanos"},"content":{"rendered":"<p><strong><br \/>\n<\/strong><em>Tiber\u00edades se congratula de publicar una muestra de la antolog\u00eda \u2018Lluvia de Sal\u2019 (Gobierno de Santa Cruz de la Sierra, 2022)<br \/>\n<\/em><\/p>\n<h4 style=\"padding-left: 40px;\"><strong>Frecuencia card\u00edaca<\/strong><\/h4>\n<p style=\"padding-left: 40px;\">Un latido del tiempo<br \/>\ncambia la pulsi\u00f3n<br \/>\nde la ola<br \/>\nAbre la boca<br \/>\nencuentra tu voz<br \/>\nLleva mar adentro<br \/>\nsu eco<br \/>\na mi memoria.<\/p>\n<p style=\"padding-left: 40px;\">El ritual del agua<br \/>\nsuspende<br \/>\nen puntillas mi sangre<br \/>\ncuando los a\u00f1os<br \/>\nme hacen estragos<br \/>\ncon su torrente.<\/p>\n<p style=\"padding-left: 40px;\">Un pist\u00f3n de fuego<br \/>\nenciende tu nombre<br \/>\nen mi garganta<br \/>\nLlega la noche<br \/>\nde acrobacia<br \/>\ndesde su sombra<br \/>\nse prepara cada ola circular<br \/>\npara beber de mi deseo<br \/>\n\u00bfQu\u00e9 me dice tu latido?<br \/>\nNo quiero derramar<br \/>\ntus letras en el intento<br \/>\nEl agua escucha<br \/>\nla sangre<br \/>\ncuando<br \/>\nes correspondida<\/p>\n<h4 style=\"padding-left: 40px;\"><strong>Rinc\u00f3n de lluvia<\/strong><\/h4>\n<p style=\"padding-left: 40px;\">Hoy<br \/>\nse abre<br \/>\ngatillando sombras<br \/>\nel tel\u00f3n de la noche<br \/>\nen nuestro cuerpo<br \/>\nse acerca la sentencia<br \/>\nde fondo un \u00e1rbol.<\/p>\n<p style=\"padding-left: 40px;\">Los recuerdos<br \/>\nse derraman<br \/>\nen tajos<br \/>\nla mirada<br \/>\nse nos puebla<br \/>\nde fosas.<\/p>\n<p style=\"padding-left: 40px;\">Sin hilv\u00e1n<br \/>\nla memoria cae<br \/>\nnos volvemos<br \/>\ntierra blanda<br \/>\ncon el rostro perdido.<\/p>\n<p style=\"padding-left: 40px;\">Llegada la sentencia<br \/>\ndesde nuestra<br \/>\nn\u00edtida oscuridad<br \/>\npedimos al tiempo<br \/>\ncomo juez de luto<br \/>\nun rinc\u00f3n de lluvia<br \/>\ncomo \u00faltima patria.<br \/>\n<img loading=\"lazy\" decoding=\"async\" class=\"aligncenter  wp-image-8515\" src=\"https:\/\/tiberiades.org\/wp-content\/uploads\/2024\/01\/2.jpeg\" alt=\"\" width=\"601\" height=\"839\" srcset=\"https:\/\/tiberiades.org\/wp-content\/uploads\/2024\/01\/2.jpeg 1373w, https:\/\/tiberiades.org\/wp-content\/uploads\/2024\/01\/2-215x300.jpeg 215w, https:\/\/tiberiades.org\/wp-content\/uploads\/2024\/01\/2-733x1024.jpeg 733w, https:\/\/tiberiades.org\/wp-content\/uploads\/2024\/01\/2-768x1072.jpeg 768w, https:\/\/tiberiades.org\/wp-content\/uploads\/2024\/01\/2-1100x1536.jpeg 1100w\" sizes=\"auto, (max-width: 601px) 100vw, 601px\" \/><\/p>\n<h4 style=\"padding-left: 40px;\"><strong>Disecci\u00f3n de un poema<\/strong><\/h4>\n<p style=\"padding-left: 40px;\">Oler su carne<br \/>\ntocar su rojo misterio<br \/>\nesparcido r\u00edo<br \/>\nen la hoja<br \/>\nmoviendo horizontes.<\/p>\n<p style=\"padding-left: 40px;\">Quiero recorrer<br \/>\nsu circulaci\u00f3n sangu\u00ednea<br \/>\ndesde el origen<br \/>\nsentir el fuego<br \/>\nde cada letra.<\/p>\n<p style=\"padding-left: 40px;\">Quiero saber<br \/>\ncon qu\u00e9\u00a0 pulsi\u00f3n<br \/>\ntrasport\u00f3 S\u00e1enz<br \/>\nla noche pace\u00f1a<br \/>\nde vena en vena.<\/p>\n<p style=\"padding-left: 40px;\">Abrir<br \/>\nsus versos<br \/>\nescuchar los pasos<br \/>\ndel aparapita<br \/>\ncargar en su sombra<br \/>\nsiempre cargando<br \/>\nvida y muerte.<\/p>\n<h4 style=\"padding-left: 40px;\"><strong>Arte po\u00e9tica\/Palabras<\/strong><\/h4>\n<p style=\"padding-left: 40px;\">Llevo dentro<br \/>\nuna luci\u00e9rnaga<br \/>\nherida<br \/>\nsobre las palabras<br \/>\nc\u00f3mo sostener su luz<br \/>\nsin condenarla<br \/>\nal dolor.<br \/>\nMi escritura<br \/>\nbusca zurcir la carne.<br \/>\nMientras la aguja<br \/>\nva cosiendo<br \/>\nlos piquetes de la memoria.<br \/>\nSon mis ojos<br \/>\nesperando tinta<br \/>\ncomo la lluvia<br \/>\naguarda su arena.<\/p>\n<p style=\"padding-left: 40px;\">Desde las entra\u00f1as<br \/>\ndel lenguaje<br \/>\nme va creciendo<br \/>\nla luz de luci\u00e9rnaga<\/p>\n<p style=\"padding-left: 40px;\">Se prepara<br \/>\neste cuerpo<br \/>\nes una selva erguida.<br \/>\nQueriendo<br \/>\nhilar todo el fuego<br \/>\nde las palabras<br \/>\n<em>y hacer pasar<br \/>\nsobre la sangre<br \/>\n<\/em>toda la poes\u00eda.<\/p>\n<figure id=\"attachment_8509\" aria-describedby=\"caption-attachment-8509\" style=\"width: 814px\" class=\"wp-caption aligncenter\"><img loading=\"lazy\" decoding=\"async\" class=\"size-full wp-image-8509\" src=\"https:\/\/tiberiades.org\/wp-content\/uploads\/2024\/01\/3-Valeria-Sandi-leyendo-poemas-de-su-antologia-en-el-Aula-Magna-de-la-Facultad-de-Filologia.-Universidad-de-Salamanca-foto-de-Alex-Lorrys.jpg\" alt=\"\" width=\"814\" height=\"929\" srcset=\"https:\/\/tiberiades.org\/wp-content\/uploads\/2024\/01\/3-Valeria-Sandi-leyendo-poemas-de-su-antologia-en-el-Aula-Magna-de-la-Facultad-de-Filologia.-Universidad-de-Salamanca-foto-de-Alex-Lorrys.jpg 814w, https:\/\/tiberiades.org\/wp-content\/uploads\/2024\/01\/3-Valeria-Sandi-leyendo-poemas-de-su-antologia-en-el-Aula-Magna-de-la-Facultad-de-Filologia.-Universidad-de-Salamanca-foto-de-Alex-Lorrys-263x300.jpg 263w, https:\/\/tiberiades.org\/wp-content\/uploads\/2024\/01\/3-Valeria-Sandi-leyendo-poemas-de-su-antologia-en-el-Aula-Magna-de-la-Facultad-de-Filologia.-Universidad-de-Salamanca-foto-de-Alex-Lorrys-768x877.jpg 768w\" sizes=\"auto, (max-width: 814px) 100vw, 814px\" \/><figcaption id=\"caption-attachment-8509\" class=\"wp-caption-text\">Valer\u00eda Sandi leyendo poemas de su antolog\u00eda en el Aula Magna de la Facultad de Filolog\u00eda. Universidad de Salamanca (foto de Alex Lorrys)<\/figcaption><\/figure>\n<h4 style=\"padding-left: 40px;\"><strong>Oraci\u00f3n a la lluvia<\/strong><\/h4>\n<p style=\"padding-left: 40px;\">No importa<br \/>\ncuanta sal<br \/>\nagregues al cielo<br \/>\nformando una cruz<br \/>\ny repitas<br \/>\n<em>\u201cAgua<br \/>\nvete de aqu\u00ed\u201d.<\/em><\/p>\n<p style=\"padding-left: 40px;\">No importa<br \/>\ncu\u00e1nto incienso<br \/>\nenciendas<br \/>\ncerca de tu almohada<br \/>\ns\u00ed desde tu centro<br \/>\nel dolor<br \/>\ncae en gotas.<\/p>\n<p style=\"padding-left: 40px;\">Conozco<br \/>\nlos que exprimen<br \/>\nlas toallas<br \/>\nrepitiendo<br \/>\n<em>\u201cRegresa<br \/>\npor donde viniste<br \/>\nAgua<br \/>\nno atormentes<br \/>\nm\u00e1s con tu presencia\u201d.<\/em><\/p>\n<p style=\"padding-left: 40px;\">Hoy<br \/>\nme niego<br \/>\na creer<br \/>\nen\u00a0 la oraci\u00f3n<br \/>\ncertera<br \/>\nen el ritual<br \/>\nsecando lluvias<br \/>\nsi las gotas<br \/>\nviven sobre nosotros<br \/>\nnos marcaron<br \/>\ndesde nuestra infancia.<\/p>\n<p style=\"padding-left: 40px;\">Su atm\u00f3sfera h\u00fameda<br \/>\nnos habita la mirada.<br \/>\nLa noche<br \/>\nse completa<br \/>\ncon el torrente<br \/>\nde sus aguas.<br \/>\nNadie<br \/>\ndeber\u00eda<br \/>\nescaparse<br \/>\nde su reflejo<br \/>\nnadie<br \/>\ndeber\u00eda huir<br \/>\nde la lluvia<br \/>\ndiluvio que agita nuestra vida<br \/>\nhace crecer<br \/>\nnuevos frutos<br \/>\nsalva hombres<br \/>\ncon su seco dolor.<\/p>\n<p style=\"padding-left: 40px;\">Deber\u00edamos invertir<br \/>\nlos rituales de la cruz<br \/>\nentregar<br \/>\nnuestro da\u00f1o<br \/>\na sus aguas<br \/>\nlavar nuestras heridas.<\/p>\n<p style=\"padding-left: 40px;\">Esta vez<br \/>\ninvoco m\u00e1s lluvia<br \/>\n<em>ya clav\u00e9 mis cuchillos<br \/>\ncolgu\u00e9 las tijeras<br \/>\n<\/em>tend\u00ed mi sombra.<\/p>\n<p style=\"padding-left: 40px;\">Arroj\u00e9<br \/>\ntodas mis cenizas al cielo.<\/p>\n<h4 style=\"padding-left: 40px;\"><strong>Hojas<\/strong><\/h4>\n<p style=\"padding-left: 40px;\">Al finalizar<br \/>\ncada segundo<br \/>\ncaen vidas.<\/p>\n<p style=\"padding-left: 40px;\">Recojo<br \/>\nlos colores<br \/>\nde las hojas<br \/>\ndisecadas<br \/>\nen el tiempo.<\/p>\n<p style=\"padding-left: 40px;\">Recorro<br \/>\nojos<br \/>\nde las \u00faltimas<br \/>\nmiradas.<\/p>\n<p style=\"padding-left: 40px;\">Es oto\u00f1o<br \/>\nuna estaci\u00f3n<br \/>\nde piel seca<br \/>\nsobre callejones<\/p>\n<p style=\"padding-left: 40px;\">Es la vida<br \/>\nun recolectar<br \/>\nde hojas<br \/>\npara el refugio<br \/>\nde las palabras.<br \/>\nEs el tiempo<br \/>\nuna escritura breve<br \/>\nde aquello<br \/>\nsilenciado<br \/>\npor la sombra.<\/p>\n<p><strong><em>Valeria Sandi Pe\u00f1a <\/em><\/strong><em>(Santa Cruz, Bolivia, 1991). Escritora y abogada. Public\u00f3 los poemarios Ambidiestros (2014) en coautor\u00eda, La luna lleva sal, (2016, 2018), Rinc\u00f3n de lluvia (2018,2019,2022), Ra\u00edz de Ceniza (2020), Antolog\u00eda po\u00e9tica Lluvia de Sal (2022), Sombra en la palabra (2023). Ha participado en festivales y encuentros nacionales e internacionales. Forma parte de la editorial Literatelia para Bolivia y la revista Galer\u00eda del Alma (M\u00e9xico). Dirige el colectivo literario Trueque Po\u00e9tico, el Festival Internacional de Poes\u00eda Joven Jaur\u00eda de Palabras y el Encuentro Latinoamericano de poes\u00eda Jaur\u00eda de palabras. Ha recibido las distinciones de poeta joven con potencial para compartir otorgado por el Centro Cultural San Isidro 2018 y por su aporte y dedicaci\u00f3n constante a la cultura del pa\u00eds por el Ministerio de Culturas y Turismo de Bolivia 2019.<\/em><\/p>\n<figure id=\"attachment_8510\" aria-describedby=\"caption-attachment-8510\" style=\"width: 825px\" class=\"wp-caption aligncenter\"><img loading=\"lazy\" decoding=\"async\" class=\"size-full wp-image-8510\" src=\"https:\/\/tiberiades.org\/wp-content\/uploads\/2024\/01\/4-Valeria-Sandi-en-la-Plaza-Mayor-de-Salamanca.jpg\" alt=\"\" width=\"825\" height=\"529\" srcset=\"https:\/\/tiberiades.org\/wp-content\/uploads\/2024\/01\/4-Valeria-Sandi-en-la-Plaza-Mayor-de-Salamanca.jpg 825w, https:\/\/tiberiades.org\/wp-content\/uploads\/2024\/01\/4-Valeria-Sandi-en-la-Plaza-Mayor-de-Salamanca-300x192.jpg 300w, https:\/\/tiberiades.org\/wp-content\/uploads\/2024\/01\/4-Valeria-Sandi-en-la-Plaza-Mayor-de-Salamanca-768x492.jpg 768w\" sizes=\"auto, (max-width: 825px) 100vw, 825px\" \/><figcaption id=\"caption-attachment-8510\" class=\"wp-caption-text\">Valeria Sandi en la Plaza Mayor de Salamanca<\/figcaption><\/figure>\n<figure id=\"attachment_8511\" aria-describedby=\"caption-attachment-8511\" style=\"width: 2048px\" class=\"wp-caption aligncenter\"><img loading=\"lazy\" decoding=\"async\" class=\"size-full wp-image-8511\" src=\"https:\/\/tiberiades.org\/wp-content\/uploads\/2024\/01\/5-Guillermo-Pilia-Argentina-la-profesora-Eva-Guerrero-Espana-Valeria-Sandi-Jose-Perez-Alencar-Espana.jpg\" alt=\"\" width=\"2048\" height=\"1299\" srcset=\"https:\/\/tiberiades.org\/wp-content\/uploads\/2024\/01\/5-Guillermo-Pilia-Argentina-la-profesora-Eva-Guerrero-Espana-Valeria-Sandi-Jose-Perez-Alencar-Espana.jpg 2048w, https:\/\/tiberiades.org\/wp-content\/uploads\/2024\/01\/5-Guillermo-Pilia-Argentina-la-profesora-Eva-Guerrero-Espana-Valeria-Sandi-Jose-Perez-Alencar-Espana-300x190.jpg 300w, https:\/\/tiberiades.org\/wp-content\/uploads\/2024\/01\/5-Guillermo-Pilia-Argentina-la-profesora-Eva-Guerrero-Espana-Valeria-Sandi-Jose-Perez-Alencar-Espana-1024x650.jpg 1024w, https:\/\/tiberiades.org\/wp-content\/uploads\/2024\/01\/5-Guillermo-Pilia-Argentina-la-profesora-Eva-Guerrero-Espana-Valeria-Sandi-Jose-Perez-Alencar-Espana-768x487.jpg 768w, https:\/\/tiberiades.org\/wp-content\/uploads\/2024\/01\/5-Guillermo-Pilia-Argentina-la-profesora-Eva-Guerrero-Espana-Valeria-Sandi-Jose-Perez-Alencar-Espana-1536x974.jpg 1536w\" sizes=\"auto, (max-width: 2048px) 100vw, 2048px\" \/><figcaption id=\"caption-attachment-8511\" class=\"wp-caption-text\">Guillermo Pil\u00eda (Argentina), la profesora Eva Guerrero (Espa\u00f1a), Valeria Sandi, Jos\u00e9 P\u00e9rez Alencar (Espa\u00f1a)<\/figcaption><\/figure>\n<figure id=\"attachment_8512\" aria-describedby=\"caption-attachment-8512\" style=\"width: 1370px\" class=\"wp-caption aligncenter\"><img loading=\"lazy\" decoding=\"async\" class=\"size-full wp-image-8512\" src=\"https:\/\/tiberiades.org\/wp-content\/uploads\/2024\/01\/6LOSPO1.jpg\" alt=\"\" width=\"1370\" height=\"804\" srcset=\"https:\/\/tiberiades.org\/wp-content\/uploads\/2024\/01\/6LOSPO1.jpg 1370w, https:\/\/tiberiades.org\/wp-content\/uploads\/2024\/01\/6LOSPO1-300x176.jpg 300w, https:\/\/tiberiades.org\/wp-content\/uploads\/2024\/01\/6LOSPO1-1024x601.jpg 1024w, https:\/\/tiberiades.org\/wp-content\/uploads\/2024\/01\/6LOSPO1-768x451.jpg 768w\" sizes=\"auto, (max-width: 1370px) 100vw, 1370px\" \/><figcaption id=\"caption-attachment-8512\" class=\"wp-caption-text\">Los poetas Carlos L\u00f3pez Degregori (Per\u00fa), Ivonne Gordon (Ecuador), Mar Russo (Argentina), A. P. Alencart (Per\u00fa), Valeria Sandi (Bolivia), Jos\u00e9 Alfredo P\u00e9rez (Espa\u00f1a) y Alejandro Rej\u00f3n Huch\u00edn (M\u00e9xico)<\/figcaption><\/figure>\n<p><img loading=\"lazy\" decoding=\"async\" class=\"aligncenter  wp-image-8513\" src=\"https:\/\/tiberiades.org\/wp-content\/uploads\/2024\/01\/7.jpeg\" alt=\"\" width=\"576\" height=\"737\" srcset=\"https:\/\/tiberiades.org\/wp-content\/uploads\/2024\/01\/7.jpeg 1036w, https:\/\/tiberiades.org\/wp-content\/uploads\/2024\/01\/7-234x300.jpeg 234w, https:\/\/tiberiades.org\/wp-content\/uploads\/2024\/01\/7-800x1024.jpeg 800w, https:\/\/tiberiades.org\/wp-content\/uploads\/2024\/01\/7-768x983.jpeg 768w\" sizes=\"auto, (max-width: 576px) 100vw, 576px\" \/><\/p>\n<p><u><br \/>\n<\/u>\u00a0Imagen de cabecera: Valer\u00eda Sandi leyendo en el Teatro Liceo de Salamanca (foto de Alex Lorrys)<\/p>\n","protected":false},"excerpt":{"rendered":"<p>Tiber\u00edades se congratula de publicar una muestra de la antolog\u00eda \u2018Lluvia de Sal\u2019 (Gobierno de Santa Cruz de la Sierra, 2022) Frecuencia card\u00edaca Un latido del tiempo cambia la pulsi\u00f3n de la ola Abre la boca encuentra tu voz Lleva mar adentro su eco a mi memoria. El ritual del agua suspende en puntillas mi sangre cuando los a\u00f1os me [&hellip;]<\/p>\n","protected":false},"author":2,"featured_media":8514,"comment_status":"open","ping_status":"closed","sticky":false,"template":"","format":"standard","meta":{"footnotes":""},"categories":[19],"tags":[762,761],"class_list":["post-8516","post","type-post","status-publish","format-standard","has-post-thumbnail","hentry","category-poemas-de","tag-valeria-sandi","tag-xxvi-encuentro-de-poetas-iberoamericanos"],"_links":{"self":[{"href":"https:\/\/tiberiades.org\/index.php?rest_route=\/wp\/v2\/posts\/8516","targetHints":{"allow":["GET"]}}],"collection":[{"href":"https:\/\/tiberiades.org\/index.php?rest_route=\/wp\/v2\/posts"}],"about":[{"href":"https:\/\/tiberiades.org\/index.php?rest_route=\/wp\/v2\/types\/post"}],"author":[{"embeddable":true,"href":"https:\/\/tiberiades.org\/index.php?rest_route=\/wp\/v2\/users\/2"}],"replies":[{"embeddable":true,"href":"https:\/\/tiberiades.org\/index.php?rest_route=%2Fwp%2Fv2%2Fcomments&post=8516"}],"version-history":[{"count":1,"href":"https:\/\/tiberiades.org\/index.php?rest_route=\/wp\/v2\/posts\/8516\/revisions"}],"predecessor-version":[{"id":8517,"href":"https:\/\/tiberiades.org\/index.php?rest_route=\/wp\/v2\/posts\/8516\/revisions\/8517"}],"wp:featuredmedia":[{"embeddable":true,"href":"https:\/\/tiberiades.org\/index.php?rest_route=\/wp\/v2\/media\/8514"}],"wp:attachment":[{"href":"https:\/\/tiberiades.org\/index.php?rest_route=%2Fwp%2Fv2%2Fmedia&parent=8516"}],"wp:term":[{"taxonomy":"category","embeddable":true,"href":"https:\/\/tiberiades.org\/index.php?rest_route=%2Fwp%2Fv2%2Fcategories&post=8516"},{"taxonomy":"post_tag","embeddable":true,"href":"https:\/\/tiberiades.org\/index.php?rest_route=%2Fwp%2Fv2%2Ftags&post=8516"}],"curies":[{"name":"wp","href":"https:\/\/api.w.org\/{rel}","templated":true}]}}