{"id":8554,"date":"2024-01-23T13:53:56","date_gmt":"2024-01-23T12:53:56","guid":{"rendered":"https:\/\/tiberiades.org\/?p=8554"},"modified":"2024-01-23T13:54:11","modified_gmt":"2024-01-23T12:54:11","slug":"tres-poemas-de-jose-alfredo-perez-alencar-traducidos-al-italiano-por-karin-chirinos","status":"publish","type":"post","link":"https:\/\/tiberiades.org\/?p=8554","title":{"rendered":"Tres poemas de Jos\u00e9 Alfredo P\u00e9rez Alencar traducidos al italiano por Kar\u00edn Chirinos"},"content":{"rendered":"<p>&nbsp;<\/p>\n<p><em>Tiber\u00edades agradece al poeta Jos\u00e9 Alfredo P\u00e9rez Alencar (Salamanca, 1994) por permitirnos difundir estos poemas suyos recientemente traducidos por la poeta Kar\u00edn Chirinos, profesora de la Universidad La Sapienza, de Roma. Los mismos ser\u00e1n le\u00eddos en Roma y otras ciudades del sur de Italia<\/em><\/p>\n<p><strong><\/p>\n<p><\/strong><\/p>\n<table width=\"680\">\n<tbody>\n<tr>\n<td width=\"331\">\n<h4><strong>HERM\u00c9TICA LLAMA<\/strong><\/h4>\n<p>Cu\u00e1n herm\u00e9tica es la llama del est\u00edo.<br \/>\nSu opulencia parece nutrir una luz negra<br \/>\nen las miradas, que caen cual olas<br \/>\nsobre la espiga ajena.<\/p>\n<p>Pr\u00f3jimos cuyas yermas internas<br \/>\nson el sentencioso pan\u00f3ptico, otrora entusiasta,<br \/>\nahora servil insumo de humeantes efigies,<br \/>\nreminiscencia de heridas pasadas<br \/>\ncombustionando<br \/>\nante tan desconcertante homenaje.<\/p>\n<p>Solo queda sumirse<br \/>\nen el maravilloso ungimiento de la vulgaridad<br \/>\no, en la quim\u00e9rica rafia<br \/>\nescondida tras aquella luz negra<br \/>\nde ciertos despertares.<\/p>\n<p>As\u00ed los levantamientos,<br \/>\nerigidos como protagonistas<br \/>\nde la homil\u00e9tica ausente,<br \/>\nreniegan ante la llama de amor viva<br \/>\ndescrita por el venerable l\u00edrico,<br \/>\npues a cada instante<br \/>\nvocifera el aliento de las empalizadas,<br \/>\ngest\u00e1ndose el amor propio en forma de ballesta<br \/>\nque lanza distancia con los semejantes.<\/p>\n<p>Y, al fundirnos con el irreverente instrumento,<\/p>\n<p>pretendemos ascender, esparcirnos,<br \/>\nser exhalados por el tiempo,<br \/>\nconsumidos por la imperiosa necesidad<br \/>\nde cesar todo aquello<br \/>\ndiscordante con el juicio ajeno.<\/p>\n<p>Cu\u00e1n herm\u00e9tica ser\u00e1 la llama del est\u00edo,<br \/>\nal intercambiar la resiliencia<br \/>\npor la exacerbada luminaria<br \/>\nde las modas sociales.<\/td>\n<td width=\"350\">\n<h4><strong><em>FIAMMA ERMETICA<\/em><\/strong><\/h4>\n<p><em><br \/>\nQuanto ermetica \u00e8 la fiamma dell&#8217;estate.<br \/>\nLa sua opulenza sembra nutrire una luce nera<br \/>\nnegli sguardi, che cadono come onde<br \/>\nsulla spiga altrui.<\/em><\/p>\n<p><em>I prossimi i cui deserti interiori<br \/>\nsono il sentenzioso panopticon, un tempo entusiasta, ora asservita materia prima di fumanti effigi,<br \/>\nreminiscenza di ferite passate<br \/>\nardendo<br \/>\ndinanzi a un tributo cos\u00ec sconcertante.<\/em><\/p>\n<p><em>Non resta che sprofondare<br \/>\nnel meraviglioso unguento della volgarit\u00e0<br \/>\noppure, nella chimerica rafia<br \/>\nnascosta dietro quella luce nera<br \/>\ndi certi risvegli.<\/em><\/p>\n<p><em>Cos\u00ec le rivolte<br \/>\nerette come protagoniste<br \/>\ndell\u2019omiletica assente,<br \/>\nripiegano davanti alla fiamma viva dell&#8217;amore<br \/>\ndescritta dal venerando lirista,<br \/>\npoich\u00e9 in ogni istante<br \/>\nvocifera il respiro delle palizzate,<br \/>\nsviluppando l&#8217;amor proprio in forma di balestra<br \/>\nche getta distanza con i simili.<\/em><\/p>\n<p><em>E, al fonderci con lo strumento irriverente<\/em><\/p>\n<p><em>pretendiamo ascendere, diffonderci,<br \/>\nessere esalati dal tempo,<br \/>\nconsumati dall&#8217;imperiosa necessit\u00e0<br \/>\ndi fermare tutto ci\u00f2<br \/>\ndiscordante con il giudizio degli altri.<\/em><\/p>\n<p><em>Quanto ermetica sar\u00e0 la fiamma dell&#8217;estate,<br \/>\nal scambiare la resilienza<br \/>\nper l\u00b4esacerbato luminare<br \/>\ndelle mode sociali.<\/em><\/p>\n<p><em>\u00a0<\/em><\/p>\n<p><strong><em>\u00a0<\/em><\/strong><\/td>\n<\/tr>\n<tr>\n<td width=\"331\">\n<h4><strong>PUMA DE PIEDRA<\/strong><\/h4>\n<p>Vengo de la Ciudad de los Reyes<br \/>\npara ascender de la enigm\u00e1tica selva<br \/>\na la tierra donde las monta\u00f1as<br \/>\nson vestidas por el cielo.<\/p>\n<p>As\u00ed llego a ti, Puma de Piedra,<br \/>\navanzando entre las totoras,<br \/>\nmientras la Waira curte mis mejillas<br \/>\ny mis ojos acarician lejanos cerros.<\/p>\n<p>Aqu\u00ed, sobre aguas y leyendas,<br \/>\nquedan inmortalizados pensamientos<br \/>\nque ya no llevar\u00e9 conmigo.<\/p>\n<p>Aqu\u00ed, en este lago, la g\u00e9lida inmensidad,<br \/>\navivada por los vaivenes de la popa,<br \/>\nme funde con el para\u00edso<br \/>\nante la omnipresente figura<br \/>\ndel mitol\u00f3gico Inti.<\/p>\n<p>Esta incomprensible magnitud de la naturaleza<br \/>\nme predispone a sentir odiseas<br \/>\nde culturas ancestrales<br \/>\nobsequiando las m\u00e1s profunda de las ataraxias.<\/p>\n<p>Por eso pregunto, a las ahora mansas olas,<br \/>\nc\u00f3mo ser\u00e1 tu noche<br \/>\npara poder construir versos<br \/>\nsobre los momentos en que la Killa<br \/>\nse adue\u00f1a de tu forma.<\/p>\n<p>Por eso me rindo<br \/>\nante la fuerza de tu nombre,<br \/>\nconvirti\u00e9ndolo en un inc\u00f3lume retal<br \/>\nde mis a\u00f1os de vida.<\/p>\n<p>Puma de Piedra, donde los Phuyu<br \/>\nunen los colores del horizonte:<br \/>\ntornas la fascinaci\u00f3n en paz.<\/p>\n<p><em>Para mi t\u00edo Carlos Domingo P\u00e9rez Alencar,<br \/>\nCon gran amor.<\/em><\/p>\n<p><strong>\u00a0<\/strong><\/td>\n<td width=\"350\">\n<h4><strong><em>PUMA DI PIETRA<\/em><\/strong><\/h4>\n<p><em>Vengo dalla Citt\u00e0 dei Re<br \/>\nper ascendere dall&#8217;enigmatica selva<br \/>\nnella terra dove le montagne<br \/>\nsono rivestite dal cielo.<\/em><\/p>\n<p><em>\u00c8 cos\u00ec che arrivo a te, Puma di Pietra,<br \/>\navanzando tra le totoras,<br \/>\nmentre la Waira segna le mie guance<br \/>\ne i miei occhi accarezzano lontane colline.<\/em><\/p>\n<p><em>Qui, al di sopra delle acque e delle leggende,<br \/>\nrimangono immortalati i pensieri<br \/>\nche non porter\u00f2 pi\u00f9 con me.<\/em><\/p>\n<p><em>Qui, in questo lago, la gelida immensit\u00e0,<br \/>\nravvivata dalle oscillazioni della poppa,<br \/>\nmi fonde con il paradiso<br \/>\ndavanti all\u2019onnipresente figura<br \/>\ndel mitologico Inti.<\/em><\/p>\n<p><em>Questa incomprensibile grandezza della natura<br \/>\nmi predispone a sentire odissee<br \/>\ndi culture ancestrali<br \/>\nossequiando le pi\u00f9 profonde delle atarassie.<\/em><\/p>\n<p><em>Per questo domando, alle onde ormai mansuete,<br \/>\ncome sar\u00e0 la tua notte<br \/>\nper saper costruire versi<br \/>\nsui momenti in cui la Killa<br \/>\nsi impadronisce della tua forma.<\/em><\/p>\n<p><em>Per questo mi arrendo<br \/>\ndinanzi alla forza del tuo nome,<br \/>\ntrasformandolo in una stoffa incolume<br \/>\ndei miei anni di vita.<\/em><\/p>\n<p><em>Puma di Piedra, dove i Phuyu<br \/>\nuniscono i colori dell&#8217;orizzonte:<br \/>\ntrasformi il fascino in pace.<\/em><\/p>\n<p><em><br \/>\nPer mio zio Carlos Domingo P\u00e9rez Alencar,<br \/>\nCon grande amore.<\/em><\/p>\n<p><em>\u00a0<\/em><\/p>\n<p><em>\u00a0<\/em><\/td>\n<\/tr>\n<tr>\n<td width=\"331\">\n<h4><strong><br \/>\n<\/strong><strong>CUANDO VUELVO A SER<\/strong><\/h4>\n<p>Soy yo, nombre inexacto.<br \/>\nS\u00f3lo vengo a recuperar el calor<br \/>\nde tus mejillas<\/p>\n<p>Y despu\u00e9s, \u00bfqu\u00e9?<\/p>\n<p>No nos queda nada,<br \/>\nsalvo esas palabras que acumulo<br \/>\nen tu sabana.<\/p>\n<p>Eres mi guerrera de pocos mundos,<br \/>\npues solo detentas el tuyo<br \/>\ny el m\u00edo<\/p>\n<p>Di mi nombre otra vez.<br \/>\nDilo para que crea salvarte,<br \/>\ncuando en realidad<br \/>\ntu figura es mi ant\u00eddoto.<\/p>\n<p>Y cr\u00e9ame o cr\u00e9eme<br \/>\nen esas pocas palabras,<br \/>\ncuando vuelvo a ser,<br \/>\nya desnudo sobre tu espalda.<\/td>\n<td width=\"350\">\n<h4><strong><em><br \/>\n<\/em><\/strong><strong><em>QUANDO TORNO A ESSERE<\/em><\/strong><\/h4>\n<p><em>Sono io, nome impreciso.<br \/>\nSolamente vengo a recuperare il calore<br \/>\ndelle tue guance<\/em><\/p>\n<p><em>E dopo, che cosa?<\/em><\/p>\n<p><em>Non ci rimane nulla,<br \/>\neccetto quelle parole che accumulo<br \/>\nsul tuo lenzuolo<\/em><\/p>\n<p><em>Sei la mia guerriera di pochi mondi,<br \/>\nperch\u00e9 solo detieni il tuo<br \/>\ne il mio<\/em><\/p>\n<p><em>Di&#8217; il mio nome una volta ancora.<br \/>\nDillo affinch\u00e9 io creda di salvarti,<br \/>\nquando in realt\u00e0<br \/>\nla tua figura \u00e8 il mio antidoto.<\/em><\/p>\n<p><em>E creami o credimi<br \/>\nin quelle poche parole,<br \/>\nquando torno a essere,<br \/>\ngiaccio gi\u00e0 nudo sulla tua schiena.<\/p>\n<p><\/em><\/td>\n<\/tr>\n<\/tbody>\n<\/table>\n<figure id=\"attachment_8552\" aria-describedby=\"caption-attachment-8552\" style=\"width: 2560px\" class=\"wp-caption aligncenter\"><img loading=\"lazy\" decoding=\"async\" class=\"size-full wp-image-8552\" src=\"https:\/\/tiberiades.org\/wp-content\/uploads\/2024\/01\/2-Jose-Alfredo-Perez-Alencar-en-la-Sala-de-la-Palabra-del-Teatro-Liceo-foto-de-Alex-Lorrys-scaled.jpg\" alt=\"\" width=\"2560\" height=\"2363\" srcset=\"https:\/\/tiberiades.org\/wp-content\/uploads\/2024\/01\/2-Jose-Alfredo-Perez-Alencar-en-la-Sala-de-la-Palabra-del-Teatro-Liceo-foto-de-Alex-Lorrys-scaled.jpg 2560w, https:\/\/tiberiades.org\/wp-content\/uploads\/2024\/01\/2-Jose-Alfredo-Perez-Alencar-en-la-Sala-de-la-Palabra-del-Teatro-Liceo-foto-de-Alex-Lorrys-300x277.jpg 300w, https:\/\/tiberiades.org\/wp-content\/uploads\/2024\/01\/2-Jose-Alfredo-Perez-Alencar-en-la-Sala-de-la-Palabra-del-Teatro-Liceo-foto-de-Alex-Lorrys-1024x945.jpg 1024w, https:\/\/tiberiades.org\/wp-content\/uploads\/2024\/01\/2-Jose-Alfredo-Perez-Alencar-en-la-Sala-de-la-Palabra-del-Teatro-Liceo-foto-de-Alex-Lorrys-768x709.jpg 768w, https:\/\/tiberiades.org\/wp-content\/uploads\/2024\/01\/2-Jose-Alfredo-Perez-Alencar-en-la-Sala-de-la-Palabra-del-Teatro-Liceo-foto-de-Alex-Lorrys-1536x1418.jpg 1536w, https:\/\/tiberiades.org\/wp-content\/uploads\/2024\/01\/2-Jose-Alfredo-Perez-Alencar-en-la-Sala-de-la-Palabra-del-Teatro-Liceo-foto-de-Alex-Lorrys-2048x1891.jpg 2048w\" sizes=\"auto, (max-width: 2560px) 100vw, 2560px\" \/><figcaption id=\"caption-attachment-8552\" class=\"wp-caption-text\">Jos\u00e9 Alfredo P\u00e9rez Alencar en la Sala de la Palabra del Teatro Liceo (foto de Alex Lorrys)<\/figcaption><\/figure>\n<p><strong>\u00a0<\/strong><\/p>\n<figure id=\"attachment_8553\" aria-describedby=\"caption-attachment-8553\" style=\"width: 600px\" class=\"wp-caption alignleft\"><img loading=\"lazy\" decoding=\"async\" class=\"size-full wp-image-8553\" src=\"https:\/\/tiberiades.org\/wp-content\/uploads\/2024\/01\/2-La-poeta-y-profesora-Karin-Chirinos.jpg\" alt=\"\" width=\"600\" height=\"708\" srcset=\"https:\/\/tiberiades.org\/wp-content\/uploads\/2024\/01\/2-La-poeta-y-profesora-Karin-Chirinos.jpg 600w, https:\/\/tiberiades.org\/wp-content\/uploads\/2024\/01\/2-La-poeta-y-profesora-Karin-Chirinos-254x300.jpg 254w\" sizes=\"auto, (max-width: 600px) 100vw, 600px\" \/><figcaption id=\"caption-attachment-8553\" class=\"wp-caption-text\">La poeta y profesora Kar\u00edn Chirinos<\/figcaption><\/figure>\n<p><em>Kar\u00edn Chirinos Bravo es profesora de lengua espa\u00f1ola en la Universidad Sapienza de\u00a0\u00a0\u00a0 Roma desde 2019 y anteriormente de 2018 a 2001 en la Universidad de Catania (Sicilia), gan\u00f3 en el a\u00f1o 2000 la Medalla del Presidente de la Rep\u00fablica italiana en el concurso para escritores migrantes residentes en Italia \u201cEks &amp; Tra\u201d. La obra ganadora est\u00e1 incluida en Il doppio sguardo, culture allo specchio (ADNKronos Libri, 2002). Desde 2001 ense\u00f1a lengua espa\u00f1ola en la Universidad de Catania (Sicilia) y desde 2019 es profesora a cargo de la c\u00e1tedra de Lengua espa\u00f1ola en la Universidad Sapienza de Roma. Obtuvo el t\u00edtulo de Doctora en Humanidades en la Universidad de Roma Tor Vergata con una tesis titulada: \u201cLa reescritura femenina de Ant\u00edgona en el teatro hispanoamericano contempor\u00e1neo\u201d, una investigaci\u00f3n de la que naci\u00f3 el ensayo Ant\u00edgonas del siglo XXI. Po\u00e9ticas del duelo y performatividad queer en el teatro femenino hispanoamericano contempor\u00e1neo (Nova Delphi, serie Estudios Literarios, 2019). Sus campos de investigaci\u00f3n se centran en el estudio del teatro hispanoamericano del siglo XXI (desde una perspectiva queer) y el an\u00e1lisis socioling\u00fc\u00edstico de las obras de l@s escritor@s en m\u00faltiples mundos, especialmente en la literatura hispanoamericana en Europa. Ha participado en varios congresos nacionales e internacionales y es autora de varios art\u00edculos cient\u00edficos. Ha participado en varios congresos nacionales e internacionales. Su poemario \u2018Arqueolog\u00eda de la ausencia\u2019 (Verbum. Madrid), fue publicado en 2021.<\/em><\/p>\n<p>&nbsp;<\/p>\n<p>&nbsp;<\/p>\n","protected":false},"excerpt":{"rendered":"<p>&nbsp; Tiber\u00edades agradece al poeta Jos\u00e9 Alfredo P\u00e9rez Alencar (Salamanca, 1994) por permitirnos difundir estos poemas suyos recientemente traducidos por la poeta Kar\u00edn Chirinos, profesora de la Universidad La Sapienza, de Roma. Los mismos ser\u00e1n le\u00eddos en Roma y otras ciudades del sur de Italia HERM\u00c9TICA LLAMA Cu\u00e1n herm\u00e9tica es la llama del est\u00edo. Su opulencia parece nutrir una luz [&hellip;]<\/p>\n","protected":false},"author":2,"featured_media":8551,"comment_status":"open","ping_status":"closed","sticky":false,"template":"","format":"standard","meta":{"footnotes":""},"categories":[175,19],"tags":[133,831],"class_list":["post-8554","post","type-post","status-publish","format-standard","has-post-thumbnail","hentry","category-alfredo-p-alencart","category-poemas-de","tag-jose-alfredo-perez-alencar","tag-karin-chirinos"],"_links":{"self":[{"href":"https:\/\/tiberiades.org\/index.php?rest_route=\/wp\/v2\/posts\/8554","targetHints":{"allow":["GET"]}}],"collection":[{"href":"https:\/\/tiberiades.org\/index.php?rest_route=\/wp\/v2\/posts"}],"about":[{"href":"https:\/\/tiberiades.org\/index.php?rest_route=\/wp\/v2\/types\/post"}],"author":[{"embeddable":true,"href":"https:\/\/tiberiades.org\/index.php?rest_route=\/wp\/v2\/users\/2"}],"replies":[{"embeddable":true,"href":"https:\/\/tiberiades.org\/index.php?rest_route=%2Fwp%2Fv2%2Fcomments&post=8554"}],"version-history":[{"count":1,"href":"https:\/\/tiberiades.org\/index.php?rest_route=\/wp\/v2\/posts\/8554\/revisions"}],"predecessor-version":[{"id":8555,"href":"https:\/\/tiberiades.org\/index.php?rest_route=\/wp\/v2\/posts\/8554\/revisions\/8555"}],"wp:featuredmedia":[{"embeddable":true,"href":"https:\/\/tiberiades.org\/index.php?rest_route=\/wp\/v2\/media\/8551"}],"wp:attachment":[{"href":"https:\/\/tiberiades.org\/index.php?rest_route=%2Fwp%2Fv2%2Fmedia&parent=8554"}],"wp:term":[{"taxonomy":"category","embeddable":true,"href":"https:\/\/tiberiades.org\/index.php?rest_route=%2Fwp%2Fv2%2Fcategories&post=8554"},{"taxonomy":"post_tag","embeddable":true,"href":"https:\/\/tiberiades.org\/index.php?rest_route=%2Fwp%2Fv2%2Ftags&post=8554"}],"curies":[{"name":"wp","href":"https:\/\/api.w.org\/{rel}","templated":true}]}}