{"id":8572,"date":"2024-02-02T09:59:30","date_gmt":"2024-02-02T08:59:30","guid":{"rendered":"https:\/\/tiberiades.org\/?p=8572"},"modified":"2024-02-02T10:13:22","modified_gmt":"2024-02-02T09:13:22","slug":"andrea-cabrera-estoy-y-otros-poemas-de-tiempos-distintos","status":"publish","type":"post","link":"https:\/\/tiberiades.org\/?p=8572","title":{"rendered":"Andrea Cabrera: \u2018Estoy\u2019 y otros poemas de tiempos distintos"},"content":{"rendered":"<p><em>Desde Tiber\u00edades les dejamos conocer ocho poemas in\u00e9ditos de la colombiana Andrea Cabrera. Aunque ella no se considera poeta, lo cierto es la viene acompa\u00f1ando desde su juventud. Los seis poemas de la segunda parte fueron escritos a los diecinueve a\u00f1os, y son los que pudo rescatar porque estaban en su correo. Sus cuadernos de poemas y canciones fueron destruidos por un salvaje con el que estuvo casada. Los dos primeros fueron escritos el pasado mes de diciembre. Las dos fotos de ella fueron hechas por Jos\u00e9 Montoya, su actual compa\u00f1ero.<\/em><\/p>\n<h3 style=\"padding-left: 40px;\">TIEMPO ACTUAL<\/h3>\n<h4 style=\"padding-left: 40px;\">ESTOY<\/h4>\n<p style=\"padding-left: 40px;\">Quise borrar de este libro tan sosiego<br \/>\nLa eternidad.<\/p>\n<p style=\"padding-left: 40px;\">Quise cerrarlo para siempre<br \/>\nPero encontr\u00f3 consuelo.<\/p>\n<p style=\"padding-left: 40px;\">Quise arrancar las palabras<br \/>\nQue determinaron su vitalidad<br \/>\nY tambi\u00e9n quise tallarlo como piedra<br \/>\nY se sostuvo cual diamante.<\/p>\n<p style=\"padding-left: 40px;\">Sin \u00e9xito logr\u00e9 su ausencia<br \/>\nY logr\u00e9 permanecer.<\/p>\n<h4 style=\"padding-left: 40px;\">DECISI\u00d3N<\/h4>\n<p style=\"padding-left: 40px;\">Taciturna se encontraba la noche<br \/>\nQue acompa\u00f1\u00f3 los recuerdos tormentosos de mi pecho.<\/p>\n<p style=\"padding-left: 40px;\">Como una vor\u00e1gine<br \/>\nMi conciencia derrot\u00f3 cada imagen<br \/>\nQue en la lontananza del olvido se exiliaron sus latidos.<\/p>\n<p style=\"padding-left: 40px;\">La claridad de la aurora<br \/>\nTrajo destellos que tornasolaron mi soledad,<br \/>\nSoledad que un d\u00eda intento recordar<br \/>\nY solo vio el espejismo<br \/>\nDe un tiempo et\u00e9reo sin luz.<\/p>\n<p style=\"padding-left: 40px;\">No hall\u00f3 vitalidad en ellos,<br \/>\nDejaron de ser aquella herida abierta<br \/>\nQue dol\u00eda en el ayer.<\/p>\n<h3 style=\"padding-left: 40px;\">TIEMPO PASADO<\/h3>\n<h3 style=\"padding-left: 40px;\">I PARTE<\/h3>\n<h4 style=\"padding-left: 40px;\">NO VAYA A SER TU DESTINO LEJOS DEL MIO<\/h4>\n<p style=\"padding-left: 40px;\">En una \u00e9poca arrasada,<br \/>\nen una luna op\u00e1lida,<br \/>\ndisvariado encuentro hoy mi pensamiento.<\/p>\n<p style=\"padding-left: 40px;\">Rescato mis ilusiones del olvido y<br \/>\npalpita en mi interior un coraz\u00f3n desconocido,<br \/>\nhermoso y quiz\u00e1 distante&#8230;<br \/>\nEs tu coraz\u00f3n amado m\u00edo.<\/p>\n<p style=\"padding-left: 40px;\">\u00bfCu\u00e1ndo llegar\u00e1s?<\/p>\n<p style=\"padding-left: 40px;\">Mu\u00e9strame su camino, oh Dios,<br \/>\nno me alejes de \u00e9l<br \/>\nno vaya a ser tu destino, amado m\u00edo,<br \/>\nlejos del m\u00edo.<\/p>\n<h4 style=\"padding-left: 40px;\">REAVIVO MIS ILUSIONES Y TE DIVISO<\/h4>\n<p style=\"padding-left: 40px;\">En mis pensamientos te he dibujado.<\/p>\n<p style=\"padding-left: 40px;\">Entre r\u00edos de azucenas a mi lado te he so\u00f1ado<br \/>\npor t\u00ed siempre he esperado.<\/p>\n<p style=\"padding-left: 40px;\">Juegos que despertientan pasiones,<br \/>\nexpectativas de larga espera de nuestra promesa,<br \/>\nque revelada por Dios<br \/>\nnos prepar\u00f3.<\/p>\n<p style=\"padding-left: 40px;\">Todo de m\u00ed le diste para ir tras de \u00e9l,<br \/>\ntodo de \u00e9l me diste para que me encontrara.<\/p>\n<p style=\"padding-left: 40px;\">Dios nos permit\u00eda so\u00f1ar.<\/p>\n<p style=\"padding-left: 40px;\">Dios nos permit\u00eda jugar.<\/p>\n<h3 style=\"padding-left: 40px;\">II PARTE<\/h3>\n<h4 style=\"padding-left: 40px;\">DECLARACI\u00d3N<\/h4>\n<p style=\"padding-left: 40px;\">Aunque no se hablar de amor<br \/>\nde lo que en verdad sentimos los dos<br \/>\nconf\u00edo tu caminar a mi lado.<br \/>\nLejos de la mentira vulgar,<br \/>\ndel dolor estridente o del altivo recuerdo de otra persona.<\/p>\n<p style=\"padding-left: 40px;\">El amor es creyente y estoy en tus manos.<\/p>\n<p style=\"padding-left: 40px;\">El aire es dulce al respirarlo cuando estamos juntos.<\/p>\n<p style=\"padding-left: 40px;\">Cuando es de noche,<br \/>\ncuando es de d\u00eda,<br \/>\ncuanto m\u00e1s te amo.<\/p>\n<p style=\"padding-left: 40px;\">No veo lo que os dirige, pero,<br \/>\npuedo percibirlo<br \/>\nen tu voz,<br \/>\nen los labios que me besar\u00e1n<br \/>\ne iluminar\u00e1n como rayos de sol en una limpia ma\u00f1ana.<\/p>\n<p style=\"padding-left: 40px;\">\u00bfA d\u00f3nde os llevar\u00e1 Dios?<\/p>\n<p style=\"padding-left: 40px;\">Mar murmurante, tambores redoblando&#8230;<\/p>\n<p style=\"padding-left: 40px;\">Tan s\u00f3lo una acci\u00f3n lo dir\u00e1.<\/p>\n<figure id=\"attachment_8569\" aria-describedby=\"caption-attachment-8569\" style=\"width: 1121px\" class=\"wp-caption aligncenter\"><img loading=\"lazy\" decoding=\"async\" class=\"size-full wp-image-8569\" src=\"https:\/\/tiberiades.org\/wp-content\/uploads\/2024\/02\/2-Andrea-Cabrera-en-la-Plaza-Jairo-Varela-de-Medellin.jpeg\" alt=\"\" width=\"1121\" height=\"647\" srcset=\"https:\/\/tiberiades.org\/wp-content\/uploads\/2024\/02\/2-Andrea-Cabrera-en-la-Plaza-Jairo-Varela-de-Medellin.jpeg 1121w, https:\/\/tiberiades.org\/wp-content\/uploads\/2024\/02\/2-Andrea-Cabrera-en-la-Plaza-Jairo-Varela-de-Medellin-300x173.jpeg 300w, https:\/\/tiberiades.org\/wp-content\/uploads\/2024\/02\/2-Andrea-Cabrera-en-la-Plaza-Jairo-Varela-de-Medellin-1024x591.jpeg 1024w, https:\/\/tiberiades.org\/wp-content\/uploads\/2024\/02\/2-Andrea-Cabrera-en-la-Plaza-Jairo-Varela-de-Medellin-768x443.jpeg 768w\" sizes=\"auto, (max-width: 1121px) 100vw, 1121px\" \/><figcaption id=\"caption-attachment-8569\" class=\"wp-caption-text\">Andrea Cabrera en la Plaza Jairo Varela, de Cali<\/figcaption><\/figure>\n<h4 style=\"padding-left: 40px;\">LOS VERSOS SE ENCIERRAN EN MI SUSPIRO<\/h4>\n<p style=\"padding-left: 40px;\">Mi coraz\u00f3n palpita radiante ante tus ojos,<br \/>\nun destello de tu alma atrae mi mirada.<\/p>\n<p style=\"padding-left: 40px;\">Mostradme c\u00f3mo se enamoran nuestras vidas,<br \/>\nc\u00f3mo perciben la alegr\u00eda nuestras almas,<br \/>\nc\u00f3mo cristalinas se embriagan.<\/p>\n<p style=\"padding-left: 40px;\">Embriagadme en tu ser,<br \/>\nen los corceles negros y finos<br \/>\nque adornan el amanecer de tus ojos.<\/p>\n<p style=\"padding-left: 40px;\">Leedme en mi o\u00eddo<br \/>\nesa sensaci\u00f3n atrevida,<br \/>\nese poeta en su rima.<\/p>\n<p style=\"padding-left: 40px;\">Sus\u00farrame en los labios<br \/>\nque cuando los tocas<br \/>\nes el verde ameno,<br \/>\nes el valle,<br \/>\nes la rosa.<\/p>\n<p style=\"padding-left: 40px;\">O\u00edd vuestras vidas realizadas<br \/>\nen el cielo eterno,<br \/>\nen el aire que respiras<br \/>\nen el viento fresco.<\/p>\n<p style=\"padding-left: 40px;\">Sentid<br \/>\nc\u00f3mo nuestras almas<br \/>\nse entrelazan y se aman.<\/p>\n<p style=\"padding-left: 40px;\">Sentid<br \/>\nc\u00f3mo nuestros corazones<br \/>\nunidos palpitan,<br \/>\nal tiempo de un suspiro,<br \/>\na nuestro ritmo.<\/p>\n<p style=\"padding-left: 40px;\">Sentid<br \/>\nc\u00f3mo unidos<br \/>\nhallamos un lenguaje compartido.<\/p>\n<h4 style=\"padding-left: 40px;\">UNA NOCHE<\/h4>\n<p style=\"padding-left: 40px;\">Cuando te hablo palabras de amor,<br \/>\nsusurro tu nombre y anuncio a tu o\u00eddo<br \/>\nmientras lo acaricio, que&#8230;<\/p>\n<p style=\"padding-left: 40px;\">Decir que es de noche,<br \/>\nque estamos solos<br \/>\ny que nuestros cuerpos tiemblan,<br \/>\nes caer en alturas desmedidas,<br \/>\nen fiebre de libertad.<\/p>\n<p style=\"padding-left: 40px;\">Decir que busco las rimas en tu dulce piel,<br \/>\nque con destreza me desplazo<br \/>\ny en tu aroma me embriago,<br \/>\nes decir que me entrego entera<br \/>\ny me estremezco de placer.<\/p>\n<p style=\"padding-left: 40px;\">Estar sin t\u00ed no quiero,<br \/>\nni de nuestro lenguaje<br \/>\nni fuera del bello manto de Dios.<\/p>\n<p style=\"padding-left: 40px;\">Lugar de exilio hall\u00e9 en tu senda<br \/>\nporque mi abrigo eres.<br \/>\nDibujo tu presencia con mi canto<br \/>\nporque presa a ambos estoy.<\/p>\n<h4 style=\"padding-left: 40px;\">NO ENCONTR\u00c9 ALGUIEN COMO T\u00da<\/h4>\n<p style=\"padding-left: 40px;\">Rompes con la f\u00edsica,<br \/>\ncon el espacio,<br \/>\ncon el mismo tiempo que no existe.<\/p>\n<p style=\"padding-left: 40px;\">Trasciendes mi vida y es en vano la distancia que nos aleja.<\/p>\n<p style=\"padding-left: 40px;\">Enredado en mi alma est\u00e1s;<br \/>\nme deleito en tu fragancia mi dulce amor,<br \/>\nmas al cantar,<br \/>\nal re\u00edr,<br \/>\nal so\u00f1ar,<br \/>\nal hacerte un verso que no ser\u00e1,<br \/>\nme entrego a t\u00ed mi ruise\u00f1or.<\/p>\n<p style=\"padding-left: 40px;\">Desde el momento en que despert\u00e9 pensando en conocerte,<br \/>\nen ahondar como un ni\u00f1o en su suave lecho,<br \/>\nsigo tejiendo recuerdos como lo hago ahora con tus besos,<br \/>\ncon las caricias que bordo en mi piel,<br \/>\nen nuestro deseo,<br \/>\nen mi sombra.<\/p>\n<p style=\"padding-left: 40px;\">Me envuelves en tus brazos,<br \/>\nen la maravilla de tu mirada,<br \/>\nen el frescor de tu sonrisa,<br \/>\na veces maliciosa,<br \/>\na veces lo contrario.<\/p>\n<p style=\"padding-left: 40px;\">Los senderos que os conducir\u00e1n,<br \/>\nno van lejos y esperan encontrarnos<br \/>\n\u00bfIr\u00e9is?<\/p>\n<p style=\"padding-left: 40px;\">Los latidos de mi coraz\u00f3n no cesar\u00e1n,<br \/>\nte seguir\u00e1n hasta el final del camino.<\/p>\n<p><em>Andrea Cabrera Gonz\u00e1lez (Cali, Colombia, 1985). Estudi\u00f3 4 semestres de sociolog\u00eda en la Universidad del Valle, donde comenz\u00f3 a escribir y este amor a las letras la llevaron a estudiar Licenciatura en Literatura en la misma universidad. Su tesis se centr\u00f3 en la adaptaci\u00f3n cinematogr\u00e1fica del cuento \u201cEra un bal\u00f3n n\u00famero cinco \u201c, del escritor bugue\u00f1o Harold Kremer. Entre el 2012 al 2015 vivi\u00f3 en M\u00e9xico, donde ejerci\u00f3 como docente de un colegio jud\u00edo ortodoxo. Actualmente cuenta con una s\u00f3lida trayectoria de 18 a\u00f1os en la docencia y reside en la ciudad de Cali.<\/em><\/p>\n<figure id=\"attachment_8570\" aria-describedby=\"caption-attachment-8570\" style=\"width: 718px\" class=\"wp-caption aligncenter\"><img loading=\"lazy\" decoding=\"async\" class=\"size-full wp-image-8570\" src=\"https:\/\/tiberiades.org\/wp-content\/uploads\/2024\/02\/3-Jose-Montoya-Alfredo-Perez-Alencart-y-Andrea-Cabrera.jpeg\" alt=\"\" width=\"718\" height=\"392\" srcset=\"https:\/\/tiberiades.org\/wp-content\/uploads\/2024\/02\/3-Jose-Montoya-Alfredo-Perez-Alencart-y-Andrea-Cabrera.jpeg 718w, https:\/\/tiberiades.org\/wp-content\/uploads\/2024\/02\/3-Jose-Montoya-Alfredo-Perez-Alencart-y-Andrea-Cabrera-300x164.jpeg 300w\" sizes=\"auto, (max-width: 718px) 100vw, 718px\" \/><figcaption id=\"caption-attachment-8570\" class=\"wp-caption-text\">Jos\u00e9 Montoya, Alfredo P\u00e9rez Alencart y Andrea Cabrera<\/figcaption><\/figure>\n<p><em>\u00a0<\/em><\/p>\n","protected":false},"excerpt":{"rendered":"<p>Desde Tiber\u00edades les dejamos conocer ocho poemas in\u00e9ditos de la colombiana Andrea Cabrera. Aunque ella no se considera poeta, lo cierto es la viene acompa\u00f1ando desde su juventud. Los seis poemas de la segunda parte fueron escritos a los diecinueve a\u00f1os, y son los que pudo rescatar porque estaban en su correo. Sus cuadernos de poemas y canciones fueron destruidos [&hellip;]<\/p>\n","protected":false},"author":2,"featured_media":8571,"comment_status":"open","ping_status":"closed","sticky":false,"template":"","format":"standard","meta":{"footnotes":""},"categories":[19],"tags":[833],"class_list":["post-8572","post","type-post","status-publish","format-standard","has-post-thumbnail","hentry","category-poemas-de","tag-andrea-cabrera"],"_links":{"self":[{"href":"https:\/\/tiberiades.org\/index.php?rest_route=\/wp\/v2\/posts\/8572","targetHints":{"allow":["GET"]}}],"collection":[{"href":"https:\/\/tiberiades.org\/index.php?rest_route=\/wp\/v2\/posts"}],"about":[{"href":"https:\/\/tiberiades.org\/index.php?rest_route=\/wp\/v2\/types\/post"}],"author":[{"embeddable":true,"href":"https:\/\/tiberiades.org\/index.php?rest_route=\/wp\/v2\/users\/2"}],"replies":[{"embeddable":true,"href":"https:\/\/tiberiades.org\/index.php?rest_route=%2Fwp%2Fv2%2Fcomments&post=8572"}],"version-history":[{"count":4,"href":"https:\/\/tiberiades.org\/index.php?rest_route=\/wp\/v2\/posts\/8572\/revisions"}],"predecessor-version":[{"id":8576,"href":"https:\/\/tiberiades.org\/index.php?rest_route=\/wp\/v2\/posts\/8572\/revisions\/8576"}],"wp:featuredmedia":[{"embeddable":true,"href":"https:\/\/tiberiades.org\/index.php?rest_route=\/wp\/v2\/media\/8571"}],"wp:attachment":[{"href":"https:\/\/tiberiades.org\/index.php?rest_route=%2Fwp%2Fv2%2Fmedia&parent=8572"}],"wp:term":[{"taxonomy":"category","embeddable":true,"href":"https:\/\/tiberiades.org\/index.php?rest_route=%2Fwp%2Fv2%2Fcategories&post=8572"},{"taxonomy":"post_tag","embeddable":true,"href":"https:\/\/tiberiades.org\/index.php?rest_route=%2Fwp%2Fv2%2Ftags&post=8572"}],"curies":[{"name":"wp","href":"https:\/\/api.w.org\/{rel}","templated":true}]}}