{"id":8624,"date":"2024-03-09T10:04:59","date_gmt":"2024-03-09T09:04:59","guid":{"rendered":"https:\/\/tiberiades.org\/?p=8624"},"modified":"2024-03-09T10:11:40","modified_gmt":"2024-03-09T09:11:40","slug":"harold-alva-el-angel-del-misterio-y-otros-poemas-del-libro-ejercicios-de-escritura","status":"publish","type":"post","link":"https:\/\/tiberiades.org\/?p=8624","title":{"rendered":"Harold Alva: \u2018El \u00e1ngel del misterio\u2019 y otros poemas del libro \u201cEjercicios de Escritura\u201d"},"content":{"rendered":"<p><em>Tiber\u00edades agradece al poeta peruano Harold Alva Viale, por permitirnos difundir ocho poemas de su m\u00e1s reciente libro, \u201cEjercicios de Escritura\u201d (Editorial Summa, Lima, 2024), el mismo que ser\u00e1 presentado a mediados de abril en Feria Internacional del Libro que organiza la Universidad Ju\u00e1rez Aut\u00f3noma de Tabasco (M\u00e9xico). La selecci\u00f3n ha sido hecha por el poeta Alfredo P\u00e9rez Alencart<\/em><\/p>\n<h4 style=\"padding-left: 40px;\">EL \u00c1NGEL DEL MISTERIO<\/h4>\n<p style=\"padding-left: 40px;\">Morir deber\u00eda ser un acto de dignidad<br \/>\nun mensaje de rebeli\u00f3n<br \/>\ncontra los p\u00e1jaros de esta \u00e9poca terrible:<br \/>\nuna ceremonia de relevo donde la voz<br \/>\ndeber\u00eda alcanzarnos para dejar la posta,<br \/>\nla cuenta regresiva.<\/p>\n<p style=\"padding-left: 40px;\">Mi madre sabe que no tiene tiempo<br \/>\npara esa sucesi\u00f3n,<br \/>\npor eso no deja de mirar el techo<br \/>\ncomo si haci\u00e9ndolo aparecer\u00e1 un \u00e1ngel<br \/>\npara reconstruir su voz.<\/p>\n<p style=\"padding-left: 40px;\">Se pasa horas dibujando contra el raso,<br \/>\ncontra las grietas que se abren como ara\u00f1as;<br \/>\nme toca entonces el pu\u00f1al del odio,<br \/>\nlos perros de la ansiedad,<br \/>\nlas hienas de la desesperaci\u00f3n,<br \/>\nlos murci\u00e9lagos de la ira,<br \/>\nlas serpientes del resentimiento,<br \/>\nla noche mortal que rompe mi conducta,<br \/>\npero mi madre me protege,<br \/>\naprieta mi mano,<br \/>\nen su inconsciencia sonr\u00ede<br \/>\ncomo cuando ten\u00eda diez a\u00f1os;<br \/>\nvuelve a mirar el techo,<br \/>\npregunta por el \u00e1ngel del misterio.<\/p>\n<h4 style=\"padding-left: 40px;\">LLUVIA<\/h4>\n<p style=\"padding-left: 40px;\">Llueve en esta ciudad<br \/>\ny es como si un muerto hablara<br \/>\nde la tierra que me cobij\u00f3 en la infancia,<br \/>\nel viejo molino en cuyas h\u00e9lices<br \/>\nlos p\u00e1jaros sorteaban el rayo<br \/>\ny la velocidad de los rel\u00e1mpagos,<br \/>\nmi padre al filo de la carretera<br \/>\ncon los brazos abiertos,<br \/>\nel coraz\u00f3n en sus manos, abierto,<br \/>\ncuid\u00e1ndonos del agua.<\/p>\n<p style=\"padding-left: 40px;\">Hay una silueta entre los \u00e1rboles<br \/>\na quien no toca la lluvia,<br \/>\nuna imagen con la forma de mi perfil,<br \/>\nuna r\u00e9plica de la noche,<br \/>\nlos goterones de la ma\u00f1ana<br \/>\nsalpic\u00e1ndole al silencio<br \/>\nel resplandor de una palabra,<br \/>\nla sintaxis de una aliteraci\u00f3n<br \/>\ngolpeando mi voluntad,<br \/>\nsus manos aferr\u00e1ndose<br \/>\nal brillo puntual de las torcazas.<\/p>\n<p style=\"padding-left: 40px;\">Llueve sobre la catedral,<br \/>\nllueve sobre sus c\u00fapulas de g\u00e1rgolas,<br \/>\nllueve sobre los charcos donde salta<br \/>\nla liebre del d\u00eda<br \/>\ncon su color de estatua;<br \/>\nllueve aqu\u00ed: adentro,<br \/>\ny no s\u00e9 c\u00f3mo evitar<br \/>\nla ceremonia<br \/>\nde los duendes y las hadas,<br \/>\nlas regresiones como un flashback<br \/>\nperturb\u00e1ndome en la fragua.<\/p>\n<h4 style=\"padding-left: 40px;\">PATRIA<\/h4>\n<p style=\"padding-left: 40px;\">Cada vez que intento<br \/>\ncapturar una palabra,<br \/>\nlos verbos se detienen<br \/>\ncomo si acaso la vida<br \/>\nme exige un r\u00edo<br \/>\nque nazca de otra tierra.<\/p>\n<p style=\"padding-left: 40px;\">Por eso retorno las manos<br \/>\nal v\u00e9rtigo de esta ciudad,<br \/>\na sus edificios<br \/>\ninclin\u00e1ndose al asombro,<br \/>\na la v\u00eda expresa,<br \/>\na sus troncales donde levita<br \/>\nla velocidad del d\u00eda,<br \/>\nsus trenes<br \/>\ncon la determinaci\u00f3n de reinterpretar<br \/>\nel drama demogr\u00e1fico<br \/>\nque muerde nuestras vidas.<\/p>\n<p style=\"padding-left: 40px;\">Pero insisto porque el agua<br \/>\npermanece est\u00e1tica en su espalda,<br \/>\nen su clav\u00edcula que atrapa<br \/>\nel movimiento y la nostalgia,<br \/>\nla silueta de un c\u00f3ndor<br \/>\nque vuela hacia nosotros<br \/>\ndibuj\u00e1ndonos la patria.<\/p>\n<figure id=\"attachment_8623\" aria-describedby=\"caption-attachment-8623\" style=\"width: 993px\" class=\"wp-caption aligncenter\"><img loading=\"lazy\" decoding=\"async\" class=\"size-full wp-image-8623\" src=\"https:\/\/tiberiades.org\/wp-content\/uploads\/2024\/03\/2-Harold-Alva-leyendo-en-el-Teatro-Liceo-de-Salamanca.jpg\" alt=\"\" width=\"993\" height=\"582\" srcset=\"https:\/\/tiberiades.org\/wp-content\/uploads\/2024\/03\/2-Harold-Alva-leyendo-en-el-Teatro-Liceo-de-Salamanca.jpg 993w, https:\/\/tiberiades.org\/wp-content\/uploads\/2024\/03\/2-Harold-Alva-leyendo-en-el-Teatro-Liceo-de-Salamanca-300x176.jpg 300w, https:\/\/tiberiades.org\/wp-content\/uploads\/2024\/03\/2-Harold-Alva-leyendo-en-el-Teatro-Liceo-de-Salamanca-768x450.jpg 768w\" sizes=\"auto, (max-width: 993px) 100vw, 993px\" \/><figcaption id=\"caption-attachment-8623\" class=\"wp-caption-text\">Harold Alva leyendo en el Teatro Liceo de Salamanca<\/figcaption><\/figure>\n<h4 style=\"padding-left: 40px;\">ESTRATEGIA MATERNA<\/h4>\n<p style=\"padding-left: 40px;\">Mam\u00e1 tocaba el mundo con su risa,<br \/>\nera su forma de abordarlo,<br \/>\nde ponerlo en nuestras manos<br \/>\ncon la convicci\u00f3n de un \u00e1ngel<br \/>\nque sab\u00eda del rel\u00e1mpago,<br \/>\npor eso nos eleg\u00eda el agua,<br \/>\nla transparencia del ox\u00edgeno,<br \/>\nla utop\u00eda de un zorzal<br \/>\nque, aunque desplum\u00e1ndose,<br \/>\ntrinaba al universo<br \/>\nla melod\u00eda m\u00e1s bella del planeta.<\/p>\n<p style=\"padding-left: 40px;\">Qu\u00e9 era entonces el desasosiego,<br \/>\nla hojarasca atenta<br \/>\na la vejez de los helechos,<br \/>\nqui\u00e9n el intr\u00e9pido fantasma<br \/>\nsi, con ella, no hab\u00eda casa<br \/>\nni zagu\u00e1n deshabitado.<\/p>\n<p style=\"padding-left: 40px;\">Mam\u00e1 poblaba el mundo con su risa:<br \/>\nera su forma de salvarlo.<\/p>\n<h4 style=\"padding-left: 40px;\">REGRESI\u00d3N DE WILLIAM TURNER<\/h4>\n<p style=\"padding-left: 40px;\">Conozco<br \/>\nla naturaleza del invierno,<br \/>\nsus ojos imp\u00e1vidos<br \/>\nal acecho de una imagen<br \/>\nextravi\u00e1ndose<br \/>\nen sus historias de aparecidos,<br \/>\nla calle es un inquieto roedor<br \/>\nque marca el filo de las cebras,<br \/>\nel mensaje de un n\u00e1ufrago<br \/>\nque amarra sus brazos<br \/>\na los brazos de una ola.<\/p>\n<p style=\"padding-left: 40px;\">Conozco la ra\u00edz,<br \/>\nel tif\u00f3n que arrasa<br \/>\nlos m\u00fasculos del d\u00eda;<br \/>\nen sus bandas<br \/>\ngiran \u00e1rboles y tejas:<br \/>\nun hombre<br \/>\nmordi\u00e9ndose las v\u00e9rtebras,<br \/>\ncomo quien escribe<br \/>\nel nombre de sus v\u00edctimas.<\/p>\n<h4 style=\"padding-left: 40px;\">UNA MUJER DESNUDA<\/h4>\n<p style=\"padding-left: 40px;\">Una mujer cierra los ojos,<br \/>\ntoca sus hombros,<br \/>\nlo mira desde adentro<br \/>\ny reconoce<br \/>\nque ella es ella<br \/>\ncuando apaga el cielo<br \/>\npara verlo.<\/p>\n<p style=\"padding-left: 40px;\">Una mujer desnuda<br \/>\nfrente a un hombre,<br \/>\nya no se interroga<br \/>\nsi la noche<br \/>\nes la tarde que cae<br \/>\nsobre su miedo:<br \/>\nlo toca con su boca<br \/>\ny permanece inclinada<br \/>\ncomo quien sostiene<br \/>\nla calle con su sombra.<\/p>\n<h4 style=\"padding-left: 40px;\">BAJO SOSPECHA<\/h4>\n<p style=\"padding-left: 40px;\">Este hombre es un cuervo que aletea,<br \/>\nun grajo que olvid\u00f3 sus osamentas:<br \/>\nl\u00e1piz y papel son las vestimentas<br \/>\nque protegen su voz de la marea.<\/p>\n<p style=\"padding-left: 40px;\">En vano el fr\u00edo intenta guarecerlo,<br \/>\nsu trino es la estridencia de la noche,<br \/>\nesa luna que a\u00fan en su reproche<br \/>\nse distancia de todo para verlo.<\/p>\n<p style=\"padding-left: 40px;\">Noct\u00e1mbulo desde su rama acecha<br \/>\nla vida de los duendes que mortales<br \/>\nlo vigilan tambi\u00e9n bajo sospecha.<\/p>\n<p style=\"padding-left: 40px;\">El cuervo de mi vida en los cristales<br \/>\nescribe una sombra y se pertrecha:<br \/>\noculta su spleen de los metales.<\/p>\n<h4 style=\"padding-left: 40px;\">EJERCICIOS DE ESCRITURA<\/h4>\n<p style=\"padding-left: 40px;\">Escribo un poema,<br \/>\nlo pateo<br \/>\ncon la t\u00fanica que cubre la ma\u00f1ana,<br \/>\nescribo un poema<br \/>\nsobre la inseguridad de sus figuras,<br \/>\nde sus recursos idiom\u00e1ticos<br \/>\na los que acudo<br \/>\ncuando los ojos se quedan mudos<br \/>\ny la tristeza<br \/>\ntiene el nombre de una calle.<\/p>\n<p style=\"padding-left: 40px;\">Escribo un poema y lo grabo,<br \/>\nlo publico en los \u00e1rboles<br \/>\ncon la seguridad de un hacha<br \/>\nque muerde los tallos para hablarle.<\/p>\n<p style=\"padding-left: 40px;\">Escribo un poema y se sienta,<br \/>\no se pone de pie frente a la soledad<br \/>\no frente al agua;<br \/>\ncapturo la combinaci\u00f3n<br \/>\nde sus met\u00e1foras,<br \/>\nla an\u00e1fora con la que sol\u00eda repetir<br \/>\nla mancha de mi coraz\u00f3n:<br \/>\nsu bosque sembrado de nostalgia.<\/p>\n<p><em>Harold Alva (Piura, Per\u00fa, 1978). Escritor y analista pol\u00edtico. Fundador del Festival Internacional Primavera Po\u00e9tica, del suplemento ContraPoder que publica con el Diario Expreso, de Editorial Summa y de Estaci\u00f3n Central Producciones. Entre su obra destaca \u201cMorada &amp; Sombras\u201d (1998), \u201cLibro de Tierra\u201d (2000), \u201cSotto Voce\u201d (Fondo Editorial de la Universidad Inca Garcilaso de la Vega, 2003), \u201cLima\u201d (La cuarta edici\u00f3n fue publicada por la Municipalidad de Lima en un tiraje de diez mil ejemplares), \u201cLa \u00e9pica del desastre\u201d (Valpara\u00edso Ediciones, Espa\u00f1a, 2021), \u201cA tiempo completo\u201d (Universidad Nacional del Altiplano, Puno, Per\u00fa, 2021), \u201cTocado por la lluvia\u201d (Publicado por El Suri Porfiado, Argentina; Valpara\u00edso Ediciones, Espa\u00f1a; Mago Editores, Chile, y Editorial Summa, Per\u00fa, 2022), la antolog\u00eda de poes\u00eda iberoamericana \u201c La Primera L\u00ednea\u201d, publicada en coedici\u00f3n con el Ministerio de Cultura del Per\u00fa, entre otros libros. Ha participado en ferias internacionales y festivales de poes\u00eda en Chile, Argentina, Ecuador, Colombia, EEUU, Espa\u00f1a y Portugal. Fue director cultural de la C\u00e1mara Peruana del Libro, conductor y productor de radio y televisi\u00f3n, candidato a la alcald\u00eda de Lima (2017) y al Congreso de la Rep\u00fablica (2020). El 2021 el Ayuntamiento de Salamanca (Espa\u00f1a) lo reconoci\u00f3 como Hu\u00e9sped Distinguido. Actualmente preside la Fundaci\u00f3n Iberoamericana para las Artes.<\/em><\/p>\n<figure id=\"attachment_8621\" aria-describedby=\"caption-attachment-8621\" style=\"width: 640px\" class=\"wp-caption aligncenter\"><img loading=\"lazy\" decoding=\"async\" class=\"size-large wp-image-8621\" src=\"https:\/\/tiberiades.org\/wp-content\/uploads\/2024\/03\/3-Hector-Naupari-Harold-Alva-y-Alfredo-Perez-Alencart-en-Salamanca-1024x769.jpg\" alt=\"\" width=\"640\" height=\"481\" srcset=\"https:\/\/tiberiades.org\/wp-content\/uploads\/2024\/03\/3-Hector-Naupari-Harold-Alva-y-Alfredo-Perez-Alencart-en-Salamanca-1024x769.jpg 1024w, https:\/\/tiberiades.org\/wp-content\/uploads\/2024\/03\/3-Hector-Naupari-Harold-Alva-y-Alfredo-Perez-Alencart-en-Salamanca-300x225.jpg 300w, https:\/\/tiberiades.org\/wp-content\/uploads\/2024\/03\/3-Hector-Naupari-Harold-Alva-y-Alfredo-Perez-Alencart-en-Salamanca-768x577.jpg 768w, https:\/\/tiberiades.org\/wp-content\/uploads\/2024\/03\/3-Hector-Naupari-Harold-Alva-y-Alfredo-Perez-Alencart-en-Salamanca.jpg 1440w\" sizes=\"auto, (max-width: 640px) 100vw, 640px\" \/><figcaption id=\"caption-attachment-8621\" class=\"wp-caption-text\">H\u00e9ctor Naupari, Harold Alva y Alfredo P\u00e9rez Alencart, en Salamanca<\/figcaption><\/figure>\n","protected":false},"excerpt":{"rendered":"<p>Tiber\u00edades agradece al poeta peruano Harold Alva Viale, por permitirnos difundir ocho poemas de su m\u00e1s reciente libro, \u201cEjercicios de Escritura\u201d (Editorial Summa, Lima, 2024), el mismo que ser\u00e1 presentado a mediados de abril en Feria Internacional del Libro que organiza la Universidad Ju\u00e1rez Aut\u00f3noma de Tabasco (M\u00e9xico). La selecci\u00f3n ha sido hecha por el poeta Alfredo P\u00e9rez Alencart EL [&hellip;]<\/p>\n","protected":false},"author":2,"featured_media":8627,"comment_status":"open","ping_status":"closed","sticky":false,"template":"","format":"standard","meta":{"footnotes":""},"categories":[19],"tags":[659],"class_list":["post-8624","post","type-post","status-publish","format-standard","has-post-thumbnail","hentry","category-poemas-de","tag-harold-alva"],"_links":{"self":[{"href":"https:\/\/tiberiades.org\/index.php?rest_route=\/wp\/v2\/posts\/8624","targetHints":{"allow":["GET"]}}],"collection":[{"href":"https:\/\/tiberiades.org\/index.php?rest_route=\/wp\/v2\/posts"}],"about":[{"href":"https:\/\/tiberiades.org\/index.php?rest_route=\/wp\/v2\/types\/post"}],"author":[{"embeddable":true,"href":"https:\/\/tiberiades.org\/index.php?rest_route=\/wp\/v2\/users\/2"}],"replies":[{"embeddable":true,"href":"https:\/\/tiberiades.org\/index.php?rest_route=%2Fwp%2Fv2%2Fcomments&post=8624"}],"version-history":[{"count":2,"href":"https:\/\/tiberiades.org\/index.php?rest_route=\/wp\/v2\/posts\/8624\/revisions"}],"predecessor-version":[{"id":8626,"href":"https:\/\/tiberiades.org\/index.php?rest_route=\/wp\/v2\/posts\/8624\/revisions\/8626"}],"wp:featuredmedia":[{"embeddable":true,"href":"https:\/\/tiberiades.org\/index.php?rest_route=\/wp\/v2\/media\/8627"}],"wp:attachment":[{"href":"https:\/\/tiberiades.org\/index.php?rest_route=%2Fwp%2Fv2%2Fmedia&parent=8624"}],"wp:term":[{"taxonomy":"category","embeddable":true,"href":"https:\/\/tiberiades.org\/index.php?rest_route=%2Fwp%2Fv2%2Fcategories&post=8624"},{"taxonomy":"post_tag","embeddable":true,"href":"https:\/\/tiberiades.org\/index.php?rest_route=%2Fwp%2Fv2%2Ftags&post=8624"}],"curies":[{"name":"wp","href":"https:\/\/api.w.org\/{rel}","templated":true}]}}