{"id":9399,"date":"2024-12-23T17:29:33","date_gmt":"2024-12-23T16:29:33","guid":{"rendered":"https:\/\/tiberiades.org\/?p=9399"},"modified":"2024-12-30T14:12:17","modified_gmt":"2024-12-30T13:12:17","slug":"alfredo-perez-alencart-descreo-de-ritualismos-efervescentes-por-el-amado-galileo-el-poeta-mayor-del-reino-entrevista-de-raul-mata","status":"publish","type":"post","link":"https:\/\/tiberiades.org\/?p=9399","title":{"rendered":"\u201cDescreo de ritualismos efervescentes por el Amado galileo, el Poeta mayor del Reino\u201d, entrevista de Ra\u00fal Mata"},"content":{"rendered":"<p>&nbsp;<\/p>\n<p><em>Tiberiades se complace en difundir esta entrevista realizada por Ra\u00fal Mata, publicada inicialmente en La Raz\u00f3n, edici\u00f3n de Castilla y Le\u00f3n<\/em>.<\/p>\n<h3>\u201cDESCREO DE RITUALISMOS EFERVESCENTES POR EL AMADO GALILEO, EL POETA MAYOR DEL REINO\u201d<\/h3>\n<p>&nbsp;<\/p>\n<p>Cuando en Espa\u00f1a pocos poetas relevantes escrib\u00edan y publicaban poemas o libros dedicados a Cristo, P\u00e9rez Alencart se \u2018atrev\u00eda\u2019 a ello, ofreciendo \u2018Cristo del Alma\u2019, aparecido bajo el sello de la editorial madrile\u00f1a Verbum. Ahora cuenta con \u201cAl encontrarme con tus palabras\u201d, volumen publicado en Estados Unidos por Independently Poetry, el cual re\u00fane cuatro libros de inspiraci\u00f3n cristiana publicados por Alencart entre 2009 y 2019<\/p>\n<h4>\u00bfNunca temi\u00f3 \u201crepresalias\u201d de ciertos c\u00edrculos literarios manifiestamente contrarios a estas manifestaciones de fe cristiana vertidas en sus versos?<\/h4>\n<p>El compendio intemporal y universal de mejor Poes\u00eda (con may\u00fasculas) est\u00e1 contenida en la Biblia y todo creyente que escriba versos que contengan Poes\u00eda, deber\u00eda tratar de aprender de estos profetas-poetas. Que si gustan de la poes\u00eda er\u00f3tica y amatoria, ah\u00ed est\u00e1 el sublime Cantar de los Cantares; que s\u00ed solo prefieren la poes\u00eda l\u00edrica, entren en los Salmos del rey-poeta David y dem\u00e1s compa\u00f1\u00eda; que si les interesa la poes\u00eda afor\u00edstica, emp\u00e1pense de Eclesiast\u00e9s; que si les interesa la poes\u00eda dram\u00e1tica, ah\u00ed tienen el Libro de Job; que si les gusta la poes\u00eda social, no hay mejores poetas que clamen contra las injusticias como los profetas, ll\u00e1mense Jes\u00fas, Am\u00f3s, Jerem\u00edas, Isa\u00edas\u2026<\/p>\n<p>Por todo ello, entonces no solo me resultaba irrelevante cualquier tipo de ostracismo o veto, sino que me sent\u00eda orgulloso de formar parte, aunque sea como un endeble eslab\u00f3n, de ese linaje po\u00e9tico. Ahora bien, en Poes\u00eda lo que debe importar de verdad es el voltaje po\u00e9tico con el que se dota a los versos, y no el tema. Hasta aquellos que, en p\u00fablico o en privado, denostan y\/o pretenden degradar a la poes\u00eda cristiana a lo \u00faltimo del escalaf\u00f3n, se vuelven mansos, genuflexos o extasiados cuando se trata de San Juan de la Cruz, por ejemplo.<\/p>\n<p>Con esto quiero decirle que yo siempre he tratado a contracorriente. En 2007 publiqu\u00e9 \u2018Hombres trabajando\u2019, todo un libro de poes\u00eda social, la cual tambi\u00e9n ha estado \u2018estigmatizada\u2019 desde hace varias d\u00e9cadas. No me import\u00f3. Al a\u00f1o siguiente comenz\u00f3 la crisis y ese librito, que hab\u00eda pasado sin pena ni gloria en tiempos de aparente opulencia, tuvo muchos ojos que se acercaron con otra perspectiva. Una de las citas iniciales de dicho poemario viene, precisamente, de los Evangelios: \u201cHe aqu\u00ed, clama el jornal de los obreros\/ que han cosechado vuestras tierras, el cual por enga\u00f1o no les ha sido\/ pagado por vosotros\u201d. Lo puse partiendo la prosa, como si fueran versos, y es de la Ep\u00edstola de Santiago, el hermano de Jes\u00fas.<\/p>\n<h4>\u00bfCree usted que hay poetas muy influenciados en los poetas b\u00edblicos, aunque nunca citen sus fuentes?<\/h4>\n<p>Efectivamente, lo parad\u00f3jico es que muchos poetas ajenos al cristianismo s\u00ed han bebido de las fuentes po\u00e9ticas de la Biblia, saque\u00e1ndolas sin pudor, sin citarlas, a trav\u00e9s de glosas evidentes para quienes conocemos los textos. En el p\u00f3rtico de esta poes\u00eda reunida recuerdo lo escrito por Le\u00f3n Felipe: \u201cMe gusta desmoronar esas costras que han ido poniendo en los poemas b\u00edblicos la rutina milenaria y la ex\u00e9gesis ortodoxa de los pulpitos para que las esencias divinas y eternas se muevan otra vez con libertad. Despu\u00e9s de todo, digo otra vez que estoy en mi casa. El poeta, al volver a la Biblia, no hace m\u00e1s que regresar a su antigua palabra\u2026\u201d.<\/p>\n<h4>En esa nota suya que antecede a los libros, tambi\u00e9n leo que estos libros son ofrendas que hace al Amado galileo. \u00bfPodr\u00eda ampliarnos sobre este tributo?<\/h4>\n<p>Jes\u00fas es el Poema encarnado, el Poema m\u00e1s perfecto de Dios. En tal sentido, descreo de ritualismos efervescentes por el Amado galileo, el Poeta mayor del Reino. En el poema \u2018Mi verdad\u2019, el primero de \u2018Hombres trabajando\u2019, puse una cita suya: \u201cBienaventurados los que padecen\/ persecuci\u00f3n por causa de justicia\u201d. Jes\u00fas nutre dos fes que me vivifican: la fe po\u00e9tica y la fe cristiana, ambas pre\u00f1adas del revolucionario Evangelio y de esas Palabras de irradiaci\u00f3n fecunda que transcribieron los profetas.<\/p>\n<h4>\u00bfQu\u00e9 libros suyos se re\u00fanen en \u201cAl encontrarme con tus palabras\u201d?<\/h4>\n<p>Agradezco al poeta y editor Luis Cruz-Villalobos, quien me insisti\u00f3 en reunir mis cuatro libros con anclaje cristiano. En este volumen editado en Waco (Texas), est\u00e1n \u2018Cristo del Alma\u2019 (2009), \u2018Prontuario de Infinito\u2019 (2012); \u2018Hasta que \u00c9l vuelva\u2019 (2014) y \u2018Barro del Para\u00edso\u2019 (2019). El t\u00edtulo viene de un verso del poeta-profeta Jerem\u00edas: \u201cAl encontrarme con tus Palabras, yo las devor\u00e9\u201d.<\/p>\n","protected":false},"excerpt":{"rendered":"<p>&nbsp; Tiberiades se complace en difundir esta entrevista realizada por Ra\u00fal Mata, publicada inicialmente en La Raz\u00f3n, edici\u00f3n de Castilla y Le\u00f3n. \u201cDESCREO DE RITUALISMOS EFERVESCENTES POR EL AMADO GALILEO, EL POETA MAYOR DEL REINO\u201d &nbsp; Cuando en Espa\u00f1a pocos poetas relevantes escrib\u00edan y publicaban poemas o libros dedicados a Cristo, P\u00e9rez Alencart se \u2018atrev\u00eda\u2019 a ello, ofreciendo \u2018Cristo del [&hellip;]<\/p>\n","protected":false},"author":2,"featured_media":9400,"comment_status":"open","ping_status":"closed","sticky":false,"template":"","format":"standard","meta":{"footnotes":""},"categories":[4],"tags":[148],"class_list":["post-9399","post","type-post","status-publish","format-standard","has-post-thumbnail","hentry","category-alfredo-perez-alencart","tag-alfredo-perez-alencart"],"_links":{"self":[{"href":"https:\/\/tiberiades.org\/index.php?rest_route=\/wp\/v2\/posts\/9399","targetHints":{"allow":["GET"]}}],"collection":[{"href":"https:\/\/tiberiades.org\/index.php?rest_route=\/wp\/v2\/posts"}],"about":[{"href":"https:\/\/tiberiades.org\/index.php?rest_route=\/wp\/v2\/types\/post"}],"author":[{"embeddable":true,"href":"https:\/\/tiberiades.org\/index.php?rest_route=\/wp\/v2\/users\/2"}],"replies":[{"embeddable":true,"href":"https:\/\/tiberiades.org\/index.php?rest_route=%2Fwp%2Fv2%2Fcomments&post=9399"}],"version-history":[{"count":2,"href":"https:\/\/tiberiades.org\/index.php?rest_route=\/wp\/v2\/posts\/9399\/revisions"}],"predecessor-version":[{"id":9409,"href":"https:\/\/tiberiades.org\/index.php?rest_route=\/wp\/v2\/posts\/9399\/revisions\/9409"}],"wp:featuredmedia":[{"embeddable":true,"href":"https:\/\/tiberiades.org\/index.php?rest_route=\/wp\/v2\/media\/9400"}],"wp:attachment":[{"href":"https:\/\/tiberiades.org\/index.php?rest_route=%2Fwp%2Fv2%2Fmedia&parent=9399"}],"wp:term":[{"taxonomy":"category","embeddable":true,"href":"https:\/\/tiberiades.org\/index.php?rest_route=%2Fwp%2Fv2%2Fcategories&post=9399"},{"taxonomy":"post_tag","embeddable":true,"href":"https:\/\/tiberiades.org\/index.php?rest_route=%2Fwp%2Fv2%2Ftags&post=9399"}],"curies":[{"name":"wp","href":"https:\/\/api.w.org\/{rel}","templated":true}]}}